{"id":85436,"date":"2019-03-05T01:13:59","date_gmt":"2019-03-05T04:13:59","guid":{"rendered":"http:\/\/www.elsindical.com.ar\/notas\/?p=85436"},"modified":"2019-03-05T01:20:02","modified_gmt":"2019-03-05T04:20:02","slug":"maria-cecilia-rodriguez-citada-a-declarar-por-espionaje-a-nisman-y-familia","status":"publish","type":"post","link":"https:\/\/www.elsindical.com.ar\/notas\/maria-cecilia-rodriguez-citada-a-declarar-por-espionaje-a-nisman-y-familia\/","title":{"rendered":"Mar\u00eda Cecilia Rodr\u00edguez, citada a declarar por espionaje a Nisman y familia"},"content":{"rendered":"\n<figure class=\"wp-block-image\"><img decoding=\"async\" src=\"http:\/\/www.elsindical.com.ar\/notas\/var\/www\/html\/notas\/wp-content\/uploads\/2019\/03\/Mar\u00eda-Cecilia-Rodr\u00edguez-y-Jorge-Ferraresi.jpg\" alt=\"\" class=\"wp-image-85437\"\/><\/figure>\n\n\n\n<p class=\"wp-block-paragraph\">   La ex ministro de seguridad de la Naci\u00f3n Mar\u00eda Cecilia Rodr\u00edguez fue citada a declarar en una de las causas que se desprendieron luego de la muerte del Fiscal Alberto Nisman, por espionaje a \u00e9l y su familia.<\/p>\n\n\n\n<p class=\"wp-block-paragraph\">En lo que el diario Clar\u00edn llama \u00abLa Carpeta Blanca\u00bb, el Fiscal federal Eduardo Taiano,  cito a declarar para el pr\u00f3ximo jueves 7 de marzo a la actual secretaria de seguridad del municipio de Avellaneda, quien podr\u00eda ser imputada y se ver\u00e1 la medida que adopta el Juez Federal Juli\u00e1n Ercolini quien lleva adelante la causa para determinar quienes y c\u00f3mo participaron en la muerte del Fiscal Nisman.<\/p>\n\n\n\n<p class=\"wp-block-paragraph\">Se trata de determinar los motivos por los cuales el gobierno por intermedio del Ministerio de Seguridad de la Naci\u00f3n llevaba una investigaci\u00f3n paralela a la judicial, sobre las actividades y la vida privada del Fiscal Alberto Nisman y su familia incluyendo a la Juez Federal Arroyo Salgado ex mujer de Nisman y madre de sus hijas, donde otro de los investigados era el ex Director de la ex SIDE Jaime Stiuso.<\/p>\n\n\n\n<p class=\"wp-block-paragraph\">Si bien el contenido de la carpeta no arroja nada relevante, podr\u00eda terminar siendo un problema judicial para Mar\u00eda Cecilia Rodr\u00edguez ya que la inteligencia interna est\u00e1 prohibida por Ley y al tratarse de una funcionaria de alto rango que la pone como la responsable de la medida, podr\u00eda enfrentar serios cargos y una condena en suspenso que la alejar\u00eda de la funci\u00f3n p\u00fablica, con lo cual terminar\u00eda su carrera pol\u00edtica.<\/p>\n\n\n\n<p class=\"wp-block-paragraph\">La situaci\u00f3n procesal de Rodr\u00edguez afectar\u00eda directamente al intendente de Avellaneda Jorge Ferraresi el cual en caso de que su secretaria de seguridad sea imputada y procesada, deber\u00e1 evaluar su reemplazo, obvio que M\u00f3nica Ghirelli es una mala opci\u00f3n como reemplazo.<\/p>\n\n\n\n<ul class=\"wp-block-gallery columns-2 is-cropped wp-block-gallery-1 is-layout-flex wp-block-gallery-is-layout-flex\"><li class=\"blocks-gallery-item\"><figure><img loading=\"lazy\" decoding=\"async\" width=\"768\" height=\"1024\" src=\"http:\/\/www.elsindical.com.ar\/notas\/var\/www\/html\/notas\/wp-content\/uploads\/2019\/03\/carpeta-blanca-3-768x1024.jpg\" alt=\"\" data-id=\"85438\" data-link=\"http:\/\/www.elsindical.com.ar\/notas\/?attachment_id=85438#main\" class=\"wp-image-85438\" srcset=\"https:\/\/www.elsindical.com.ar\/notas\/var\/www\/html\/notas\/wp-content\/uploads\/2019\/03\/carpeta-blanca-3-768x1024.jpg 768w, https:\/\/www.elsindical.com.ar\/notas\/var\/www\/html\/notas\/wp-content\/uploads\/2019\/03\/carpeta-blanca-3-225x300.jpg 225w, https:\/\/www.elsindical.com.ar\/notas\/var\/www\/html\/notas\/wp-content\/uploads\/2019\/03\/carpeta-blanca-3.jpg 1200w\" sizes=\"auto, (max-width: 768px) 100vw, 768px\" \/><\/figure><\/li><li class=\"blocks-gallery-item\"><figure><img loading=\"lazy\" decoding=\"async\" width=\"768\" height=\"1024\" src=\"http:\/\/www.elsindical.com.ar\/notas\/var\/www\/html\/notas\/wp-content\/uploads\/2019\/03\/carpeta-blanca-2-768x1024.jpg\" alt=\"\" data-id=\"85439\" data-link=\"http:\/\/www.elsindical.com.ar\/notas\/?attachment_id=85439#main\" class=\"wp-image-85439\" srcset=\"https:\/\/www.elsindical.com.ar\/notas\/var\/www\/html\/notas\/wp-content\/uploads\/2019\/03\/carpeta-blanca-2-768x1024.jpg 768w, https:\/\/www.elsindical.com.ar\/notas\/var\/www\/html\/notas\/wp-content\/uploads\/2019\/03\/carpeta-blanca-2-225x300.jpg 225w, https:\/\/www.elsindical.com.ar\/notas\/var\/www\/html\/notas\/wp-content\/uploads\/2019\/03\/carpeta-blanca-2.jpg 1200w\" sizes=\"auto, (max-width: 768px) 100vw, 768px\" \/><\/figure><\/li><li class=\"blocks-gallery-item\"><figure><img loading=\"lazy\" decoding=\"async\" width=\"881\" height=\"1024\" src=\"http:\/\/www.elsindical.com.ar\/notas\/var\/www\/html\/notas\/wp-content\/uploads\/2019\/03\/carpeta-blanca-881x1024.jpg\" alt=\"\" data-id=\"85440\" data-link=\"http:\/\/www.elsindical.com.ar\/notas\/?attachment_id=85440#main\" class=\"wp-image-85440\" srcset=\"https:\/\/www.elsindical.com.ar\/notas\/var\/www\/html\/notas\/wp-content\/uploads\/2019\/03\/carpeta-blanca-881x1024.jpg 881w, https:\/\/www.elsindical.com.ar\/notas\/var\/www\/html\/notas\/wp-content\/uploads\/2019\/03\/carpeta-blanca-258x300.jpg 258w, https:\/\/www.elsindical.com.ar\/notas\/var\/www\/html\/notas\/wp-content\/uploads\/2019\/03\/carpeta-blanca-768x893.jpg 768w, https:\/\/www.elsindical.com.ar\/notas\/var\/www\/html\/notas\/wp-content\/uploads\/2019\/03\/carpeta-blanca.jpg 1200w\" sizes=\"auto, (max-width: 881px) 100vw, 881px\" \/><\/figure><\/li><\/ul>\n\n\n\n<p class=\"wp-block-paragraph\">Por Marcelo Ricardo Hawrylciw<\/p>\n","protected":false},"excerpt":{"rendered":"<p>La ex ministro de seguridad de la Naci\u00f3n Mar\u00eda Cecilia Rodr\u00edguez fue citada a declarar en una de las causas que se desprendieron luego de la muerte del Fiscal Alberto Nisman, por espionaje a \u00e9l y su familia. En lo que el diario Clar\u00edn llama \u00abLa Carpeta Blanca\u00bb, el Fiscal federal Eduardo Taiano, cito a&hellip;<\/p>\n","protected":false},"author":1,"featured_media":85437,"comment_status":"open","ping_status":"open","sticky":false,"template":"","format":"standard","meta":{"footnotes":""},"categories":[10],"tags":[30524,20740,1062,8582,10579],"class_list":["post-85436","post","type-post","status-publish","format-standard","has-post-thumbnail","hentry","category-editorial","tag-carpeta-blanca","tag-fiscal-alberto-nisman","tag-jorge-ferraresi","tag-juez-federal-julian-ercolini","tag-maria-cecilia-rodriguez"],"_links":{"self":[{"href":"https:\/\/www.elsindical.com.ar\/notas\/wp-json\/wp\/v2\/posts\/85436","targetHints":{"allow":["GET"]}}],"collection":[{"href":"https:\/\/www.elsindical.com.ar\/notas\/wp-json\/wp\/v2\/posts"}],"about":[{"href":"https:\/\/www.elsindical.com.ar\/notas\/wp-json\/wp\/v2\/types\/post"}],"author":[{"embeddable":true,"href":"https:\/\/www.elsindical.com.ar\/notas\/wp-json\/wp\/v2\/users\/1"}],"replies":[{"embeddable":true,"href":"https:\/\/www.elsindical.com.ar\/notas\/wp-json\/wp\/v2\/comments?post=85436"}],"version-history":[{"count":2,"href":"https:\/\/www.elsindical.com.ar\/notas\/wp-json\/wp\/v2\/posts\/85436\/revisions"}],"predecessor-version":[{"id":85442,"href":"https:\/\/www.elsindical.com.ar\/notas\/wp-json\/wp\/v2\/posts\/85436\/revisions\/85442"}],"wp:featuredmedia":[{"embeddable":true,"href":"https:\/\/www.elsindical.com.ar\/notas\/wp-json\/wp\/v2\/media\/85437"}],"wp:attachment":[{"href":"https:\/\/www.elsindical.com.ar\/notas\/wp-json\/wp\/v2\/media?parent=85436"}],"wp:term":[{"taxonomy":"category","embeddable":true,"href":"https:\/\/www.elsindical.com.ar\/notas\/wp-json\/wp\/v2\/categories?post=85436"},{"taxonomy":"post_tag","embeddable":true,"href":"https:\/\/www.elsindical.com.ar\/notas\/wp-json\/wp\/v2\/tags?post=85436"}],"curies":[{"name":"wp","href":"https:\/\/api.w.org\/{rel}","templated":true}]}}