{"id":85410,"date":"2019-03-04T00:23:05","date_gmt":"2019-03-04T03:23:05","guid":{"rendered":"http:\/\/www.elsindical.com.ar\/notas\/?p=85410"},"modified":"2019-03-04T00:23:05","modified_gmt":"2019-03-04T03:23:05","slug":"quilmes-dealer-fusilo-a-joven-en-salvaje-disputa-callejera","status":"publish","type":"post","link":"https:\/\/www.elsindical.com.ar\/notas\/quilmes-dealer-fusilo-a-joven-en-salvaje-disputa-callejera\/","title":{"rendered":"Quilmes: Dealer fusil\u00f3 a joven en salvaje disputa callejera"},"content":{"rendered":"\n<figure class=\"wp-block-image\"><img loading=\"lazy\" decoding=\"async\" width=\"970\" height=\"546\" src=\"http:\/\/www.elsindical.com.ar\/notas\/var\/www\/html\/notas\/wp-content\/uploads\/2019\/03\/Hospital-Iriarte.jpg\" alt=\"\" class=\"wp-image-85411\" srcset=\"https:\/\/www.elsindical.com.ar\/notas\/var\/www\/html\/notas\/wp-content\/uploads\/2019\/03\/Hospital-Iriarte.jpg 970w, https:\/\/www.elsindical.com.ar\/notas\/var\/www\/html\/notas\/wp-content\/uploads\/2019\/03\/Hospital-Iriarte-300x169.jpg 300w, https:\/\/www.elsindical.com.ar\/notas\/var\/www\/html\/notas\/wp-content\/uploads\/2019\/03\/Hospital-Iriarte-768x432.jpg 768w, https:\/\/www.elsindical.com.ar\/notas\/var\/www\/html\/notas\/wp-content\/uploads\/2019\/03\/Hospital-Iriarte-500x281.jpg 500w, https:\/\/www.elsindical.com.ar\/notas\/var\/www\/html\/notas\/wp-content\/uploads\/2019\/03\/Hospital-Iriarte-460x260.jpg 460w\" sizes=\"auto, (max-width: 970px) 100vw, 970px\" \/><\/figure>\n\n\n\n<p>\u00a0Ocurri\u00f3 en Quilmes. La vict\u00edma fue baleada en la ingle por el sanguinario forajido. El muchacho era adicto a las drogas.\u00a0<\/p>\n\n\n\n<p>La localidad bonaerense de Quilmes  se convirti\u00f3 en escenario de un cruento suceso, ya que un joven, de 25  a\u00f1os y que se asegura era adicto a consumir drogas, fue salvajemente  asesinado a balazos por un dealer, como saldo de una violenta discusi\u00f3n  callejera. El responsable del tremendo crimen logr\u00f3 darse a la fuga y es  buscado de manera intensa por los pesquisas policiales.<\/p>\n\n\n\n<p>Al respecto, los voceros de los tribunales de Quilmes revelaron que la infortunada v\u00edctima fue identificada como <strong>Luis \u00c1valos<\/strong>,  de 25 a\u00f1os. Trascendi\u00f3 que el sangriento hecho se produjo en una zona  de asentamientos situada en la avenida Mozart, entre Juan Jos\u00e9 Castelli y  Domingo Matheu, a pocos metros de la Autopista Buenos Aires-La  Plata (Doctor Ricardo Balb\u00edn-la Ruta Nacional 1), en el citado  distrito, en el sur del conurbano provincial, cuando el muchacho entabl\u00f3  una acalorada reyerta con el narcotraficante, llamado<strong> Roberto Oscar<\/strong>, de 40 a\u00f1os, aparentemente en relaci\u00f3n con una deuda de dinero.<\/p>\n\n\n\n<p>Sin embargo, la disputa  culmin\u00f3 en tragedia, porque el forajido, con la utilizaci\u00f3n de una  pistola, agredi\u00f3 a disparos en la ingle y a escasa distancia a su  adversario. Momentos despu\u00e9s, \u00c1valos tuvo que ser trasladado, de  urgencia, al Hospital Zonal General de Agudos Doctor Isidoro Iriarte,  ubicado en Allison Bell al 700, en Quilmes,  aunque el joven dej\u00f3 de existir a ra\u00edz de sus graves heridas y a pesar  de la tarea desarrollada por los facultativos del centro asistencial.<\/p>\n\n\n\n<p>Roberto Oscar, tras balear a \u00c1valos, aprovech\u00f3 la confusi\u00f3n que se \nhab\u00eda generado en el barrio, ocasi\u00f3n en la que corri\u00f3 r\u00e1pidamente 300 \nmetros y de inmediato se refugi\u00f3 en la finca habitada por sus padres. De\n acuerdo a lo manifestado por los informantes, el muchacho era adicto a \nlas drogas, mientras que el homicida se encargaba de vender las \nsustancias ilegales entre los habitantes del humilde vecindario.<\/p>\n\n\n\n<p><strong>Varios procedimientos<\/strong><\/p>\n\n\n\n<p>Gracias a los diferentes datos obtenidos en el escenario del altercado, los servidores p\u00fablicos de la comisar\u00eda 1\u00aa de Quilmes  realizaron allanamientos en tres fincas diferentes: uno en el cruce de  avenida Mozart y Juan Jos\u00e9 Castelli (donde reside el acusado), en  avenida Las Heras, entre Cevallos y avenida Mozart, a pocos metros de un  arroyo (donde viven los familiares del atacante), y en la esquina de  Ramallo y Camino del Touring Club Sourigues (donde habitan amigos del  agresor), aunque hasta el momento se desconoce su paradero.<\/p>\n\n\n\n<p>Intervino en la causa, que fue caratulada \u00abHomicidio\u00bb, el doctor <strong>Ariel Dar\u00edo Rivas<\/strong>, fiscal en turno de la Unidad Funcional N\u00b0 1 del departamento judicial de La Quilmes.<\/p>\n","protected":false},"excerpt":{"rendered":"<p>\u00a0Ocurri\u00f3 en Quilmes. La vict\u00edma fue baleada en la ingle por el sanguinario forajido. El muchacho era adicto a las drogas.\u00a0 La localidad bonaerense de Quilmes se convirti\u00f3 en escenario de un cruento suceso, ya que un joven, de 25 a\u00f1os y que se asegura era adicto a consumir drogas, fue salvajemente asesinado a balazos&hellip;<\/p>\n","protected":false},"author":1,"featured_media":85411,"comment_status":"open","ping_status":"open","sticky":false,"template":"","format":"standard","meta":{"footnotes":""},"categories":[22],"tags":[30514,684,30513],"class_list":["post-85410","post","type-post","status-publish","format-standard","has-post-thumbnail","hentry","category-policiales","tag-luis-avalos","tag-quilmes","tag-roberto-oscar"],"_links":{"self":[{"href":"https:\/\/www.elsindical.com.ar\/notas\/wp-json\/wp\/v2\/posts\/85410","targetHints":{"allow":["GET"]}}],"collection":[{"href":"https:\/\/www.elsindical.com.ar\/notas\/wp-json\/wp\/v2\/posts"}],"about":[{"href":"https:\/\/www.elsindical.com.ar\/notas\/wp-json\/wp\/v2\/types\/post"}],"author":[{"embeddable":true,"href":"https:\/\/www.elsindical.com.ar\/notas\/wp-json\/wp\/v2\/users\/1"}],"replies":[{"embeddable":true,"href":"https:\/\/www.elsindical.com.ar\/notas\/wp-json\/wp\/v2\/comments?post=85410"}],"version-history":[{"count":1,"href":"https:\/\/www.elsindical.com.ar\/notas\/wp-json\/wp\/v2\/posts\/85410\/revisions"}],"predecessor-version":[{"id":85412,"href":"https:\/\/www.elsindical.com.ar\/notas\/wp-json\/wp\/v2\/posts\/85410\/revisions\/85412"}],"wp:featuredmedia":[{"embeddable":true,"href":"https:\/\/www.elsindical.com.ar\/notas\/wp-json\/wp\/v2\/media\/85411"}],"wp:attachment":[{"href":"https:\/\/www.elsindical.com.ar\/notas\/wp-json\/wp\/v2\/media?parent=85410"}],"wp:term":[{"taxonomy":"category","embeddable":true,"href":"https:\/\/www.elsindical.com.ar\/notas\/wp-json\/wp\/v2\/categories?post=85410"},{"taxonomy":"post_tag","embeddable":true,"href":"https:\/\/www.elsindical.com.ar\/notas\/wp-json\/wp\/v2\/tags?post=85410"}],"curies":[{"name":"wp","href":"https:\/\/api.w.org\/{rel}","templated":true}]}}