{"id":85407,"date":"2019-03-04T00:13:40","date_gmt":"2019-03-04T03:13:40","guid":{"rendered":"http:\/\/www.elsindical.com.ar\/notas\/?p=85407"},"modified":"2019-03-04T00:13:56","modified_gmt":"2019-03-04T03:13:56","slug":"expreso-lomas-vuelven-a-parar","status":"publish","type":"post","link":"https:\/\/www.elsindical.com.ar\/notas\/expreso-lomas-vuelven-a-parar\/","title":{"rendered":"Expreso Lomas vuelven a parar"},"content":{"rendered":"\n<figure class=\"wp-block-image\"><img loading=\"lazy\" decoding=\"async\" width=\"1024\" height=\"683\" src=\"http:\/\/www.elsindical.com.ar\/notas\/var\/www\/html\/notas\/wp-content\/uploads\/2019\/03\/L\u00edneas-Expreso-Lomas-1024x683.jpg\" alt=\"\" class=\"wp-image-85408\" srcset=\"https:\/\/www.elsindical.com.ar\/notas\/var\/www\/html\/notas\/wp-content\/uploads\/2019\/03\/L\u00edneas-Expreso-Lomas-1024x683.jpg 1024w, https:\/\/www.elsindical.com.ar\/notas\/var\/www\/html\/notas\/wp-content\/uploads\/2019\/03\/L\u00edneas-Expreso-Lomas-300x200.jpg 300w, https:\/\/www.elsindical.com.ar\/notas\/var\/www\/html\/notas\/wp-content\/uploads\/2019\/03\/L\u00edneas-Expreso-Lomas-768x512.jpg 768w, https:\/\/www.elsindical.com.ar\/notas\/var\/www\/html\/notas\/wp-content\/uploads\/2019\/03\/L\u00edneas-Expreso-Lomas-450x300.jpg 450w\" sizes=\"auto, (max-width: 1024px) 100vw, 1024px\" \/><\/figure>\n\n\n\n<p><strong>Los trabajadores de las l\u00edneas 112, 165 y 243 realizar\u00e1n una  asamblea general con interrupci\u00f3n del servicio el pr\u00f3ximo mi\u00e9rcoles 6  desde las 12.00<\/strong> para resolver los pasos a seguir ante la  dif\u00edcil situaci\u00f3n por la que atraviesa la empresa y la falta de una  resoluci\u00f3n judicial. En di\u00e1logo con <strong>Leandro Fern\u00e1ndez<\/strong>, delegado de Expreso Lomas, afirm\u00f3 que<strong>  por las dificultades econ\u00f3micas de la empresa \u201cno nos da para afrontar  el ciclo lectivo y no tenemos como para afrontar el servicio de vuelta\u201d<\/strong>.<\/p>\n\n\n\n<p>Los conflictos con estas l\u00edneas de transporte que unen Monte Grande \ncon Plaza Miserere o Temperley y Lan\u00fas con Villa Pueyrred\u00f3n son de larga\n data, no solo porque los trabajadores denunciaron en su momento \nfalencias en el manejo del servicio por parte de la empresa propietaria o\n falta de pago en conceptos como las cargas sociales, los aportes \njubilatorios, las obras sociales y la ART, sino porque adem\u00e1s la \nsospecha de vaciamiento oblig\u00f3 a activar mecanismos judiciales que \nayuden a esclarecer el escenario y frenar una potencial venta.<\/p>\n\n\n\n<p>En este escenario, la justicia otorg\u00f3 la nulidad de la quiebra con \ncontinuidad que pesaba sobre la empresa y aval\u00f3 la utilizaci\u00f3n de las \npocas unidades en condiciones con las que cuentan los trabajadores para \nrealizar sus tareas.<\/p>\n\n\n\n<p>Asimismo, las dificultades que atraviesa la Expreso Lomas desde el 2018 son tan grandes que <strong>mantienen\n deudas con aquellos que les alquilaban unidades para completar el \nparque automotor desde mayo pasado y ni siquiera cuentan con fondos para\n las reparaciones de sus propios coches<\/strong>, por lo que la cantidad de colectivos en condiciones para completar los recorridos cay\u00f3 <strong>de 140 hace dos a\u00f1os a solo 60 en este momento.<\/strong><\/p>\n\n\n\n<p>A ra\u00edz de esta situaci\u00f3n, los trabajadores de las l\u00edneas 112, 165 y  243 emitieron un comunicado en donde se inform\u00f3 el cese de actividades  desde el mediod\u00eda del pr\u00f3ximo mi\u00e9rcoles 6 para llevar a cabo una reuni\u00f3n  interna al tiempo que apelan a la solidaridad del usuario ante la  situaci\u00f3n en medio de una \u201ceterna lucha en defensa de nuestro puesto de  trabajo y un mejor servicio para su seguridad\u201d, seg\u00fan expresan en el  mismo.<\/p>\n\n\n\n<p>En ese mismo sentido, el representante sindical puntualiz\u00f3 que hu<strong>bo un retroceso \u201ca la misma situaci\u00f3n del a\u00f1o pasado\u201d<\/strong>\n y por ese motivo los casi 400 trabajadores de la empresa se ver\u00e1n \nobligados a \u201cinterrumpir el servicio y ver cu\u00e1les son los pasos a \nseguir\u201d.<\/p>\n\n\n\n<p><strong>\u201cNo tenemos forma de brindar el servicio como corresponde \nporque algunos coches se van quedando y vuelven por pavadas como falta \nde pastillas de freno, pero tampoco tenemos para arreglarlos. Por eso&nbsp; \nlos coches vienen rotos y se guardan\u201d,<\/strong> explic\u00f3.<\/p>\n\n\n\n<p>El origen del conflicto data de finales de 2017 con una fuerte <strong>desinversi\u00f3n en mantenimiento que merm\u00f3 la cantidad de colectivos operativos<\/strong>, lo que redujo el total de kil\u00f3metros recorridos por las unidades de la empresa a la mitad y trajo una <strong>ca\u00edda de los fondos percibidos en concepto de subsidio<\/strong> que eran vitales para la salud financiera de Expreso Lomas.<\/p>\n\n\n\n<p>Esto fue el coletazo directo de una instancia judicial en 2015 donde \nse dict\u00f3 el gerenciamiento de la empresa tras desplazar al directorio \npor administraci\u00f3n fraudulenta y se trab\u00f3 la venta de Expreso Lomas, \npero \u00e9stos apelaron la medida y se gener\u00f3 un limbo judicial en donde \nahora la empresa se encuentra empantanada.<\/p>\n\n\n\n<p><strong>\u201cVolvimos a la incertidumbre del a\u00f1o pasado<\/strong>. Los tiempos de la justicia no son los mismos que tenemos nosotros y los usuarios. <strong>Se olvidan que somos 400 familias y que hay muchos barrios que dependen de las l\u00edneas\u201d<\/strong>, sostuvo en tanto.<\/p>\n\n\n\n<p>Por \u00faltimo, Fern\u00e1ndez inform\u00f3 que <strong>durante el fin de semana largo por carnaval estar\u00edan dadas las condiciones para brindar el servicio habitual<\/strong> dentro de las posibilidades que se les presentan con una frecuencia reducida a casi la mitad y <strong>el mi\u00e9rcoles comenzar\u00e1n a mermar la circulaci\u00f3n desde dos horas antes de la Asamblea<\/strong>.<\/p>\n","protected":false},"excerpt":{"rendered":"<p>Los trabajadores de las l\u00edneas 112, 165 y 243 realizar\u00e1n una asamblea general con interrupci\u00f3n del servicio el pr\u00f3ximo mi\u00e9rcoles 6 desde las 12.00 para resolver los pasos a seguir ante la dif\u00edcil situaci\u00f3n por la que atraviesa la empresa y la falta de una resoluci\u00f3n judicial. En di\u00e1logo con Leandro Fern\u00e1ndez, delegado de Expreso&hellip;<\/p>\n","protected":false},"author":1,"featured_media":85408,"comment_status":"open","ping_status":"open","sticky":false,"template":"","format":"standard","meta":{"footnotes":""},"categories":[16],"tags":[30512,23723,30511,67],"class_list":["post-85407","post","type-post","status-publish","format-standard","has-post-thumbnail","hentry","category-gremiales","tag-delegado-leandro-fernandez","tag-expreso-lomas","tag-lineas-112-165-243","tag-paro"],"_links":{"self":[{"href":"https:\/\/www.elsindical.com.ar\/notas\/wp-json\/wp\/v2\/posts\/85407","targetHints":{"allow":["GET"]}}],"collection":[{"href":"https:\/\/www.elsindical.com.ar\/notas\/wp-json\/wp\/v2\/posts"}],"about":[{"href":"https:\/\/www.elsindical.com.ar\/notas\/wp-json\/wp\/v2\/types\/post"}],"author":[{"embeddable":true,"href":"https:\/\/www.elsindical.com.ar\/notas\/wp-json\/wp\/v2\/users\/1"}],"replies":[{"embeddable":true,"href":"https:\/\/www.elsindical.com.ar\/notas\/wp-json\/wp\/v2\/comments?post=85407"}],"version-history":[{"count":1,"href":"https:\/\/www.elsindical.com.ar\/notas\/wp-json\/wp\/v2\/posts\/85407\/revisions"}],"predecessor-version":[{"id":85409,"href":"https:\/\/www.elsindical.com.ar\/notas\/wp-json\/wp\/v2\/posts\/85407\/revisions\/85409"}],"wp:featuredmedia":[{"embeddable":true,"href":"https:\/\/www.elsindical.com.ar\/notas\/wp-json\/wp\/v2\/media\/85408"}],"wp:attachment":[{"href":"https:\/\/www.elsindical.com.ar\/notas\/wp-json\/wp\/v2\/media?parent=85407"}],"wp:term":[{"taxonomy":"category","embeddable":true,"href":"https:\/\/www.elsindical.com.ar\/notas\/wp-json\/wp\/v2\/categories?post=85407"},{"taxonomy":"post_tag","embeddable":true,"href":"https:\/\/www.elsindical.com.ar\/notas\/wp-json\/wp\/v2\/tags?post=85407"}],"curies":[{"name":"wp","href":"https:\/\/api.w.org\/{rel}","templated":true}]}}