{"id":85364,"date":"2019-03-01T17:04:02","date_gmt":"2019-03-01T20:04:02","guid":{"rendered":"http:\/\/www.elsindical.com.ar\/notas\/?p=85364"},"modified":"2019-03-01T17:04:02","modified_gmt":"2019-03-01T20:04:02","slug":"lanus-violenta-entradera-simulan-ser-del-municipio","status":"publish","type":"post","link":"https:\/\/www.elsindical.com.ar\/notas\/lanus-violenta-entradera-simulan-ser-del-municipio\/","title":{"rendered":"Lan\u00fas: Violenta entradera, simulan ser del municipio"},"content":{"rendered":"\n<figure class=\"wp-block-image\"><img loading=\"lazy\" decoding=\"async\" width=\"738\" height=\"740\" src=\"http:\/\/www.elsindical.com.ar\/notas\/var\/www\/html\/notas\/wp-content\/uploads\/2019\/03\/Entradera-en-Lan\u00fas.jpg\" alt=\"\" class=\"wp-image-85365\" srcset=\"https:\/\/www.elsindical.com.ar\/notas\/var\/www\/html\/notas\/wp-content\/uploads\/2019\/03\/Entradera-en-Lan\u00fas.jpg 738w, https:\/\/www.elsindical.com.ar\/notas\/var\/www\/html\/notas\/wp-content\/uploads\/2019\/03\/Entradera-en-Lan\u00fas-150x150.jpg 150w, https:\/\/www.elsindical.com.ar\/notas\/var\/www\/html\/notas\/wp-content\/uploads\/2019\/03\/Entradera-en-Lan\u00fas-300x300.jpg 300w, https:\/\/www.elsindical.com.ar\/notas\/var\/www\/html\/notas\/wp-content\/uploads\/2019\/03\/Entradera-en-Lan\u00fas-299x300.jpg 299w, https:\/\/www.elsindical.com.ar\/notas\/var\/www\/html\/notas\/wp-content\/uploads\/2019\/03\/Entradera-en-Lan\u00fas-50x50.jpg 50w\" sizes=\"auto, (max-width: 738px) 100vw, 738px\" \/><\/figure>\n\n\n\n<p>  Un tr\u00edo de delincuentes compuesto por una mujer y dos hombres, protagonizaron una violenta entradera en el partido de Lan\u00fas en inmediaciones del Hospital Evita, ubicado en Lan\u00fas Oeste.<\/p>\n\n\n\n<p>Seg\u00fan la denunciante en la red social Facebook con el usuario  <br><a href=\"https:\/\/www.facebook.com\/VeritoyRami?__tn__=lCH-R&amp;eid=ARBlYiCaohxLYAJpBh9EYWBh2CXGbukS1-NJCq-tby3cFak-ON1dCAIYhG_grpq-De9IcDdCnomawJNl&amp;hc_ref=ARQHnnCWSRHsUOlRiyDfrSYE0CWYGoA2ue0ZTa6omO9xMUCHF4sh0LTFz0539gI5yoY&amp;__xts__%5B0%5D=68.ARBlVszYMO20Vwmm9CTfGhzroUgB3_Td48VOoMUnboyMG5M5LaFnzrWQ-emtGWRPJS2E-Z8Dlxet6qfJcoGg-ArMCUe3AZoHlMrPCZj4SvNopxhfanH2RpRaySPTBT94JWCqqoEnu1NWSnGAl2dYfH9tdy25wKDBou2prfIvQjbFU_PDjpIVUN7WngXoy4iBFu81P2LA8a3no2fuBQ\">Verito Kozak<\/a> , ella y el padre de su hijo, fueron v\u00edctimas de una violenta entradera que utiliz\u00f3 como carnada a una joven que simulaba ser empleada municipal para facilitar el ingreso de dos hombres armados a la vivienda.<\/p>\n\n\n\n<p> Zona de Lan\u00fas aproximadamente 8:30 AM, me quisieron entrar en mi casa.  Gracias a Dios, de casualidad el pap\u00e1 de mi hijo, Fede estuvo para  defenderme. Sino, no estar\u00edamos  cont\u00e1ndola as\u00ed&#8230;. zona Hospital Evita, Lan\u00fas&#8230; ten\u00edan un par de  direcciones que pude ver&#8230; la chica se hac\u00eda pasar que era de la  Municipalidsd de Lan\u00fas, diciendo que mi hijo estaba becado en el Club  Lan\u00fas, y de la nada empez\u00f3 a toser y pidi\u00f3 un vaso con agua, y el pap\u00e1  fue a buscar y de golpe aparecieron sos hombres que quer\u00edan ingresar a  mi domicilio. Por favor!!! Atentos !!!! <a href=\"https:\/\/www.facebook.com\/hashtag\/lanus?source=feed_text&amp;epa=HASHTAG&amp;__xts__%5B0%5D=68.ARBlVszYMO20Vwmm9CTfGhzroUgB3_Td48VOoMUnboyMG5M5LaFnzrWQ-emtGWRPJS2E-Z8Dlxet6qfJcoGg-ArMCUe3AZoHlMrPCZj4SvNopxhfanH2RpRaySPTBT94JWCqqoEnu1NWSnGAl2dYfH9tdy25wKDBou2prfIvQjbFU_PDjpIVUN7WngXoy4iBFu81P2LA8a3no2fuBQ&amp;__tn__=%2ANKH-R\">#Lanus<\/a><a href=\"https:\/\/www.facebook.com\/ArribaLanus\/?__tn__=KH-R&amp;eid=ARCYiPTp-GuKu586I0keGDoDnHUUjFNmcDdNhZGcmV4A59HFio7MLE234luRS6l9ymHLCnzjAM-S_YSz&amp;fref=mentions&amp;__xts__%5B0%5D=68.ARBlVszYMO20Vwmm9CTfGhzroUgB3_Td48VOoMUnboyMG5M5LaFnzrWQ-emtGWRPJS2E-Z8Dlxet6qfJcoGg-ArMCUe3AZoHlMrPCZj4SvNopxhfanH2RpRaySPTBT94JWCqqoEnu1NWSnGAl2dYfH9tdy25wKDBou2prfIvQjbFU_PDjpIVUN7WngXoy4iBFu81P2LA8a3no2fuBQ\">Arriba lanus revista<\/a>  @ Lan\u00fas, Argentina <\/p>\n\n\n\n<iframe loading=\"lazy\" width=\"580\" height=\"420\" src=\"https:\/\/www.youtube.com\/embed\/AWys-CHYTqc\" frameborder=\"0\" allow=\"accelerometer; autoplay; encrypted-media; gyroscope; picture-in-picture\" allowfullscreen><\/iframe>\n","protected":false},"excerpt":{"rendered":"<p>Un tr\u00edo de delincuentes compuesto por una mujer y dos hombres, protagonizaron una violenta entradera en el partido de Lan\u00fas en inmediaciones del Hospital Evita, ubicado en Lan\u00fas Oeste. Seg\u00fan la denunciante en la red social Facebook con el usuario Verito Kozak , ella y el padre de su hijo, fueron v\u00edctimas de una violenta&hellip;<\/p>\n","protected":false},"author":1,"featured_media":85365,"comment_status":"open","ping_status":"open","sticky":false,"template":"","format":"standard","meta":{"footnotes":""},"categories":[22],"tags":[11792,984,318],"class_list":["post-85364","post","type-post","status-publish","format-standard","has-post-thumbnail","hentry","category-policiales","tag-entradera","tag-inseguridad","tag-violencia"],"_links":{"self":[{"href":"https:\/\/www.elsindical.com.ar\/notas\/wp-json\/wp\/v2\/posts\/85364","targetHints":{"allow":["GET"]}}],"collection":[{"href":"https:\/\/www.elsindical.com.ar\/notas\/wp-json\/wp\/v2\/posts"}],"about":[{"href":"https:\/\/www.elsindical.com.ar\/notas\/wp-json\/wp\/v2\/types\/post"}],"author":[{"embeddable":true,"href":"https:\/\/www.elsindical.com.ar\/notas\/wp-json\/wp\/v2\/users\/1"}],"replies":[{"embeddable":true,"href":"https:\/\/www.elsindical.com.ar\/notas\/wp-json\/wp\/v2\/comments?post=85364"}],"version-history":[{"count":1,"href":"https:\/\/www.elsindical.com.ar\/notas\/wp-json\/wp\/v2\/posts\/85364\/revisions"}],"predecessor-version":[{"id":85366,"href":"https:\/\/www.elsindical.com.ar\/notas\/wp-json\/wp\/v2\/posts\/85364\/revisions\/85366"}],"wp:featuredmedia":[{"embeddable":true,"href":"https:\/\/www.elsindical.com.ar\/notas\/wp-json\/wp\/v2\/media\/85365"}],"wp:attachment":[{"href":"https:\/\/www.elsindical.com.ar\/notas\/wp-json\/wp\/v2\/media?parent=85364"}],"wp:term":[{"taxonomy":"category","embeddable":true,"href":"https:\/\/www.elsindical.com.ar\/notas\/wp-json\/wp\/v2\/categories?post=85364"},{"taxonomy":"post_tag","embeddable":true,"href":"https:\/\/www.elsindical.com.ar\/notas\/wp-json\/wp\/v2\/tags?post=85364"}],"curies":[{"name":"wp","href":"https:\/\/api.w.org\/{rel}","templated":true}]}}