{"id":85333,"date":"2019-03-01T01:42:43","date_gmt":"2019-03-01T04:42:43","guid":{"rendered":"http:\/\/www.elsindical.com.ar\/notas\/?p=85333"},"modified":"2019-03-01T01:42:43","modified_gmt":"2019-03-01T04:42:43","slug":"avellaneda-ferraresi-acordo-con-municipales-un-aumento-salarial-del-46-por-ciento","status":"publish","type":"post","link":"https:\/\/www.elsindical.com.ar\/notas\/avellaneda-ferraresi-acordo-con-municipales-un-aumento-salarial-del-46-por-ciento\/","title":{"rendered":"Avellaneda: Ferraresi acord\u00f3 con municipales un aumento salarial del 46 por ciento"},"content":{"rendered":"\n<figure class=\"wp-block-image\"><img loading=\"lazy\" decoding=\"async\" width=\"640\" height=\"443\" src=\"http:\/\/www.elsindical.com.ar\/notas\/var\/www\/html\/notas\/wp-content\/uploads\/2019\/03\/Ferraresi-aumento-salarial.jpg\" alt=\"\" class=\"wp-image-85334\" srcset=\"https:\/\/www.elsindical.com.ar\/notas\/var\/www\/html\/notas\/wp-content\/uploads\/2019\/03\/Ferraresi-aumento-salarial.jpg 640w, https:\/\/www.elsindical.com.ar\/notas\/var\/www\/html\/notas\/wp-content\/uploads\/2019\/03\/Ferraresi-aumento-salarial-300x208.jpg 300w, https:\/\/www.elsindical.com.ar\/notas\/var\/www\/html\/notas\/wp-content\/uploads\/2019\/03\/Ferraresi-aumento-salarial-433x300.jpg 433w\" sizes=\"auto, (max-width: 640px) 100vw, 640px\" \/><\/figure>\n\n\n\n<p>El intendente de Avellaneda, Jorge Ferraresi, firm\u00f3 el acta acuerdo \nde un aumento del 46 por ciento con los representantes de cinco \nentidades gremiales que nuclean a la mayor\u00eda de los trabajadores \nmunicipales.<\/p>\n\n\n\n<p>Daniel \nAversa, del Sindicato Unificado de Trabajadores Municipales de \nAvellaneda (SUMA); Isabel Masso de la Asociaci\u00f3n de M\u00e9dicos de la \nRep\u00fablica Argentina (AMRA); Susana Ferreyra de la Asociaci\u00f3n de \nTrabajadores del Estado (ATE); representantes de la Uni\u00f3n del Personal \nCivil de la Naci\u00f3n (UPCN); y Walter Fari\u00f1as de la Agrupaci\u00f3n de \nTrabajadores Municipales \u201c17 de Noviembre\u201d, suscribieron el acuerdo en \nfavor de la planta completa de los municipales.<\/p>\n\n\n\n<p>A partir de \nmarzo, se aumentar\u00e1 en un 10 % el sueldo b\u00e1sico y la Bonificaci\u00f3n \nRetributiva de febrero. En mayo, se aplicar\u00e1 otro aumento del 10% sobre \naquel monto. En julio se aplicar\u00e1 la tercera cuota de 10% y finalmente \nen septiembre otra cuota de 5%. Para finalizar el a\u00f1o y asegurar que los\n sueldos municipales terminen por encima de la pauta inflacionaria \nprevista para 2019, la comuna sumar\u00e1 a esa Bonificaci\u00f3n Retributiva un \nmonto fijo de $ 1800.<\/p>\n\n\n\n<p>De esta forma, se prev\u00e9 compensar el da\u00f1o que provocan las pol\u00edticas econ\u00f3micas de ajuste del gobierno nacional.<\/p>\n\n\n\n<p>La \nMunicipalidad de Avellaneda viene entregando, desde 2015, acuerdos \nsalariales a sus empleados que siempre han superado los \u00edndices \ninflacionarios. Asimismo se han incorporado m\u00e1s de 1800 trabajadores a \nla planta municipal.<\/p>\n","protected":false},"excerpt":{"rendered":"<p>El intendente de Avellaneda, Jorge Ferraresi, firm\u00f3 el acta acuerdo de un aumento del 46 por ciento con los representantes de cinco entidades gremiales que nuclean a la mayor\u00eda de los trabajadores municipales. Daniel Aversa, del Sindicato Unificado de Trabajadores Municipales de Avellaneda (SUMA); Isabel Masso de la Asociaci\u00f3n de M\u00e9dicos de la Rep\u00fablica Argentina&hellip;<\/p>\n","protected":false},"author":1,"featured_media":85334,"comment_status":"open","ping_status":"open","sticky":false,"template":"","format":"standard","meta":{"footnotes":""},"categories":[9],"tags":[15743,1062,927],"class_list":["post-85333","post","type-post","status-publish","format-standard","has-post-thumbnail","hentry","category-economia","tag-amra","tag-jorge-ferraresi","tag-suma"],"_links":{"self":[{"href":"https:\/\/www.elsindical.com.ar\/notas\/wp-json\/wp\/v2\/posts\/85333","targetHints":{"allow":["GET"]}}],"collection":[{"href":"https:\/\/www.elsindical.com.ar\/notas\/wp-json\/wp\/v2\/posts"}],"about":[{"href":"https:\/\/www.elsindical.com.ar\/notas\/wp-json\/wp\/v2\/types\/post"}],"author":[{"embeddable":true,"href":"https:\/\/www.elsindical.com.ar\/notas\/wp-json\/wp\/v2\/users\/1"}],"replies":[{"embeddable":true,"href":"https:\/\/www.elsindical.com.ar\/notas\/wp-json\/wp\/v2\/comments?post=85333"}],"version-history":[{"count":1,"href":"https:\/\/www.elsindical.com.ar\/notas\/wp-json\/wp\/v2\/posts\/85333\/revisions"}],"predecessor-version":[{"id":85335,"href":"https:\/\/www.elsindical.com.ar\/notas\/wp-json\/wp\/v2\/posts\/85333\/revisions\/85335"}],"wp:featuredmedia":[{"embeddable":true,"href":"https:\/\/www.elsindical.com.ar\/notas\/wp-json\/wp\/v2\/media\/85334"}],"wp:attachment":[{"href":"https:\/\/www.elsindical.com.ar\/notas\/wp-json\/wp\/v2\/media?parent=85333"}],"wp:term":[{"taxonomy":"category","embeddable":true,"href":"https:\/\/www.elsindical.com.ar\/notas\/wp-json\/wp\/v2\/categories?post=85333"},{"taxonomy":"post_tag","embeddable":true,"href":"https:\/\/www.elsindical.com.ar\/notas\/wp-json\/wp\/v2\/tags?post=85333"}],"curies":[{"name":"wp","href":"https:\/\/api.w.org\/{rel}","templated":true}]}}