{"id":85330,"date":"2019-03-01T01:27:35","date_gmt":"2019-03-01T04:27:35","guid":{"rendered":"http:\/\/www.elsindical.com.ar\/notas\/?p=85330"},"modified":"2019-03-01T01:27:47","modified_gmt":"2019-03-01T04:27:47","slug":"traspasan-edenor-y-edesur-a-la-ciudad-y-provincia-de-buenos-aires","status":"publish","type":"post","link":"https:\/\/www.elsindical.com.ar\/notas\/traspasan-edenor-y-edesur-a-la-ciudad-y-provincia-de-buenos-aires\/","title":{"rendered":"Traspasan Edenor y Edesur a la Ciudad y provincia de Buenos Aires"},"content":{"rendered":"\n<figure class=\"wp-block-image\"><img loading=\"lazy\" decoding=\"async\" width=\"970\" height=\"546\" src=\"http:\/\/www.elsindical.com.ar\/notas\/var\/www\/html\/notas\/wp-content\/uploads\/2019\/03\/traspaso-EDESUR-y-EDENOR.jpg\" alt=\"\" class=\"wp-image-85331\" srcset=\"https:\/\/www.elsindical.com.ar\/notas\/var\/www\/html\/notas\/wp-content\/uploads\/2019\/03\/traspaso-EDESUR-y-EDENOR.jpg 970w, https:\/\/www.elsindical.com.ar\/notas\/var\/www\/html\/notas\/wp-content\/uploads\/2019\/03\/traspaso-EDESUR-y-EDENOR-300x169.jpg 300w, https:\/\/www.elsindical.com.ar\/notas\/var\/www\/html\/notas\/wp-content\/uploads\/2019\/03\/traspaso-EDESUR-y-EDENOR-768x432.jpg 768w, https:\/\/www.elsindical.com.ar\/notas\/var\/www\/html\/notas\/wp-content\/uploads\/2019\/03\/traspaso-EDESUR-y-EDENOR-500x281.jpg 500w, https:\/\/www.elsindical.com.ar\/notas\/var\/www\/html\/notas\/wp-content\/uploads\/2019\/03\/traspaso-EDESUR-y-EDENOR-460x260.jpg 460w\" sizes=\"auto, (max-width: 970px) 100vw, 970px\" \/><\/figure>\n\n\n\n<p>El acuerdo es el resultado del  Consenso Fiscal\u00a0de septiembre \u00faltimo.\u00a0Las distribuidoras el\u00e9ctricas  salen de la jurisdicci\u00f3n nacional\u00a0y pasan al control porte\u00f1o y  bonaerense.<\/p>\n\n\n\n<p>El ministro de Hacienda,<strong> Nicol\u00e1s Dujovne<\/strong>, la gobernadora de Buenos Aires,<strong>   Mar\u00eda Eugenia Vidal<\/strong>, y el jefe de Gobierno porte\u00f1o<strong>, Horacio Rodr\u00edguez Larreta<\/strong>, acordaron iniciar el pr\u00f3ximo viernes el proceso de traspaso de jurisdicci\u00f3n de las empresas distribuidoras de electricidad Edenor y   Edesur, y la creaci\u00f3n de un ente bipartito de control y regulaci\u00f3n.<\/p>\n\n\n\n<p>El acuerdo suscripto este jueves por la tarde en la Quinta de Olivos, y de la que tambi\u00e9n particip\u00f3 el secretario de Energ\u00eda, <strong>Gustavo Lopetequi<\/strong>,  es resultado del Consenso Fiscal firmado en septiembre en el cual se  consensu\u00f3 que las distribuidoras del \u00c1rea Metropolitana Buenos Aires  pasen a estar sujetas a la provincia y a la Ciudad Aut\u00f3noma.<br><br>Dujovne, Vidal y Rodr\u00edguez Larreta acordaron que <em>\u00aba partir del 1\u00ba de marzo 2019 se inicia el proceso de traspaso de Edenor y Edesur a la jurisdicci\u00f3n de la Provincia y de la CABA\u00bb<\/em>, por medio del cual ambas pasar\u00e1n a ejercer el poder de polic\u00eda sobre el servicio p\u00fablico que prestan las concesionarias.<\/p>\n\n\n\n<p>Adem\u00e1s de comprometerse a darle <em>\u00abla mayor celeridad a sus tr\u00e1mites administrativos\u00bb <\/em>tendientes a la finalizaci\u00f3n de este proceso, se acord\u00f3 <em>\u00abla creaci\u00f3n de un ente bipartito de control y regulaci\u00f3n del servicio p\u00fablico de distribuci\u00f3n el\u00e9ctrica<\/em>\u00ab, y a conformar sus ordenamientos jur\u00eddicos para la puesta en macha del nuevo ente.<\/p>\n\n\n\n<p>Uno de los puntos que se destaca del acuerdo precisa respecto a la continuidad de la tarifa social que \u00ab<em>a partir del 1\u00ba de enero de 2019, la provincia y la CABA afrontan con recursos propios las erogaciones asociadas\u00bb <\/em>a este beneficio.<\/p>\n\n\n\n<p>Adem\u00e1s, el Ente Nacional Regulador de la Electricidad, las \nconcesionarias y el organismo de control bipartito a crearse llevar\u00e1n a \ncabo <em>\u00abuna auditor\u00eda de corte de la situaci\u00f3n econ\u00f3mico-financiera de\n las empresas y de la situaci\u00f3n operativa y t\u00e9cnica del servicio p\u00fablico\n a su cargo\u00bb<\/em>.<\/p>\n","protected":false},"excerpt":{"rendered":"<p>El acuerdo es el resultado del Consenso Fiscal\u00a0de septiembre \u00faltimo.\u00a0Las distribuidoras el\u00e9ctricas salen de la jurisdicci\u00f3n nacional\u00a0y pasan al control porte\u00f1o y bonaerense. El ministro de Hacienda, Nicol\u00e1s Dujovne, la gobernadora de Buenos Aires, Mar\u00eda Eugenia Vidal, y el jefe de Gobierno porte\u00f1o, Horacio Rodr\u00edguez Larreta, acordaron iniciar el pr\u00f3ximo viernes el proceso de traspaso&hellip;<\/p>\n","protected":false},"author":1,"featured_media":85331,"comment_status":"open","ping_status":"open","sticky":false,"template":"","format":"standard","meta":{"footnotes":""},"categories":[13],"tags":[2973,374,1943],"class_list":["post-85330","post","type-post","status-publish","format-standard","has-post-thumbnail","hentry","category-politica","tag-edenor","tag-edesur","tag-horacio-rodriguez-larreta"],"_links":{"self":[{"href":"https:\/\/www.elsindical.com.ar\/notas\/wp-json\/wp\/v2\/posts\/85330","targetHints":{"allow":["GET"]}}],"collection":[{"href":"https:\/\/www.elsindical.com.ar\/notas\/wp-json\/wp\/v2\/posts"}],"about":[{"href":"https:\/\/www.elsindical.com.ar\/notas\/wp-json\/wp\/v2\/types\/post"}],"author":[{"embeddable":true,"href":"https:\/\/www.elsindical.com.ar\/notas\/wp-json\/wp\/v2\/users\/1"}],"replies":[{"embeddable":true,"href":"https:\/\/www.elsindical.com.ar\/notas\/wp-json\/wp\/v2\/comments?post=85330"}],"version-history":[{"count":1,"href":"https:\/\/www.elsindical.com.ar\/notas\/wp-json\/wp\/v2\/posts\/85330\/revisions"}],"predecessor-version":[{"id":85332,"href":"https:\/\/www.elsindical.com.ar\/notas\/wp-json\/wp\/v2\/posts\/85330\/revisions\/85332"}],"wp:featuredmedia":[{"embeddable":true,"href":"https:\/\/www.elsindical.com.ar\/notas\/wp-json\/wp\/v2\/media\/85331"}],"wp:attachment":[{"href":"https:\/\/www.elsindical.com.ar\/notas\/wp-json\/wp\/v2\/media?parent=85330"}],"wp:term":[{"taxonomy":"category","embeddable":true,"href":"https:\/\/www.elsindical.com.ar\/notas\/wp-json\/wp\/v2\/categories?post=85330"},{"taxonomy":"post_tag","embeddable":true,"href":"https:\/\/www.elsindical.com.ar\/notas\/wp-json\/wp\/v2\/tags?post=85330"}],"curies":[{"name":"wp","href":"https:\/\/api.w.org\/{rel}","templated":true}]}}