{"id":85328,"date":"2019-03-01T00:31:51","date_gmt":"2019-03-01T03:31:51","guid":{"rendered":"http:\/\/www.elsindical.com.ar\/notas\/?p=85328"},"modified":"2019-03-01T00:31:51","modified_gmt":"2019-03-01T03:31:51","slug":"efemerides-del-dia-1-de-marzo-6","status":"publish","type":"post","link":"https:\/\/www.elsindical.com.ar\/notas\/efemerides-del-dia-1-de-marzo-6\/","title":{"rendered":"EFEM\u00c9RIDES: DEL D\u00cdA 1 DE MARZO"},"content":{"rendered":"\n<p>\u2013 D\u00eda Mundial del Reciclador de Base<\/p>\n\n\n\n<p>\u2013 D\u00eda Internacional para la Cero Discriminaci\u00f3n<\/p>\n\n\n\n<p>\u2013 En Argentina: D\u00eda del Ferroviario<\/p>\n\n\n\n<p>\u2013 En Argentina: D\u00eda nacional del transporte.<\/p>\n\n\n\n<p>1444 \u2013 Nace Alejandro Botticelli, pintor italiano.<\/p>\n\n\n\n<p>1493\n \u2013 La carabela \u201cLa Pinta\u201d arriba al puerto de Bayona (Pontevedra), \nprimer lugar de Europa en el que se supo la noticia del descubrimiento \nde Am\u00e9rica.<\/p>\n\n\n\n<p>1565 \u2013 Se funda la ciudad de R\u00edo de Janeiro.<\/p>\n\n\n\n<p>1808 \u2013 Napole\u00f3n Bonaparte crea la llamada \u201cnobleza imperial\u201d, formada por generales del Ej\u00e9rcito.<\/p>\n\n\n\n<p>1810 \u2013 Nace Federico Chopin, compositor polaco.<\/p>\n\n\n\n<p>1852 \u2013 Comienza en Uruguay la presidencia de Juan Francisco Gir\u00f3, apoyado por el Partido Blanco.<\/p>\n\n\n\n<p>1867 \u2013 El estado de Nebraska pasa a formar parte de la Uni\u00f3n estadounidense.<\/p>\n\n\n\n<figure><iframe allowfullscreen=\"true\" width=\"630\" height=\"158\"><\/iframe><\/figure>\n\n\n\n<p>1870 \u2013 Muere Francisco Solano L\u00f3pez, dictador paraguayo.<\/p>\n\n\n\n<p>1872 \u2013 Yellowstone se transforma en el primer Parque Nacional en el mundo.<\/p>\n\n\n\n<p>1879 \u2013 Bolivia declara la guerra a Chile, en la que el primero de estos pa\u00edses perdi\u00f3 todo su litoral del Pac\u00edfico.<\/p>\n\n\n\n<p>1890 \u2013 Nace el artista pl\u00e1stico argentino Benito Quinquela Mart\u00edn.<\/p>\n\n\n\n<p>1896 \u2013 El f\u00edsico franc\u00e9s Henri Becquerel descubre una nueva propiedad de la materia que recibe el nombre de \u201cradiactividad\u201d.<\/p>\n\n\n\n<p>1896 \u2013 En la batalla de Adua los et\u00edopes masacran a los italianos.<\/p>\n\n\n\n<p>1904 \u2013 Nace Glenn Miller, director de orquesta.<\/p>\n\n\n\n<p>1905 \u2013 Aparece en Argentina el diario \u201cLa Raz\u00f3n\u201d, fundado por Emilio Morales.<\/p>\n\n\n\n<p>1910 \u2013 Nace David Niven, actor brit\u00e1nico.<\/p>\n\n\n\n<p>1914 \u2013 Muere Jorge Newbery al estrellarse su avi\u00f3n cerca de Mendoza.<\/p>\n\n\n\n<p>1919\n \u2013 Los coreanos se manifiestan en pro de la independencia nacional y los\n japoneses, ocupantes del pa\u00eds, matan a 7.000 personas y detienen a \n200.000.<\/p>\n","protected":false},"excerpt":{"rendered":"<p>\u2013 D\u00eda Mundial del Reciclador de Base \u2013 D\u00eda Internacional para la Cero Discriminaci\u00f3n \u2013 En Argentina: D\u00eda del Ferroviario \u2013 En Argentina: D\u00eda nacional del transporte. 1444 \u2013 Nace Alejandro Botticelli, pintor italiano. 1493 \u2013 La carabela \u201cLa Pinta\u201d arriba al puerto de Bayona (Pontevedra), primer lugar de Europa en el que se supo&hellip;<\/p>\n","protected":false},"author":1,"featured_media":0,"comment_status":"open","ping_status":"open","sticky":false,"template":"","format":"standard","meta":{"footnotes":""},"categories":[14],"tags":[],"class_list":["post-85328","post","type-post","status-publish","format-standard","hentry","category-efemerides"],"_links":{"self":[{"href":"https:\/\/www.elsindical.com.ar\/notas\/wp-json\/wp\/v2\/posts\/85328","targetHints":{"allow":["GET"]}}],"collection":[{"href":"https:\/\/www.elsindical.com.ar\/notas\/wp-json\/wp\/v2\/posts"}],"about":[{"href":"https:\/\/www.elsindical.com.ar\/notas\/wp-json\/wp\/v2\/types\/post"}],"author":[{"embeddable":true,"href":"https:\/\/www.elsindical.com.ar\/notas\/wp-json\/wp\/v2\/users\/1"}],"replies":[{"embeddable":true,"href":"https:\/\/www.elsindical.com.ar\/notas\/wp-json\/wp\/v2\/comments?post=85328"}],"version-history":[{"count":1,"href":"https:\/\/www.elsindical.com.ar\/notas\/wp-json\/wp\/v2\/posts\/85328\/revisions"}],"predecessor-version":[{"id":85329,"href":"https:\/\/www.elsindical.com.ar\/notas\/wp-json\/wp\/v2\/posts\/85328\/revisions\/85329"}],"wp:attachment":[{"href":"https:\/\/www.elsindical.com.ar\/notas\/wp-json\/wp\/v2\/media?parent=85328"}],"wp:term":[{"taxonomy":"category","embeddable":true,"href":"https:\/\/www.elsindical.com.ar\/notas\/wp-json\/wp\/v2\/categories?post=85328"},{"taxonomy":"post_tag","embeddable":true,"href":"https:\/\/www.elsindical.com.ar\/notas\/wp-json\/wp\/v2\/tags?post=85328"}],"curies":[{"name":"wp","href":"https:\/\/api.w.org\/{rel}","templated":true}]}}