{"id":85304,"date":"2019-02-28T10:50:50","date_gmt":"2019-02-28T13:50:50","guid":{"rendered":"http:\/\/www.elsindical.com.ar\/notas\/?p=85304"},"modified":"2019-02-28T10:50:50","modified_gmt":"2019-02-28T13:50:50","slug":"el-foro-de-abogadas-y-abogados-de-organizaciones-sindicales-celebro-una-nuevo-encuentro-donde-ratifico-su-posicion-en-defensa-de-los-derechos-laborales","status":"publish","type":"post","link":"https:\/\/www.elsindical.com.ar\/notas\/el-foro-de-abogadas-y-abogados-de-organizaciones-sindicales-celebro-una-nuevo-encuentro-donde-ratifico-su-posicion-en-defensa-de-los-derechos-laborales\/","title":{"rendered":"El Foro de Abogadas y Abogados de Organizaciones Sindicales celebr\u00f3 una nuevo encuentro donde ratific\u00f3 su posici\u00f3n en defensa de los derechos laborales"},"content":{"rendered":"\n<figure class=\"wp-block-image\"><img loading=\"lazy\" decoding=\"async\" width=\"1024\" height=\"632\" src=\"http:\/\/www.elsindical.com.ar\/notas\/var\/www\/html\/notas\/wp-content\/uploads\/2019\/02\/Foro-abaogados-laborales-1024x632.jpg\" alt=\"\" class=\"wp-image-85305\" srcset=\"https:\/\/www.elsindical.com.ar\/notas\/var\/www\/html\/notas\/wp-content\/uploads\/2019\/02\/Foro-abaogados-laborales.jpg 1024w, https:\/\/www.elsindical.com.ar\/notas\/var\/www\/html\/notas\/wp-content\/uploads\/2019\/02\/Foro-abaogados-laborales-300x185.jpg 300w, https:\/\/www.elsindical.com.ar\/notas\/var\/www\/html\/notas\/wp-content\/uploads\/2019\/02\/Foro-abaogados-laborales-768x474.jpg 768w, https:\/\/www.elsindical.com.ar\/notas\/var\/www\/html\/notas\/wp-content\/uploads\/2019\/02\/Foro-abaogados-laborales-486x300.jpg 486w\" sizes=\"auto, (max-width: 1024px) 100vw, 1024px\" \/><\/figure>\n\n\n\n<p class=\"wp-block-paragraph\">El pasado 22 de febrero, en el sede del Colegio P\u00fablico de Abogados, el Foro de  Abogadas y Abogados de Organizaciones Sindicales celebr\u00f3 su cuarto encuentro. All\u00ed los letrados sindicales volvieron a advertir sobre el rol de la autoridad de aplicaci\u00f3n en las relaciones laborales que ha mantenido su postura en las negociaciones colectivas de trabajo en detrimento de los intereses de los trabajadores.<\/p>\n\n\n\n<p class=\"wp-block-paragraph\"><strong>\u201cVemos con alarma los \nintentos de injerencia en la voluntad de las partes que buscan imponer \nmodalidades re\u00f1idas con el orden p\u00fablico laboral y la tutela efectiva de\n derechos\u201d,<\/strong> manifest\u00f3 el Foro a trav\u00e9s de un comunicado.<\/p>\n\n\n\n<p class=\"wp-block-paragraph\">Del mismo modo se denunci\u00f3 que&nbsp;<strong>\u201cen evidente contradicci\u00f3n con\n la autonom\u00eda colectiva, se intenta extorsionar a las entidades que \nrepresentan a los trabajadores para imponer cl\u00e1usulas peyorativas que el\n gobierno ha denominado eufem\u00edsticamente \u201creforma laboral sectorial\u201d \ncuya prueba de ensayo comenz\u00f3 sin \u00e9xito aun con los gremios \nmetal\u00fargicos, textiles y de la industria\u201d.&nbsp;<\/strong><\/p>\n\n\n\n<p class=\"wp-block-paragraph\">El Foro de Abogadas y Abogados Sindicalistas expres\u00f3 que su preocupaci\u00f3n por la <strong>\u201calarmante\n cantidad de despidos masivos y micro despidos en la peque\u00f1a y mediana \nempresa, las quiebras, procedimientos preventivos de crisis y cierres de\n establecimientos de ante la pasividad de la autoridad de aplicaci\u00f3n. La\n p\u00e9rdida de fuentes de trabajo y la rebaja del salario real son las \ncaracter\u00edsticas m\u00e1s salientes de la pol\u00edtica econ\u00f3mica y social de la \nactual gesti\u00f3n de gobierno\u201d<\/strong>.<\/p>\n\n\n\n<p class=\"wp-block-paragraph\">En tal sentido, los letrados precisaron que<strong> \u201cla p\u00e9rdida de \npuestos de trabajo se profundiz\u00f3 a partir de marzo del 2018 afectando a \nm\u00e1s de 140.000 trabajadores, tendencia que no llegado a su fin, sin que \nse hayan efectuado medidas efectivas en busca de protecci\u00f3n de puestos \nde trabajo y contenci\u00f3n social\u201d.&nbsp;<\/strong><\/p>\n\n\n\n<p class=\"wp-block-paragraph\"><strong>\u201cEl deterioro del salario real durante el 2018 fue el m\u00e1s \nimportante desde la crisis del 2002, con una ca\u00edda superior al 15 % en \nel caso de los trabajadores registrados del sector privado y aun mayor \nen el caso de los trabajadores del sector p\u00fablico.&nbsp;Por todo ello el Foro\n de Abogadas y Abogados de Organizaciones Sindicales ratifica las \nposiciones de que le dieron origen y las denuncias p\u00fablicas \noportunamente oportunamente formuladas\u201d<\/strong> concluyeron los abogados y abogadas de organizaciones sindicales.<\/p>\n","protected":false},"excerpt":{"rendered":"<p>El pasado 22 de febrero, en el sede del Colegio P\u00fablico de Abogados, el Foro de Abogadas y Abogados de Organizaciones Sindicales celebr\u00f3 su cuarto encuentro. All\u00ed los letrados sindicales volvieron a advertir sobre el rol de la autoridad de aplicaci\u00f3n en las relaciones laborales que ha mantenido su postura en las negociaciones colectivas de&hellip;<\/p>\n","protected":false},"author":1,"featured_media":85305,"comment_status":"open","ping_status":"open","sticky":false,"template":"","format":"standard","meta":{"footnotes":""},"categories":[16],"tags":[693,30496,30497],"class_list":["post-85304","post","type-post","status-publish","format-standard","has-post-thumbnail","hentry","category-gremiales","tag-derechos-laborales","tag-foro-abogados-laborales","tag-organizaciones-sindicales"],"_links":{"self":[{"href":"https:\/\/www.elsindical.com.ar\/notas\/wp-json\/wp\/v2\/posts\/85304","targetHints":{"allow":["GET"]}}],"collection":[{"href":"https:\/\/www.elsindical.com.ar\/notas\/wp-json\/wp\/v2\/posts"}],"about":[{"href":"https:\/\/www.elsindical.com.ar\/notas\/wp-json\/wp\/v2\/types\/post"}],"author":[{"embeddable":true,"href":"https:\/\/www.elsindical.com.ar\/notas\/wp-json\/wp\/v2\/users\/1"}],"replies":[{"embeddable":true,"href":"https:\/\/www.elsindical.com.ar\/notas\/wp-json\/wp\/v2\/comments?post=85304"}],"version-history":[{"count":1,"href":"https:\/\/www.elsindical.com.ar\/notas\/wp-json\/wp\/v2\/posts\/85304\/revisions"}],"predecessor-version":[{"id":85306,"href":"https:\/\/www.elsindical.com.ar\/notas\/wp-json\/wp\/v2\/posts\/85304\/revisions\/85306"}],"wp:featuredmedia":[{"embeddable":true,"href":"https:\/\/www.elsindical.com.ar\/notas\/wp-json\/wp\/v2\/media\/85305"}],"wp:attachment":[{"href":"https:\/\/www.elsindical.com.ar\/notas\/wp-json\/wp\/v2\/media?parent=85304"}],"wp:term":[{"taxonomy":"category","embeddable":true,"href":"https:\/\/www.elsindical.com.ar\/notas\/wp-json\/wp\/v2\/categories?post=85304"},{"taxonomy":"post_tag","embeddable":true,"href":"https:\/\/www.elsindical.com.ar\/notas\/wp-json\/wp\/v2\/tags?post=85304"}],"curies":[{"name":"wp","href":"https:\/\/api.w.org\/{rel}","templated":true}]}}