{"id":85181,"date":"2019-02-25T11:26:03","date_gmt":"2019-02-25T14:26:03","guid":{"rendered":"http:\/\/www.elsindical.com.ar\/notas\/?p=85181"},"modified":"2019-02-25T11:26:03","modified_gmt":"2019-02-25T14:26:03","slug":"el-jaguel-un-policia-fue-asesinado","status":"publish","type":"post","link":"https:\/\/www.elsindical.com.ar\/notas\/el-jaguel-un-policia-fue-asesinado\/","title":{"rendered":"El Jag\u00fcel: Un polic\u00eda fue asesinado"},"content":{"rendered":"\n<figure class=\"wp-block-image\"><img loading=\"lazy\" decoding=\"async\" width=\"400\" height=\"296\" src=\"http:\/\/www.elsindical.com.ar\/notas\/var\/www\/html\/notas\/wp-content\/uploads\/2019\/02\/Braian-A\u00f1asco.jpeg\" alt=\"\" class=\"wp-image-85182\" srcset=\"https:\/\/www.elsindical.com.ar\/notas\/var\/www\/html\/notas\/wp-content\/uploads\/2019\/02\/Braian-A\u00f1asco.jpeg 400w, https:\/\/www.elsindical.com.ar\/notas\/var\/www\/html\/notas\/wp-content\/uploads\/2019\/02\/Braian-A\u00f1asco-300x222.jpeg 300w\" sizes=\"auto, (max-width: 400px) 100vw, 400px\" \/><\/figure>\n\n\n\n<p> Se trata de un joven oficial de la  Polic\u00eda de Seguridad Aeroportuaria (PSA). Lo balearon cuando llegaba a  su vivienda y los investigadores descartan la hip\u00f3tesis de robo. <\/p>\n\n\n\n<p>Un oficial de la Polic\u00eda de Seguridad Aeroportuaria (PSA) fue asesinado de un balazo cuando llegaba a su casa de El Jag\u00fcel, en Esteban Echeverr\u00eda, y se investiga si el homicidio ocurri\u00f3 en el marco de un problema sentimental, informaron fuentes judiciales y policiales.<\/p>\n\n\n\n<p>El hecho se registr\u00f3 el s\u00e1bado a la noche, alrededor de las 22:00 hs.  Fuentes judiciales informaron que todo comenz\u00f3 cuando la v\u00edctima,  identificada como Brian A\u00f1asco (27), estaba por ingresar a su casa  situada en un complejo donde viven integrantes de distintas fuerzas de  seguridad.<\/p>\n\n\n\n<p>El oficial ayudante de la PSA regresaba a su vivienda tras haber \ncumplido su jornada laboral que habitualmente realizaba en la Unidad \nOperacional Ezeiza. En ese momento, A\u00f1asco fue sorprendido por un \ndelincuente armado que efectu\u00f3 un \u00fanico disparo que le caus\u00f3 graves \nheridas.<\/p>\n\n\n\n<p>La pareja de la v\u00edctima, tambi\u00e9n integrante de la PSA, estaba en el \nprimer piso de uno de los edificios y escuch\u00f3 la detonaci\u00f3n, tras lo \ncual encontr\u00f3 al joven malherido. Seg\u00fan las fuentes, el agresor se \nescap\u00f3 del lugar sin haber consumado un robo ya que la v\u00edctima ten\u00eda su \nreloj y su tel\u00e9fono celular, entre otras pertenencias.<\/p>\n\n\n\n<p>El oficial fue trasladado con ayuda de sus vecinos al Hospital Santamarina de Monte Grande,  donde fue atendido por los m\u00e9dicos pero muri\u00f3 como consecuencia de las  lesiones sufridas. \u201cEs raro que hayan querido robarle en la entrada del  complejo porque se sabe que ah\u00ed viven polic\u00edas y gendarmes, estamos  investigando las circunstancias, afirm\u00f3 un vocero encargado de la  pesquisa.<\/p>\n\n\n\n<p>Por ese motivo, efectivos de la comisar\u00eda 5ta. de El Jag\u00fcel \ndescartaron, en principio, la hip\u00f3tesis del intento de robo. Al \nrespecto, los pesquisas sospechan que el crimen puede haber estado \nvinculado a su relaci\u00f3n con la mujer y se investiga si lo asesinaron por\n venganza, a\u00f1adieron las fuentes.<\/p>\n\n\n\n<p>El hecho es investigado por el fiscal Andr\u00e9s Devoto, a cargo de la \nUnidad Funcional de Instrucci\u00f3n (UFI) 1 descentralizada en Esteban \nEcheverr\u00eda, Departamento Judicial Lomas de Zamora.<\/p>\n","protected":false},"excerpt":{"rendered":"<p>Se trata de un joven oficial de la Polic\u00eda de Seguridad Aeroportuaria (PSA). Lo balearon cuando llegaba a su vivienda y los investigadores descartan la hip\u00f3tesis de robo. Un oficial de la Polic\u00eda de Seguridad Aeroportuaria (PSA) fue asesinado de un balazo cuando llegaba a su casa de El Jag\u00fcel, en Esteban Echeverr\u00eda, y se&hellip;<\/p>\n","protected":false},"author":1,"featured_media":85182,"comment_status":"open","ping_status":"open","sticky":false,"template":"","format":"standard","meta":{"footnotes":""},"categories":[22],"tags":[30457,4786,839],"class_list":["post-85181","post","type-post","status-publish","format-standard","has-post-thumbnail","hentry","category-policiales","tag-brian-anasco","tag-el-jaguel","tag-psa"],"_links":{"self":[{"href":"https:\/\/www.elsindical.com.ar\/notas\/wp-json\/wp\/v2\/posts\/85181","targetHints":{"allow":["GET"]}}],"collection":[{"href":"https:\/\/www.elsindical.com.ar\/notas\/wp-json\/wp\/v2\/posts"}],"about":[{"href":"https:\/\/www.elsindical.com.ar\/notas\/wp-json\/wp\/v2\/types\/post"}],"author":[{"embeddable":true,"href":"https:\/\/www.elsindical.com.ar\/notas\/wp-json\/wp\/v2\/users\/1"}],"replies":[{"embeddable":true,"href":"https:\/\/www.elsindical.com.ar\/notas\/wp-json\/wp\/v2\/comments?post=85181"}],"version-history":[{"count":1,"href":"https:\/\/www.elsindical.com.ar\/notas\/wp-json\/wp\/v2\/posts\/85181\/revisions"}],"predecessor-version":[{"id":85183,"href":"https:\/\/www.elsindical.com.ar\/notas\/wp-json\/wp\/v2\/posts\/85181\/revisions\/85183"}],"wp:featuredmedia":[{"embeddable":true,"href":"https:\/\/www.elsindical.com.ar\/notas\/wp-json\/wp\/v2\/media\/85182"}],"wp:attachment":[{"href":"https:\/\/www.elsindical.com.ar\/notas\/wp-json\/wp\/v2\/media?parent=85181"}],"wp:term":[{"taxonomy":"category","embeddable":true,"href":"https:\/\/www.elsindical.com.ar\/notas\/wp-json\/wp\/v2\/categories?post=85181"},{"taxonomy":"post_tag","embeddable":true,"href":"https:\/\/www.elsindical.com.ar\/notas\/wp-json\/wp\/v2\/tags?post=85181"}],"curies":[{"name":"wp","href":"https:\/\/api.w.org\/{rel}","templated":true}]}}