{"id":85170,"date":"2019-02-24T23:56:01","date_gmt":"2019-02-25T02:56:01","guid":{"rendered":"http:\/\/www.elsindical.com.ar\/notas\/?p=85170"},"modified":"2019-02-24T23:56:01","modified_gmt":"2019-02-25T02:56:01","slug":"lanus-matan-a-un-hombre-a-punaladas-durante-una-pelea-en-villa-barcelo","status":"publish","type":"post","link":"https:\/\/www.elsindical.com.ar\/notas\/lanus-matan-a-un-hombre-a-punaladas-durante-una-pelea-en-villa-barcelo\/","title":{"rendered":"Lan\u00fas: Matan a un hombre a pu\u00f1aladas durante una pelea en Villa Barcel\u00f3"},"content":{"rendered":"\n<figure class=\"wp-block-image\"><img loading=\"lazy\" decoding=\"async\" width=\"970\" height=\"546\" src=\"http:\/\/www.elsindical.com.ar\/notas\/var\/www\/html\/notas\/wp-content\/uploads\/2019\/02\/asesinato-en-Lan\u00fas-Villa-Barcel\u00f3.jpg\" alt=\"\" class=\"wp-image-85171\" srcset=\"https:\/\/www.elsindical.com.ar\/notas\/var\/www\/html\/notas\/wp-content\/uploads\/2019\/02\/asesinato-en-Lan\u00fas-Villa-Barcel\u00f3.jpg 970w, https:\/\/www.elsindical.com.ar\/notas\/var\/www\/html\/notas\/wp-content\/uploads\/2019\/02\/asesinato-en-Lan\u00fas-Villa-Barcel\u00f3-300x169.jpg 300w, https:\/\/www.elsindical.com.ar\/notas\/var\/www\/html\/notas\/wp-content\/uploads\/2019\/02\/asesinato-en-Lan\u00fas-Villa-Barcel\u00f3-768x432.jpg 768w, https:\/\/www.elsindical.com.ar\/notas\/var\/www\/html\/notas\/wp-content\/uploads\/2019\/02\/asesinato-en-Lan\u00fas-Villa-Barcel\u00f3-500x281.jpg 500w, https:\/\/www.elsindical.com.ar\/notas\/var\/www\/html\/notas\/wp-content\/uploads\/2019\/02\/asesinato-en-Lan\u00fas-Villa-Barcel\u00f3-460x260.jpg 460w\" sizes=\"auto, (max-width: 970px) 100vw, 970px\" \/><\/figure>\n\n\n\n<p class=\"wp-block-paragraph\">El hecho se origin\u00f3 por una  discusi\u00f3n entre tres sujetos\u00a0en la mencionada localidad del partido de  Lan\u00fas. Las dos personas heridas, fueron arrestadas por tener  antecedentes policiales.<\/p>\n\n\n\n<p class=\"wp-block-paragraph\">Un hombre de 39 a\u00f1os fue asesinado a   pu\u00f1aladas y otros dos j\u00f3venes resultaron gravemente heridos en una pelea en la localidad bonaerense de Villa Barcel\u00f3.<\/p>\n\n\n\n<p class=\"wp-block-paragraph\">El hecho ocurri\u00f3 el s\u00e1bado pasado,\u00a0alrededor de las 9.30, en el cruce  de avenida Centenario y Almeyda, en la mencionada localidad del partido  de   Lan\u00fas.<\/p>\n\n\n\n<p class=\"wp-block-paragraph\">Fuentes policiales informaron que efectivos de la comisar\u00eda 10ma.  arribaron al lugar tras un llamado al 911 debido a que hab\u00eda una pelea.\u00a0<br><br>El personal encontr\u00f3 a un sujeto, identificado como <strong>Dar\u00edo Rub\u00e9n Parra<\/strong>, muerto en el piso como consecuencia de dos pu\u00f1aladas en el pecho. <br><br>Seg\u00fan las fuentes, la v\u00edctima\u00a0mantuvo una disputa con otros dos muchachos de 24 y 28 a\u00f1os por problemas de vieja data.\u00a0<br><br>Esos  j\u00f3venes fueron trasladados al hospital Melo de Remedios de Escalada y  quedaron internados en grave estado al haber recibido distintas heridas  de arma blanca.\u00a0<br><br>Los investigadores establecieron que ambos ten\u00edan antecedentes penales, por lo que quedaron bajo custodia policial.\u00a0<br><br>El  hecho es investigado por personal de la Unidad Funcional de Instrucci\u00f3n  (UFI) 3 descentralizada en la localidad , Departamento Judicial Lomas  de Zamora.<\/p>\n","protected":false},"excerpt":{"rendered":"<p>El hecho se origin\u00f3 por una discusi\u00f3n entre tres sujetos\u00a0en la mencionada localidad del partido de Lan\u00fas. Las dos personas heridas, fueron arrestadas por tener antecedentes policiales. Un hombre de 39 a\u00f1os fue asesinado a pu\u00f1aladas y otros dos j\u00f3venes resultaron gravemente heridos en una pelea en la localidad bonaerense de Villa Barcel\u00f3. El hecho&hellip;<\/p>\n","protected":false},"author":1,"featured_media":85171,"comment_status":"open","ping_status":"open","sticky":false,"template":"","format":"standard","meta":{"footnotes":""},"categories":[22],"tags":[3300,209,18727],"class_list":["post-85170","post","type-post","status-publish","format-standard","has-post-thumbnail","hentry","category-policiales","tag-apunalado","tag-lanus","tag-villa-barcelo"],"_links":{"self":[{"href":"https:\/\/www.elsindical.com.ar\/notas\/wp-json\/wp\/v2\/posts\/85170","targetHints":{"allow":["GET"]}}],"collection":[{"href":"https:\/\/www.elsindical.com.ar\/notas\/wp-json\/wp\/v2\/posts"}],"about":[{"href":"https:\/\/www.elsindical.com.ar\/notas\/wp-json\/wp\/v2\/types\/post"}],"author":[{"embeddable":true,"href":"https:\/\/www.elsindical.com.ar\/notas\/wp-json\/wp\/v2\/users\/1"}],"replies":[{"embeddable":true,"href":"https:\/\/www.elsindical.com.ar\/notas\/wp-json\/wp\/v2\/comments?post=85170"}],"version-history":[{"count":1,"href":"https:\/\/www.elsindical.com.ar\/notas\/wp-json\/wp\/v2\/posts\/85170\/revisions"}],"predecessor-version":[{"id":85172,"href":"https:\/\/www.elsindical.com.ar\/notas\/wp-json\/wp\/v2\/posts\/85170\/revisions\/85172"}],"wp:featuredmedia":[{"embeddable":true,"href":"https:\/\/www.elsindical.com.ar\/notas\/wp-json\/wp\/v2\/media\/85171"}],"wp:attachment":[{"href":"https:\/\/www.elsindical.com.ar\/notas\/wp-json\/wp\/v2\/media?parent=85170"}],"wp:term":[{"taxonomy":"category","embeddable":true,"href":"https:\/\/www.elsindical.com.ar\/notas\/wp-json\/wp\/v2\/categories?post=85170"},{"taxonomy":"post_tag","embeddable":true,"href":"https:\/\/www.elsindical.com.ar\/notas\/wp-json\/wp\/v2\/tags?post=85170"}],"curies":[{"name":"wp","href":"https:\/\/api.w.org\/{rel}","templated":true}]}}