{"id":8514,"date":"2010-08-12T02:31:10","date_gmt":"2010-08-12T05:31:10","guid":{"rendered":"http:\/\/www.elsindical.com.ar\/notas\/?p=8514"},"modified":"2017-05-26T09:50:20","modified_gmt":"2017-05-26T12:50:20","slug":"ceremonia-de-la-pachamama-en-el-zoo","status":"publish","type":"post","link":"https:\/\/www.elsindical.com.ar\/notas\/ceremonia-de-la-pachamama-en-el-zoo\/","title":{"rendered":"Ceremonia de la Pachamama en el Zoo"},"content":{"rendered":"<p><a href=\"http:\/\/www.elsindical.com.ar\/notas\/var\/www\/html\/notas\/wp-content\/uploads\/2010\/08\/zoo-y-Pachamama.jpg\"><img loading=\"lazy\" decoding=\"async\" class=\"alignleft size-medium wp-image-8515\" title=\"zoo-y-Pachamama\" src=\"http:\/\/www.elsindical.com.ar\/notas\/var\/www\/html\/notas\/wp-content\/uploads\/2010\/08\/zoo-y-Pachamama-300x88.jpg\" alt=\"\" width=\"300\" height=\"88\" srcset=\"https:\/\/www.elsindical.com.ar\/notas\/var\/www\/html\/notas\/wp-content\/uploads\/2010\/08\/zoo-y-Pachamama-300x88.jpg 300w, https:\/\/www.elsindical.com.ar\/notas\/var\/www\/html\/notas\/wp-content\/uploads\/2010\/08\/zoo-y-Pachamama.jpg 425w\" sizes=\"auto, (max-width: 300px) 100vw, 300px\" \/><\/a>Reproducimos comunicado de prensa:<\/p>\n<p style=\"text-align: justify;\">Agosto es el mes de la Tierra y el ZOO de Buenos Aires se une a los pueblos originarios para celebrar la ceremonia de la Pachamama.<\/p>\n<p style=\"text-align: justify;\">Lideres espirituales de la asociaci\u00f3n Mink\u00b4akuy Tawantinsuyupaq, ser\u00e1n los encargados de poner un rezo, en su lengua originaria, para elevar una plegaria por la arm\u00f3nica convivencia con todas las formas de vida. Los hermanos andinos, durante miles de a\u00f1os, vienen conservando esta antigua tradici\u00f3n de agradecimiento y reciprocidad con todo cuanto existe.<\/p>\n<p style=\"text-align: justify;\">El ZOO de Buenos Aires, en sus espacios de tradici\u00f3n milenaria, se prepara para vivir una gran fiesta comunitaria que honra la vida, un encuentro ancestral donde la principal agasajada es la Madre Tierra.<\/p>\n<p style=\"text-align: justify;\">Mink\u2019akuy Tawantinsuyupaq, Centro Cultural \u201cHijos del Pueblo\u201d, la Fundaci\u00f3n Bioandina Argentina y el Zoo de Buenos Aires, los invitan a compartir y participar de la Ceremonia de la PACHAMAMA, a realizarse el d\u00eda Jueves 12 de Agosto, en el ZOO porte\u00f1o, a las 10:30 am.<\/p>\n<p style=\"text-align: justify;\">Los esperamos este jueves 12 de AGOSTO a las 10:30hs en el recinto de llamas y alpacas para compartir esta colorida fiesta en el MES DE LA PACHAMAMA.\u00a0<\/p>\n<p style=\"text-align: justify;\">\u00a0<\/p>\n<p style=\"text-align: justify;\">Ana Mar\u00eda Pirra<\/p>\n<p style=\"text-align: justify;\">Gerente de Prensa, RR.PP e Institucionales<\/p>\n<p style=\"text-align: justify;\">Zool\u00f3gico de Bs. As.<\/p>\n<p style=\"text-align: justify;\">15 69901191<\/p>\n","protected":false},"excerpt":{"rendered":"<p>Reproducimos comunicado de prensa: Agosto es el mes de la Tierra y el ZOO de Buenos Aires se une a los pueblos originarios para celebrar la ceremonia de la Pachamama. Lideres espirituales de la asociaci\u00f3n Mink\u00b4akuy Tawantinsuyupaq, ser\u00e1n los encargados de poner un rezo, en su lengua originaria, para elevar una plegaria por la arm\u00f3nica&hellip;<\/p>\n","protected":false},"author":1,"featured_media":0,"comment_status":"open","ping_status":"open","sticky":false,"template":"","format":"standard","meta":{"footnotes":""},"categories":[25],"tags":[99,4147,2772],"class_list":["post-8514","post","type-post","status-publish","format-standard","hentry","category-sociedad","tag-chicos","tag-pachamama","tag-zoologico-de-buenos-aires"],"_links":{"self":[{"href":"https:\/\/www.elsindical.com.ar\/notas\/wp-json\/wp\/v2\/posts\/8514","targetHints":{"allow":["GET"]}}],"collection":[{"href":"https:\/\/www.elsindical.com.ar\/notas\/wp-json\/wp\/v2\/posts"}],"about":[{"href":"https:\/\/www.elsindical.com.ar\/notas\/wp-json\/wp\/v2\/types\/post"}],"author":[{"embeddable":true,"href":"https:\/\/www.elsindical.com.ar\/notas\/wp-json\/wp\/v2\/users\/1"}],"replies":[{"embeddable":true,"href":"https:\/\/www.elsindical.com.ar\/notas\/wp-json\/wp\/v2\/comments?post=8514"}],"version-history":[{"count":2,"href":"https:\/\/www.elsindical.com.ar\/notas\/wp-json\/wp\/v2\/posts\/8514\/revisions"}],"predecessor-version":[{"id":68274,"href":"https:\/\/www.elsindical.com.ar\/notas\/wp-json\/wp\/v2\/posts\/8514\/revisions\/68274"}],"wp:attachment":[{"href":"https:\/\/www.elsindical.com.ar\/notas\/wp-json\/wp\/v2\/media?parent=8514"}],"wp:term":[{"taxonomy":"category","embeddable":true,"href":"https:\/\/www.elsindical.com.ar\/notas\/wp-json\/wp\/v2\/categories?post=8514"},{"taxonomy":"post_tag","embeddable":true,"href":"https:\/\/www.elsindical.com.ar\/notas\/wp-json\/wp\/v2\/tags?post=8514"}],"curies":[{"name":"wp","href":"https:\/\/api.w.org\/{rel}","templated":true}]}}