{"id":85127,"date":"2019-02-22T00:03:27","date_gmt":"2019-02-22T03:03:27","guid":{"rendered":"http:\/\/www.elsindical.com.ar\/notas\/?p=85127"},"modified":"2019-02-22T00:03:42","modified_gmt":"2019-02-22T03:03:42","slug":"avellaneda-leo-garcia-se-presenta-este-viernes-en-el-teatro-roma","status":"publish","type":"post","link":"https:\/\/www.elsindical.com.ar\/notas\/avellaneda-leo-garcia-se-presenta-este-viernes-en-el-teatro-roma\/","title":{"rendered":"Avellaneda: Leo Garc\u00eda se presenta este viernes en el Teatro Roma"},"content":{"rendered":"\n<figure class=\"wp-block-image\"><img loading=\"lazy\" decoding=\"async\" width=\"640\" height=\"476\" src=\"http:\/\/www.elsindical.com.ar\/notas\/var\/www\/html\/notas\/wp-content\/uploads\/2019\/02\/Leo-Garc\u00eda-en-Avellaneda.jpg\" alt=\"\" class=\"wp-image-85128\" srcset=\"https:\/\/www.elsindical.com.ar\/notas\/var\/www\/html\/notas\/wp-content\/uploads\/2019\/02\/Leo-Garc\u00eda-en-Avellaneda.jpg 640w, https:\/\/www.elsindical.com.ar\/notas\/var\/www\/html\/notas\/wp-content\/uploads\/2019\/02\/Leo-Garc\u00eda-en-Avellaneda-300x223.jpg 300w, https:\/\/www.elsindical.com.ar\/notas\/var\/www\/html\/notas\/wp-content\/uploads\/2019\/02\/Leo-Garc\u00eda-en-Avellaneda-403x300.jpg 403w\" sizes=\"auto, (max-width: 640px) 100vw, 640px\" \/><\/figure>\n\n\n\n<p class=\"wp-block-paragraph\">El m\u00fasico y cantante Leo Garc\u00eda se presentar\u00e1 este viernes, a las 21,\n en el Teatro Roma de Avellaneda. Ser\u00e1 en el ciclo #M\u00fasicaDeVerano.<\/p>\n\n\n\n<p class=\"wp-block-paragraph\">En esta oportunidad, el vers\u00e1til y experimentador Leo Garc\u00eda, estar\u00e1 \nacompa\u00f1ado por Juan Blas Caballero, Fernando Salamea y Javier Malosetti.\n A partir de un formato electroac\u00fastico novedoso, el artista invita \nsumergirse en su m\u00fasica.<\/p>\n\n\n\n<p class=\"wp-block-paragraph\">El Teatro Roma se encuentra en Sarmiento 109, en Avellaneda. La \nentrada general para recital tiene un costo de 120 pesos y se puede \ncomprar en &nbsp;Plateanet&nbsp;<a href=\"https:\/\/t.co\/FwZlWtLbmy\">https:\/\/t.co\/FwZlWtLbmy<\/a>&nbsp;M\u00e1s informaci\u00f3n por tel\u00e9fono al 4205-9647.<\/p>\n","protected":false},"excerpt":{"rendered":"<p>El m\u00fasico y cantante Leo Garc\u00eda se presentar\u00e1 este viernes, a las 21, en el Teatro Roma de Avellaneda. Ser\u00e1 en el ciclo #M\u00fasicaDeVerano. En esta oportunidad, el vers\u00e1til y experimentador Leo Garc\u00eda, estar\u00e1 acompa\u00f1ado por Juan Blas Caballero, Fernando Salamea y Javier Malosetti. A partir de un formato electroac\u00fastico novedoso, el artista invita sumergirse&hellip;<\/p>\n","protected":false},"author":1,"featured_media":85128,"comment_status":"open","ping_status":"open","sticky":false,"template":"","format":"standard","meta":{"footnotes":""},"categories":[15],"tags":[461,30446,3513],"class_list":["post-85127","post","type-post","status-publish","format-standard","has-post-thumbnail","hentry","category-espectaculos","tag-avellaneda","tag-leo-garcia","tag-teatro-roma"],"_links":{"self":[{"href":"https:\/\/www.elsindical.com.ar\/notas\/wp-json\/wp\/v2\/posts\/85127","targetHints":{"allow":["GET"]}}],"collection":[{"href":"https:\/\/www.elsindical.com.ar\/notas\/wp-json\/wp\/v2\/posts"}],"about":[{"href":"https:\/\/www.elsindical.com.ar\/notas\/wp-json\/wp\/v2\/types\/post"}],"author":[{"embeddable":true,"href":"https:\/\/www.elsindical.com.ar\/notas\/wp-json\/wp\/v2\/users\/1"}],"replies":[{"embeddable":true,"href":"https:\/\/www.elsindical.com.ar\/notas\/wp-json\/wp\/v2\/comments?post=85127"}],"version-history":[{"count":1,"href":"https:\/\/www.elsindical.com.ar\/notas\/wp-json\/wp\/v2\/posts\/85127\/revisions"}],"predecessor-version":[{"id":85129,"href":"https:\/\/www.elsindical.com.ar\/notas\/wp-json\/wp\/v2\/posts\/85127\/revisions\/85129"}],"wp:featuredmedia":[{"embeddable":true,"href":"https:\/\/www.elsindical.com.ar\/notas\/wp-json\/wp\/v2\/media\/85128"}],"wp:attachment":[{"href":"https:\/\/www.elsindical.com.ar\/notas\/wp-json\/wp\/v2\/media?parent=85127"}],"wp:term":[{"taxonomy":"category","embeddable":true,"href":"https:\/\/www.elsindical.com.ar\/notas\/wp-json\/wp\/v2\/categories?post=85127"},{"taxonomy":"post_tag","embeddable":true,"href":"https:\/\/www.elsindical.com.ar\/notas\/wp-json\/wp\/v2\/tags?post=85127"}],"curies":[{"name":"wp","href":"https:\/\/api.w.org\/{rel}","templated":true}]}}