{"id":85103,"date":"2019-02-21T07:24:12","date_gmt":"2019-02-21T10:24:12","guid":{"rendered":"http:\/\/www.elsindical.com.ar\/notas\/?p=85103"},"modified":"2019-02-21T07:24:12","modified_gmt":"2019-02-21T10:24:12","slug":"enero-en-rojo-para-la-industria-cayo-85-segun-informe-privado","status":"publish","type":"post","link":"https:\/\/www.elsindical.com.ar\/notas\/enero-en-rojo-para-la-industria-cayo-85-segun-informe-privado\/","title":{"rendered":"Enero en rojo para la industria: cay\u00f3 8,5%, seg\u00fan informe privado"},"content":{"rendered":"\n<figure class=\"wp-block-image\"><img loading=\"lazy\" decoding=\"async\" width=\"970\" height=\"546\" src=\"http:\/\/www.elsindical.com.ar\/notas\/var\/www\/html\/notas\/wp-content\/uploads\/2019\/02\/industria-argentina.jpg\" alt=\"\" class=\"wp-image-85104\" srcset=\"https:\/\/www.elsindical.com.ar\/notas\/var\/www\/html\/notas\/wp-content\/uploads\/2019\/02\/industria-argentina.jpg 970w, https:\/\/www.elsindical.com.ar\/notas\/var\/www\/html\/notas\/wp-content\/uploads\/2019\/02\/industria-argentina-300x169.jpg 300w, https:\/\/www.elsindical.com.ar\/notas\/var\/www\/html\/notas\/wp-content\/uploads\/2019\/02\/industria-argentina-768x432.jpg 768w, https:\/\/www.elsindical.com.ar\/notas\/var\/www\/html\/notas\/wp-content\/uploads\/2019\/02\/industria-argentina-500x281.jpg 500w, https:\/\/www.elsindical.com.ar\/notas\/var\/www\/html\/notas\/wp-content\/uploads\/2019\/02\/industria-argentina-460x260.jpg 460w\" sizes=\"auto, (max-width: 970px) 100vw, 970px\" \/><\/figure>\n\n\n\n<p> De acuerdo con las  estad\u00edsticas de la consultora, el 2018 arroj\u00f3 una ca\u00edda interanual del  2,8% . Mal comienzo de a\u00f1o en el sector industrial. <\/p>\n\n\n\n<p>Luego de un 2018 en recesi\u00f3n, <strong>la actividad industrial arranc\u00f3  enero con la misma tendencia y experiment\u00f3 una baja del 8,5% en  comparaci\u00f3n con igual mes del a\u00f1o pasado, seg\u00fan un informe de la  fundaci\u00f3n FIEL.<\/strong><\/p>\n\n\n\n<p>De acuerdo con las estad\u00edsticas de la consultora, <strong>el 2018 arroj\u00f3 una ca\u00edda interanual del 2,8% .<\/strong><\/p>\n\n\n\n<p>Si se corrigen los factores estacionales, en diciembre la  industria cay\u00f3 0,7% contra noviembre y en enero mostr\u00f3 un ligero avance  de 0,3% respecto de diciembre.<\/p>\n\n\n\n<p>El cuarto trimestre de 2018 registr\u00f3 una ca\u00edda interanual de la  actividad del 6.1%, mientras que en relaci\u00f3n al tercer trimestre la  actividad ajustada estacionalmente retrocedi\u00f3 2%.<\/p>\n\n\n\n<p>En 2018 el r\u00e1nking de crecimiento sectorial lo encabez\u00f3 la  producci\u00f3n sider\u00fargica (7,6%), seguida de la producci\u00f3n de papel y  celulosa (1.9%) y la de alimentos y bebidas (0.4%).<\/p>\n\n\n\n<p><strong>Tres ramas de la industria mostraron una contracci\u00f3n  inferior al promedio, comenzado con la producci\u00f3n automotriz (1%), y  siguiendo por la de insumos textiles (1,9%) y de minerales no met\u00e1licos  (2,3%).<\/strong><\/p>\n\n\n\n<p>Las restantes ramas de la industria registraron una ca\u00edda de la  producci\u00f3n mayor al promedio, incluyendo los despachos de cigarrillos  (3,2%), procesos de petr\u00f3leo (5,9%), la producci\u00f3n de insumos qu\u00edmicos y  pl\u00e1sticos (7%) y la metalmec\u00e1nica (8,7%).<\/p>\n\n\n\n<p>\u00abEn l\u00ednea con el desempe\u00f1o sectorial, la clasificaci\u00f3n de la  actividad industrial seg\u00fan el tipo de bienes muestra un retroceso para  todos ellos en 2018. La producci\u00f3n de bienes de capital, especialmente a  partir de la ca\u00edda en la producci\u00f3n de maquinaria agr\u00edcola, registr\u00f3 la  mayor contracci\u00f3n en el a\u00f1o que alcanz\u00f3 el 9%\u00bb, agreg\u00f3 la consultora.<\/p>\n\n\n\n<p>La producci\u00f3n de bienes de consumo durable se redujo 4.9% en el  a\u00f1o a partir de la combinaci\u00f3n de una menor producci\u00f3n automotriz y de  la l\u00ednea blanca.<\/p>\n","protected":false},"excerpt":{"rendered":"<p>De acuerdo con las estad\u00edsticas de la consultora, el 2018 arroj\u00f3 una ca\u00edda interanual del 2,8% . Mal comienzo de a\u00f1o en el sector industrial. Luego de un 2018 en recesi\u00f3n, la actividad industrial arranc\u00f3 enero con la misma tendencia y experiment\u00f3 una baja del 8,5% en comparaci\u00f3n con igual mes del a\u00f1o pasado, seg\u00fan&hellip;<\/p>\n","protected":false},"author":1,"featured_media":85104,"comment_status":"open","ping_status":"open","sticky":false,"template":"","format":"standard","meta":{"footnotes":""},"categories":[9],"tags":[30396,22023,16860],"class_list":["post-85103","post","type-post","status-publish","format-standard","has-post-thumbnail","hentry","category-economia","tag-caida-2","tag-economia","tag-industria"],"_links":{"self":[{"href":"https:\/\/www.elsindical.com.ar\/notas\/wp-json\/wp\/v2\/posts\/85103","targetHints":{"allow":["GET"]}}],"collection":[{"href":"https:\/\/www.elsindical.com.ar\/notas\/wp-json\/wp\/v2\/posts"}],"about":[{"href":"https:\/\/www.elsindical.com.ar\/notas\/wp-json\/wp\/v2\/types\/post"}],"author":[{"embeddable":true,"href":"https:\/\/www.elsindical.com.ar\/notas\/wp-json\/wp\/v2\/users\/1"}],"replies":[{"embeddable":true,"href":"https:\/\/www.elsindical.com.ar\/notas\/wp-json\/wp\/v2\/comments?post=85103"}],"version-history":[{"count":1,"href":"https:\/\/www.elsindical.com.ar\/notas\/wp-json\/wp\/v2\/posts\/85103\/revisions"}],"predecessor-version":[{"id":85105,"href":"https:\/\/www.elsindical.com.ar\/notas\/wp-json\/wp\/v2\/posts\/85103\/revisions\/85105"}],"wp:featuredmedia":[{"embeddable":true,"href":"https:\/\/www.elsindical.com.ar\/notas\/wp-json\/wp\/v2\/media\/85104"}],"wp:attachment":[{"href":"https:\/\/www.elsindical.com.ar\/notas\/wp-json\/wp\/v2\/media?parent=85103"}],"wp:term":[{"taxonomy":"category","embeddable":true,"href":"https:\/\/www.elsindical.com.ar\/notas\/wp-json\/wp\/v2\/categories?post=85103"},{"taxonomy":"post_tag","embeddable":true,"href":"https:\/\/www.elsindical.com.ar\/notas\/wp-json\/wp\/v2\/tags?post=85103"}],"curies":[{"name":"wp","href":"https:\/\/api.w.org\/{rel}","templated":true}]}}