{"id":85097,"date":"2019-02-21T00:33:49","date_gmt":"2019-02-21T03:33:49","guid":{"rendered":"http:\/\/www.elsindical.com.ar\/notas\/?p=85097"},"modified":"2019-02-21T00:33:49","modified_gmt":"2019-02-21T03:33:49","slug":"coca-cola-pidio-procedimiento-preventivo-de-crisis-para-su-planta-de-pompeya","status":"publish","type":"post","link":"https:\/\/www.elsindical.com.ar\/notas\/coca-cola-pidio-procedimiento-preventivo-de-crisis-para-su-planta-de-pompeya\/","title":{"rendered":"Coca Cola pidi\u00f3 procedimiento preventivo de crisis para su planta de Pompeya"},"content":{"rendered":"\n<figure class=\"wp-block-image\"><img loading=\"lazy\" decoding=\"async\" width=\"1024\" height=\"681\" src=\"http:\/\/www.elsindical.com.ar\/notas\/var\/www\/html\/notas\/wp-content\/uploads\/2019\/02\/planta-de-Coca-Cola-1024x681.jpg\" alt=\"\" class=\"wp-image-85098\" srcset=\"https:\/\/www.elsindical.com.ar\/notas\/var\/www\/html\/notas\/wp-content\/uploads\/2019\/02\/planta-de-Coca-Cola-1024x681.jpg 1024w, https:\/\/www.elsindical.com.ar\/notas\/var\/www\/html\/notas\/wp-content\/uploads\/2019\/02\/planta-de-Coca-Cola-300x200.jpg 300w, https:\/\/www.elsindical.com.ar\/notas\/var\/www\/html\/notas\/wp-content\/uploads\/2019\/02\/planta-de-Coca-Cola-768x511.jpg 768w, https:\/\/www.elsindical.com.ar\/notas\/var\/www\/html\/notas\/wp-content\/uploads\/2019\/02\/planta-de-Coca-Cola-451x300.jpg 451w, https:\/\/www.elsindical.com.ar\/notas\/var\/www\/html\/notas\/wp-content\/uploads\/2019\/02\/planta-de-Coca-Cola.jpg 1120w\" sizes=\"auto, (max-width: 1024px) 100vw, 1024px\" \/><\/figure>\n\n\n\n<p> La empresa explic\u00f3 que la decisi\u00f3n fue por la desaceleraci\u00f3n del consumo y que deben deben reestructurarse. <\/p>\n\n\n\n<p>La empresa <strong>Coca Cola-Femsa&nbsp;present\u00f3<\/strong> este mi\u00e9rcoles una solicitud de <strong>procedimiento preventivo de crisis (PPC) al Ministerio de Producci\u00f3n y Trabajo.<\/strong><\/p>\n\n\n\n<p>La principal embotelladora de gaseosa en la Argentina se\u00f1al\u00f3 que fue \npor la desaceleraci\u00f3n de consumo y que deben reestructurarse.<\/p>\n\n\n\n<p>Seg\u00fan detall\u00f3 el sitio TN, la compa\u00f1\u00eda atraviesa \u00abuna etapa compleja\u00bb\n por la ca\u00edda de ventas y deben \u00abreadecuar su estructura de trabajo\u00bb.<\/p>\n\n\n\n<p><strong>La&nbsp;medida afectar\u00e1 a 600 trabajadores de la planta ubicada en\n el barrio de Pompeya y no impactar\u00e1 en la que funciona en Esteban \nEcheverr\u00eda.<\/strong><\/p>\n\n\n\n<p>No obstante, se paut\u00f3 un encuentro entre ambas partes el viernes \npr\u00f3ximo para evaluar&nbsp;cu\u00e1les son las alternativas existentes y el camino a\n seguir.<\/p>\n","protected":false},"excerpt":{"rendered":"<p>La empresa explic\u00f3 que la decisi\u00f3n fue por la desaceleraci\u00f3n del consumo y que deben deben reestructurarse. La empresa Coca Cola-Femsa&nbsp;present\u00f3 este mi\u00e9rcoles una solicitud de procedimiento preventivo de crisis (PPC) al Ministerio de Producci\u00f3n y Trabajo. La principal embotelladora de gaseosa en la Argentina se\u00f1al\u00f3 que fue por la desaceleraci\u00f3n de consumo y que&hellip;<\/p>\n","protected":false},"author":1,"featured_media":85098,"comment_status":"open","ping_status":"open","sticky":false,"template":"","format":"standard","meta":{"footnotes":""},"categories":[28],"tags":[4556,30442,1269,26737],"class_list":["post-85097","post","type-post","status-publish","format-standard","has-post-thumbnail","hentry","category-empresariales","tag-coca-cola","tag-coca-cola-femsa","tag-pompeya","tag-ppc"],"_links":{"self":[{"href":"https:\/\/www.elsindical.com.ar\/notas\/wp-json\/wp\/v2\/posts\/85097","targetHints":{"allow":["GET"]}}],"collection":[{"href":"https:\/\/www.elsindical.com.ar\/notas\/wp-json\/wp\/v2\/posts"}],"about":[{"href":"https:\/\/www.elsindical.com.ar\/notas\/wp-json\/wp\/v2\/types\/post"}],"author":[{"embeddable":true,"href":"https:\/\/www.elsindical.com.ar\/notas\/wp-json\/wp\/v2\/users\/1"}],"replies":[{"embeddable":true,"href":"https:\/\/www.elsindical.com.ar\/notas\/wp-json\/wp\/v2\/comments?post=85097"}],"version-history":[{"count":1,"href":"https:\/\/www.elsindical.com.ar\/notas\/wp-json\/wp\/v2\/posts\/85097\/revisions"}],"predecessor-version":[{"id":85099,"href":"https:\/\/www.elsindical.com.ar\/notas\/wp-json\/wp\/v2\/posts\/85097\/revisions\/85099"}],"wp:featuredmedia":[{"embeddable":true,"href":"https:\/\/www.elsindical.com.ar\/notas\/wp-json\/wp\/v2\/media\/85098"}],"wp:attachment":[{"href":"https:\/\/www.elsindical.com.ar\/notas\/wp-json\/wp\/v2\/media?parent=85097"}],"wp:term":[{"taxonomy":"category","embeddable":true,"href":"https:\/\/www.elsindical.com.ar\/notas\/wp-json\/wp\/v2\/categories?post=85097"},{"taxonomy":"post_tag","embeddable":true,"href":"https:\/\/www.elsindical.com.ar\/notas\/wp-json\/wp\/v2\/tags?post=85097"}],"curies":[{"name":"wp","href":"https:\/\/api.w.org\/{rel}","templated":true}]}}