{"id":85057,"date":"2019-02-19T11:02:26","date_gmt":"2019-02-19T14:02:26","guid":{"rendered":"http:\/\/www.elsindical.com.ar\/notas\/?p=85057"},"modified":"2019-02-19T11:02:26","modified_gmt":"2019-02-19T14:02:26","slug":"asesinaron-a-otros-dos-jubilados-en-el-gran-buenos-aires","status":"publish","type":"post","link":"https:\/\/www.elsindical.com.ar\/notas\/asesinaron-a-otros-dos-jubilados-en-el-gran-buenos-aires\/","title":{"rendered":"Asesinaron a otros dos jubilados en el Gran Buenos Aires"},"content":{"rendered":"\n<figure class=\"wp-block-image\"><img loading=\"lazy\" decoding=\"async\" width=\"970\" height=\"546\" src=\"http:\/\/www.elsindical.com.ar\/notas\/var\/www\/html\/notas\/wp-content\/uploads\/2019\/02\/asesinato-jubilados.jpg\" alt=\"\" class=\"wp-image-85058\" srcset=\"https:\/\/www.elsindical.com.ar\/notas\/var\/www\/html\/notas\/wp-content\/uploads\/2019\/02\/asesinato-jubilados.jpg 970w, https:\/\/www.elsindical.com.ar\/notas\/var\/www\/html\/notas\/wp-content\/uploads\/2019\/02\/asesinato-jubilados-300x169.jpg 300w, https:\/\/www.elsindical.com.ar\/notas\/var\/www\/html\/notas\/wp-content\/uploads\/2019\/02\/asesinato-jubilados-768x432.jpg 768w, https:\/\/www.elsindical.com.ar\/notas\/var\/www\/html\/notas\/wp-content\/uploads\/2019\/02\/asesinato-jubilados-500x281.jpg 500w, https:\/\/www.elsindical.com.ar\/notas\/var\/www\/html\/notas\/wp-content\/uploads\/2019\/02\/asesinato-jubilados-460x260.jpg 460w\" sizes=\"auto, (max-width: 970px) 100vw, 970px\" \/><\/figure>\n\n\n\n<p>Sucedieron en las localidades bonaerenses  de Villa Obrera, en el partido de Lan\u00fas, y de B\u00e9ccar, en\u00a0San Isidro.  Ambas v\u00edctimas fueron asesinadas a cuchilladas y hasta el momento no hay  detenidos por los cr\u00edmenes. De esta manera, suman 3 los ancianos  ultimados en el conurbano\u00a0provincial\u00a0en apenas 48 horas.<\/p>\n\n\n\n<p>Dos ancianos, de 78 y 73 a\u00f1os, fueron salvajemente asesinados a  cuchilladas, en diferentes sucesos que se registraron en las localidades  bonaerenses de Villa Obrera, en el partido de Lan\u00fas, y en B\u00e9ccar, en el  partido de San Isidro. En menos de 48 horas ya suman 3 los jubilados  ultimados en el Gran Buenos Aires.<\/p>\n\n\n\n<p>Los voceros del departamento judicial de Lomas de Zamora revelaron que la primera de las infortunadas v\u00edctima, identificada como<strong> Jorge Luis Gonz\u00e1lez<\/strong>,  de 78 a\u00f1os, apareci\u00f3 con una certera herida de arma blanca en la regi\u00f3n  tor\u00e1cica en una finca situada en General Arias al 3300, entre  Centenario Uruguayo y General Pico, en Villa Obrera, en el sue del  conurbano provincial.<\/p>\n\n\n\n<p>Integrantes de la comisar\u00eda de Villa Obrera (8\u00aa de Lan\u00fas) realizan diferentes procedimientos para esclarecer lo ocurrido.<\/p>\n\n\n\n<p>Por su parte, <strong>Manuel Antonio Arias<\/strong>, de 73 a\u00f1os, fue \nhallado con una cuchillada en el t\u00f3rax en una vivienda ubicada en \nIntendente Tomkinson al 3300, en la famosa Villa La Cava, en B\u00e9ccar, en \nun caso que tiene ribetes muy confusos.<\/p>\n\n\n\n<p>Servidores p\u00fablicos de la seccional de Villa La Cava (11\u00aa de San \nIsidro), gracias a los datos obtenidos hasta el momento, creen que el \nseptuagenario habr\u00eda sido agredido momentos antes en la v\u00eda p\u00fablica.<\/p>\n\n\n\n<p>Estos i\u00edcitos se suman al homicidio a balazos, en un asalto, de<strong> Ra\u00fal Andr\u00e9s Alarc\u00f3n<\/strong>,\n de 70 a\u00f1os, que sucedi\u00f3 el fin de semana pasado en un inmueble \ninstalado en Arturo Capdevila al 1800, en el Barrio Frino, en la \nlocalidad bonaerense de Jos\u00e9 C. Paz.<\/p>\n","protected":false},"excerpt":{"rendered":"<p>Sucedieron en las localidades bonaerenses de Villa Obrera, en el partido de Lan\u00fas, y de B\u00e9ccar, en\u00a0San Isidro. Ambas v\u00edctimas fueron asesinadas a cuchilladas y hasta el momento no hay detenidos por los cr\u00edmenes. De esta manera, suman 3 los ancianos ultimados en el conurbano\u00a0provincial\u00a0en apenas 48 horas. Dos ancianos, de 78 y 73 a\u00f1os,&hellip;<\/p>\n","protected":false},"author":1,"featured_media":85058,"comment_status":"open","ping_status":"open","sticky":false,"template":"","format":"standard","meta":{"footnotes":""},"categories":[22],"tags":[3842,4209,30435,209],"class_list":["post-85057","post","type-post","status-publish","format-standard","has-post-thumbnail","hentry","category-policiales","tag-ancianos","tag-asesinatos","tag-beccar-2","tag-lanus"],"_links":{"self":[{"href":"https:\/\/www.elsindical.com.ar\/notas\/wp-json\/wp\/v2\/posts\/85057","targetHints":{"allow":["GET"]}}],"collection":[{"href":"https:\/\/www.elsindical.com.ar\/notas\/wp-json\/wp\/v2\/posts"}],"about":[{"href":"https:\/\/www.elsindical.com.ar\/notas\/wp-json\/wp\/v2\/types\/post"}],"author":[{"embeddable":true,"href":"https:\/\/www.elsindical.com.ar\/notas\/wp-json\/wp\/v2\/users\/1"}],"replies":[{"embeddable":true,"href":"https:\/\/www.elsindical.com.ar\/notas\/wp-json\/wp\/v2\/comments?post=85057"}],"version-history":[{"count":1,"href":"https:\/\/www.elsindical.com.ar\/notas\/wp-json\/wp\/v2\/posts\/85057\/revisions"}],"predecessor-version":[{"id":85059,"href":"https:\/\/www.elsindical.com.ar\/notas\/wp-json\/wp\/v2\/posts\/85057\/revisions\/85059"}],"wp:featuredmedia":[{"embeddable":true,"href":"https:\/\/www.elsindical.com.ar\/notas\/wp-json\/wp\/v2\/media\/85058"}],"wp:attachment":[{"href":"https:\/\/www.elsindical.com.ar\/notas\/wp-json\/wp\/v2\/media?parent=85057"}],"wp:term":[{"taxonomy":"category","embeddable":true,"href":"https:\/\/www.elsindical.com.ar\/notas\/wp-json\/wp\/v2\/categories?post=85057"},{"taxonomy":"post_tag","embeddable":true,"href":"https:\/\/www.elsindical.com.ar\/notas\/wp-json\/wp\/v2\/tags?post=85057"}],"curies":[{"name":"wp","href":"https:\/\/api.w.org\/{rel}","templated":true}]}}