{"id":85053,"date":"2019-02-19T10:46:52","date_gmt":"2019-02-19T13:46:52","guid":{"rendered":"http:\/\/www.elsindical.com.ar\/notas\/?p=85053"},"modified":"2019-02-19T10:46:52","modified_gmt":"2019-02-19T13:46:52","slug":"olavarria-denuncio-que-su-mujer-murio-por-un-golpe-en-la-banera-pero-tenia-un-tiro","status":"publish","type":"post","link":"https:\/\/www.elsindical.com.ar\/notas\/olavarria-denuncio-que-su-mujer-murio-por-un-golpe-en-la-banera-pero-tenia-un-tiro\/","title":{"rendered":"Olavarr\u00eda: Denunci\u00f3 que su mujer muri\u00f3 por un golpe en la ba\u00f1era, pero ten\u00eda un tiro"},"content":{"rendered":"\n<figure class=\"wp-block-image\"><img loading=\"lazy\" decoding=\"async\" width=\"970\" height=\"546\" src=\"http:\/\/www.elsindical.com.ar\/notas\/var\/www\/html\/notas\/wp-content\/uploads\/2019\/02\/femicidio-en-Olavarr\u00eda.jpg\" alt=\"\" class=\"wp-image-85055\" srcset=\"https:\/\/www.elsindical.com.ar\/notas\/var\/www\/html\/notas\/wp-content\/uploads\/2019\/02\/femicidio-en-Olavarr\u00eda.jpg 970w, https:\/\/www.elsindical.com.ar\/notas\/var\/www\/html\/notas\/wp-content\/uploads\/2019\/02\/femicidio-en-Olavarr\u00eda-300x169.jpg 300w, https:\/\/www.elsindical.com.ar\/notas\/var\/www\/html\/notas\/wp-content\/uploads\/2019\/02\/femicidio-en-Olavarr\u00eda-768x432.jpg 768w, https:\/\/www.elsindical.com.ar\/notas\/var\/www\/html\/notas\/wp-content\/uploads\/2019\/02\/femicidio-en-Olavarr\u00eda-500x281.jpg 500w, https:\/\/www.elsindical.com.ar\/notas\/var\/www\/html\/notas\/wp-content\/uploads\/2019\/02\/femicidio-en-Olavarr\u00eda-460x260.jpg 460w\" sizes=\"auto, (max-width: 970px) 100vw, 970px\" \/><\/figure>\n\n\n\n<p> La mujer, <strong>Mariana Colombo Pant\u00edn<\/strong>\u00a0de 47 a\u00f1os, ser\u00eda una  nueva v\u00edctima de femicidio\u00a0que, de confirmarse, ser\u00eda la cuarta  v\u00edctima\u00a0en las \u00faltimas 36 horas\u00a0en la provincia\u00a0de Buenos\u00a0Aires. <\/p>\n\n\n\n<p> Por el hecho detuvieron a su ex pareja, <strong>Bruno Juan Pablo Labriola<\/strong>,  quien llam\u00f3 al 911\u00a0y expres\u00f3 que la encontr\u00f3 tirada en la ba\u00f1era y  cre\u00eda que se hab\u00eda ca\u00eddo. Sin embargo, al llegar los pesquisas, al  domicilio ubicado en la calle Roque S\u00e1enz Pe\u00f1a al 2900,\u00a0determinaron que  la mujer ten\u00eda un disparo en el cr\u00e1neo. Tras esto, el sujeto fue  arrestado. <\/p>\n\n\n\n<figure class=\"wp-block-image\"><img loading=\"lazy\" decoding=\"async\" width=\"745\" height=\"996\" src=\"http:\/\/www.elsindical.com.ar\/notas\/var\/www\/html\/notas\/wp-content\/uploads\/2019\/02\/femicidio-en-Olavarr\u00eda-2.jpg\" alt=\"\" class=\"wp-image-85054\" srcset=\"https:\/\/www.elsindical.com.ar\/notas\/var\/www\/html\/notas\/wp-content\/uploads\/2019\/02\/femicidio-en-Olavarr\u00eda-2.jpg 745w, https:\/\/www.elsindical.com.ar\/notas\/var\/www\/html\/notas\/wp-content\/uploads\/2019\/02\/femicidio-en-Olavarr\u00eda-2-224x300.jpg 224w\" sizes=\"auto, (max-width: 745px) 100vw, 745px\" \/><\/figure>\n","protected":false},"excerpt":{"rendered":"<p>La mujer, Mariana Colombo Pant\u00edn\u00a0de 47 a\u00f1os, ser\u00eda una nueva v\u00edctima de femicidio\u00a0que, de confirmarse, ser\u00eda la cuarta v\u00edctima\u00a0en las \u00faltimas 36 horas\u00a0en la provincia\u00a0de Buenos\u00a0Aires. Por el hecho detuvieron a su ex pareja, Bruno Juan Pablo Labriola, quien llam\u00f3 al 911\u00a0y expres\u00f3 que la encontr\u00f3 tirada en la ba\u00f1era y cre\u00eda que se hab\u00eda&hellip;<\/p>\n","protected":false},"author":1,"featured_media":85055,"comment_status":"open","ping_status":"open","sticky":false,"template":"","format":"standard","meta":{"footnotes":""},"categories":[22],"tags":[614,30433,1679],"class_list":["post-85053","post","type-post","status-publish","format-standard","has-post-thumbnail","hentry","category-policiales","tag-614","tag-mariana-colombo-pantin","tag-olavarria"],"_links":{"self":[{"href":"https:\/\/www.elsindical.com.ar\/notas\/wp-json\/wp\/v2\/posts\/85053","targetHints":{"allow":["GET"]}}],"collection":[{"href":"https:\/\/www.elsindical.com.ar\/notas\/wp-json\/wp\/v2\/posts"}],"about":[{"href":"https:\/\/www.elsindical.com.ar\/notas\/wp-json\/wp\/v2\/types\/post"}],"author":[{"embeddable":true,"href":"https:\/\/www.elsindical.com.ar\/notas\/wp-json\/wp\/v2\/users\/1"}],"replies":[{"embeddable":true,"href":"https:\/\/www.elsindical.com.ar\/notas\/wp-json\/wp\/v2\/comments?post=85053"}],"version-history":[{"count":1,"href":"https:\/\/www.elsindical.com.ar\/notas\/wp-json\/wp\/v2\/posts\/85053\/revisions"}],"predecessor-version":[{"id":85056,"href":"https:\/\/www.elsindical.com.ar\/notas\/wp-json\/wp\/v2\/posts\/85053\/revisions\/85056"}],"wp:featuredmedia":[{"embeddable":true,"href":"https:\/\/www.elsindical.com.ar\/notas\/wp-json\/wp\/v2\/media\/85055"}],"wp:attachment":[{"href":"https:\/\/www.elsindical.com.ar\/notas\/wp-json\/wp\/v2\/media?parent=85053"}],"wp:term":[{"taxonomy":"category","embeddable":true,"href":"https:\/\/www.elsindical.com.ar\/notas\/wp-json\/wp\/v2\/categories?post=85053"},{"taxonomy":"post_tag","embeddable":true,"href":"https:\/\/www.elsindical.com.ar\/notas\/wp-json\/wp\/v2\/tags?post=85053"}],"curies":[{"name":"wp","href":"https:\/\/api.w.org\/{rel}","templated":true}]}}