{"id":85049,"date":"2019-02-19T10:41:51","date_gmt":"2019-02-19T13:41:51","guid":{"rendered":"http:\/\/www.elsindical.com.ar\/notas\/?p=85049"},"modified":"2019-02-19T10:41:51","modified_gmt":"2019-02-19T13:41:51","slug":"quilmes-tras-agonizar-una-semana-murio-la-mujer-quemada-por-su-pareja","status":"publish","type":"post","link":"https:\/\/www.elsindical.com.ar\/notas\/quilmes-tras-agonizar-una-semana-murio-la-mujer-quemada-por-su-pareja\/","title":{"rendered":"Quilmes: Tras agonizar una semana, muri\u00f3 la mujer quemada por su pareja"},"content":{"rendered":"\n<figure class=\"wp-block-image\"><img loading=\"lazy\" decoding=\"async\" width=\"970\" height=\"546\" src=\"http:\/\/www.elsindical.com.ar\/notas\/var\/www\/html\/notas\/wp-content\/uploads\/2019\/02\/femicidio-Quilmes-pareja.jpg\" alt=\"\" class=\"wp-image-85050\" srcset=\"https:\/\/www.elsindical.com.ar\/notas\/var\/www\/html\/notas\/wp-content\/uploads\/2019\/02\/femicidio-Quilmes-pareja.jpg 970w, https:\/\/www.elsindical.com.ar\/notas\/var\/www\/html\/notas\/wp-content\/uploads\/2019\/02\/femicidio-Quilmes-pareja-300x169.jpg 300w, https:\/\/www.elsindical.com.ar\/notas\/var\/www\/html\/notas\/wp-content\/uploads\/2019\/02\/femicidio-Quilmes-pareja-768x432.jpg 768w, https:\/\/www.elsindical.com.ar\/notas\/var\/www\/html\/notas\/wp-content\/uploads\/2019\/02\/femicidio-Quilmes-pareja-500x281.jpg 500w, https:\/\/www.elsindical.com.ar\/notas\/var\/www\/html\/notas\/wp-content\/uploads\/2019\/02\/femicidio-Quilmes-pareja-460x260.jpg 460w\" sizes=\"auto, (max-width: 970px) 100vw, 970px\" \/><\/figure>\n\n\n\n<p>La v\u00edctima ten\u00eda lesiones en el  rostro, t\u00f3rax y miembros superiores, pero el cuadro m\u00e1s grave era que  ten\u00eda las v\u00edas respiratorias comprometidas. El acusado est\u00e1 detenido.<\/p>\n\n\n\n<p>La mujer que sufri\u00f3 quemaduras en el 30 por ciento de su cuerpo tras ser  rociada con alcohol y prendida fuego en un hecho por el que qued\u00f3  detenido su marido, en la localidad bonaerense de Quilmes, muri\u00f3 este martes\u00a0tras una semana de agon\u00eda.<\/p>\n\n\n\n<p>Se trata de <strong>Graciela Coria<\/strong>\n (47), quien falleci\u00f3 alrededor de las 3 de la madrugada en el hospital \nIsidoro Iriarte de esa localidad de la zona sur del Gran Buenos Aires, \ndonde permanec\u00eda hac\u00eda&nbsp;siete d\u00edas en coma inducido y con pron\u00f3stico \nreservado.<\/p>\n\n\n\n<p>Coria presentaba quemaduras en el 30 por ciento de su \ncuerpo, especialmente en rostro, t\u00f3rax y miembros superiores, pero el \ncuadro m\u00e1s grave era el compromiso que ten\u00eda sus v\u00edas respiratorias.<\/p>\n\n\n\n<p>Con\n el deceso de Coria, la causa, que estaba caratulada como una \n\u00abtentativa\u00bb, pas\u00f3 a ser un \u00abhomicidio agravado por violencia de g\u00e9nero\u00bb,\n cuya pena es la de prisi\u00f3n perpetua.<\/p>\n\n\n\n<p>El caso tiene detenido como presunto autor a la pareja de la v\u00edctima, <strong>Nelson Orlando Dur\u00e1n<\/strong> (43), quien en las pr\u00f3ximas horas ser\u00e1 convocado por la Fiscal de la causa, <strong>Mariana Curra Zamaniego<\/strong>, para ser indagado con la nueva calificaci\u00f3n.<\/p>\n\n\n\n<p><strong>El estremecedor hecho<\/strong><\/p>\n\n\n\n<p>El 11 de febrero por la noche, en una vivienda ubicada en la calle Sarratea al 2700, de Quilmes,  efectivos de la comisar\u00eda 9na. de Barrio Parque Calchaqu\u00ed que acudieron  por un llamado al 911\u00a0se encontraron con el acusado asistiendo a la  v\u00edctima fatal. <\/p>\n\n\n\n<p> La mujer fue trasladada de inmediato al Instituto Municipal de Medicina Preventiva Ram\u00f3n Carrillo de Quilmes, donde fue asistida y luego derivada al Hospital Iriarte. <\/p>\n\n\n\n<p> En tanto, la Fiscal Curra Zamaniego recolect\u00f3 pruebas que la llevaron a  disponer la detenci\u00f3n de Dur\u00e1n como acusado de haber rociado a su mujer  con alcohol y prenderla fuego intencionalmente. <\/p>\n\n\n\n<figure class=\"wp-block-image\"><img loading=\"lazy\" decoding=\"async\" width=\"745\" height=\"558\" src=\"http:\/\/www.elsindical.com.ar\/notas\/var\/www\/html\/notas\/wp-content\/uploads\/2019\/02\/femicidio-Quilmes-pareja-2.jpg\" alt=\"\" class=\"wp-image-85051\" srcset=\"https:\/\/www.elsindical.com.ar\/notas\/var\/www\/html\/notas\/wp-content\/uploads\/2019\/02\/femicidio-Quilmes-pareja-2.jpg 745w, https:\/\/www.elsindical.com.ar\/notas\/var\/www\/html\/notas\/wp-content\/uploads\/2019\/02\/femicidio-Quilmes-pareja-2-300x225.jpg 300w, https:\/\/www.elsindical.com.ar\/notas\/var\/www\/html\/notas\/wp-content\/uploads\/2019\/02\/femicidio-Quilmes-pareja-2-401x300.jpg 401w\" sizes=\"auto, (max-width: 745px) 100vw, 745px\" \/><\/figure>\n","protected":false},"excerpt":{"rendered":"<p>La v\u00edctima ten\u00eda lesiones en el rostro, t\u00f3rax y miembros superiores, pero el cuadro m\u00e1s grave era que ten\u00eda las v\u00edas respiratorias comprometidas. El acusado est\u00e1 detenido. La mujer que sufri\u00f3 quemaduras en el 30 por ciento de su cuerpo tras ser rociada con alcohol y prendida fuego en un hecho por el que qued\u00f3&hellip;<\/p>\n","protected":false},"author":1,"featured_media":85050,"comment_status":"open","ping_status":"open","sticky":false,"template":"","format":"standard","meta":{"footnotes":""},"categories":[22],"tags":[91,9890,30431,30432,684],"class_list":["post-85049","post","type-post","status-publish","format-standard","has-post-thumbnail","hentry","category-policiales","tag-detenido","tag-femicidio","tag-graciela-coria","tag-nelson-orlando-duran","tag-quilmes"],"_links":{"self":[{"href":"https:\/\/www.elsindical.com.ar\/notas\/wp-json\/wp\/v2\/posts\/85049","targetHints":{"allow":["GET"]}}],"collection":[{"href":"https:\/\/www.elsindical.com.ar\/notas\/wp-json\/wp\/v2\/posts"}],"about":[{"href":"https:\/\/www.elsindical.com.ar\/notas\/wp-json\/wp\/v2\/types\/post"}],"author":[{"embeddable":true,"href":"https:\/\/www.elsindical.com.ar\/notas\/wp-json\/wp\/v2\/users\/1"}],"replies":[{"embeddable":true,"href":"https:\/\/www.elsindical.com.ar\/notas\/wp-json\/wp\/v2\/comments?post=85049"}],"version-history":[{"count":1,"href":"https:\/\/www.elsindical.com.ar\/notas\/wp-json\/wp\/v2\/posts\/85049\/revisions"}],"predecessor-version":[{"id":85052,"href":"https:\/\/www.elsindical.com.ar\/notas\/wp-json\/wp\/v2\/posts\/85049\/revisions\/85052"}],"wp:featuredmedia":[{"embeddable":true,"href":"https:\/\/www.elsindical.com.ar\/notas\/wp-json\/wp\/v2\/media\/85050"}],"wp:attachment":[{"href":"https:\/\/www.elsindical.com.ar\/notas\/wp-json\/wp\/v2\/media?parent=85049"}],"wp:term":[{"taxonomy":"category","embeddable":true,"href":"https:\/\/www.elsindical.com.ar\/notas\/wp-json\/wp\/v2\/categories?post=85049"},{"taxonomy":"post_tag","embeddable":true,"href":"https:\/\/www.elsindical.com.ar\/notas\/wp-json\/wp\/v2\/tags?post=85049"}],"curies":[{"name":"wp","href":"https:\/\/api.w.org\/{rel}","templated":true}]}}