{"id":84986,"date":"2019-02-16T18:53:28","date_gmt":"2019-02-16T21:53:28","guid":{"rendered":"http:\/\/www.elsindical.com.ar\/notas\/?p=84986"},"modified":"2019-02-16T18:53:28","modified_gmt":"2019-02-16T21:53:28","slug":"florencio-varela-cayo-el-profugo-por-los-crimenes-de-axel-y-tatiana","status":"publish","type":"post","link":"https:\/\/www.elsindical.com.ar\/notas\/florencio-varela-cayo-el-profugo-por-los-crimenes-de-axel-y-tatiana\/","title":{"rendered":"Florencio Varela: Cay\u00f3 el pr\u00f3fugo por los cr\u00edmenes de Axel y Tatiana"},"content":{"rendered":"\n<figure class=\"wp-block-image\"><img loading=\"lazy\" decoding=\"async\" width=\"768\" height=\"1024\" src=\"http:\/\/www.elsindical.com.ar\/notas\/var\/www\/html\/notas\/wp-content\/uploads\/2019\/02\/WhatsApp-Image-2019-02-16-at-11.42.422-768x1024.jpeg\" alt=\"\" class=\"wp-image-84987\" srcset=\"https:\/\/www.elsindical.com.ar\/notas\/var\/www\/html\/notas\/wp-content\/uploads\/2019\/02\/WhatsApp-Image-2019-02-16-at-11.42.422-768x1024.jpeg 768w, https:\/\/www.elsindical.com.ar\/notas\/var\/www\/html\/notas\/wp-content\/uploads\/2019\/02\/WhatsApp-Image-2019-02-16-at-11.42.422-225x300.jpeg 225w, https:\/\/www.elsindical.com.ar\/notas\/var\/www\/html\/notas\/wp-content\/uploads\/2019\/02\/WhatsApp-Image-2019-02-16-at-11.42.422.jpeg 780w\" sizes=\"auto, (max-width: 768px) 100vw, 768px\" \/><\/figure>\n\n\n\n<p> Un joven de 21 a\u00f1os fue detenido como acusado del crimen de dos amigos  ocurrido en marzo del a\u00f1o pasado en la localidad de Fiorito, cuando dos  hombres les dispararon desde una moto y escaparon del lugar, luego de  que mantuvieran con otros j\u00f3venes un altercado, informaron fuentes  policiales.<\/p>\n\n\n\n<p>Se trata de Nahuel Corbal\u00e1n, quien fue apresado en la localidad de  Florencio Varela con un adolescente de 16 a\u00f1os porque se sospecha que  tambi\u00e9n integraban una banda que se dedicaba a cometer secuestros  extorsivos. <\/p>\n\n\n\n<p>Dos individuos, uno menor de edad, fueron apresados en las \u00faltimas horas, por la polic\u00eda de la provincia de Buenos Aires, en lalocalidad de Florencio Varela, al sur del conurbano, por integrar una banda que se dedicaba a cometer \u201csecuestros extorsivos\u201d. Adem\u00e1s, sobre uno de los aprehendidos reincid\u00edan dos pedidos de captura por un doble homicidio ocurrido el a\u00f1o pasado.<\/p>\n\n\n\n<p>Personal de la DDI de Quilmes, llev\u00f3 a cabo una serie de allanamientos en el marco de una causa que investigaba al menos 10 hechos\u00a0de secuestros extorsivos y un doble homicidio perpetrado a dos j\u00f3venes, Tatiana Gargano (18) y Axel Villalba (17), el 24 de marzo de 2018 en Villa Fiorito, partido de Lomas de Zamora.<\/p>\n\n\n\n<p>El homicida, que se hallaba pr\u00f3fugo de la justicia, ten\u00eda fotos con chalecos anti balas y armas en las redes sociales, seg\u00fan se\u00a0pudo determinar en la investigaci\u00f3n.<\/p>\n\n\n\n<p>De acuerdo al material recolectado por los pesquisas, que cont\u00f3 tambi\u00e9n con escuchas telef\u00f3nicas, se pudo interceptar al homicida de 21 a\u00f1os, quien al avistar a la polic\u00eda inici\u00f3 la fuga a bordo de un Peugeot Partner, sobre el que tambi\u00e9n reca\u00eda un Pedidos de Secuestro Automotor, junto a su c\u00f3mplice de 16, quienes minutos m\u00e1s tardes fueron reducidos por los efectivos en las inmediaciones\u00a0de calle 445 al 200 de Florencio Varela.<\/p>\n\n\n\n<p>A pesar de resistirse a la aprehensi\u00f3n, los sujetos de 16 y 21 a\u00f1os respectivamente, quedaron a disposici\u00f3n de la justicia en elmarco de las causas por caratuladas como \u201cSecuestro extorsivo y asociaci\u00f3n il\u00edcita\u201d y \u201cDetenci\u00f3n por doble homicidio\u201d.<\/p>\n\n\n\n<p>Entre los elementos secuestrados se hallan un rev\u00f3lver calibre 32 largo \u00cdtalo con numeraci\u00f3n y un tel\u00e9fono celular.<\/p>\n\n\n\n<p>Interviene la Fiscal\u00eda Federal nro. 01, a cargo del Dr. Mola y la UFI nro.3 de Lomas de Zamora.<\/p>\n\n\n\n<ul class=\"wp-block-gallery columns-2 is-cropped wp-block-gallery-1 is-layout-flex wp-block-gallery-is-layout-flex\"><li class=\"blocks-gallery-item\"><figure><img loading=\"lazy\" decoding=\"async\" width=\"720\" height=\"963\" src=\"http:\/\/www.elsindical.com.ar\/notas\/var\/www\/html\/notas\/wp-content\/uploads\/2019\/02\/WhatsApp-Image-2019-02-16-at-11.42.421.jpeg\" alt=\"\" data-id=\"84988\" data-link=\"http:\/\/www.elsindical.com.ar\/notas\/?attachment_id=84988#main\" class=\"wp-image-84988\" srcset=\"https:\/\/www.elsindical.com.ar\/notas\/var\/www\/html\/notas\/wp-content\/uploads\/2019\/02\/WhatsApp-Image-2019-02-16-at-11.42.421.jpeg 720w, https:\/\/www.elsindical.com.ar\/notas\/var\/www\/html\/notas\/wp-content\/uploads\/2019\/02\/WhatsApp-Image-2019-02-16-at-11.42.421-224x300.jpeg 224w\" sizes=\"auto, (max-width: 720px) 100vw, 720px\" \/><\/figure><\/li><li class=\"blocks-gallery-item\"><figure><img loading=\"lazy\" decoding=\"async\" width=\"175\" height=\"332\" src=\"http:\/\/www.elsindical.com.ar\/notas\/var\/www\/html\/notas\/wp-content\/uploads\/2019\/02\/WhatsApp-Image-2019-02-16-at-11.42.42.jpeg\" alt=\"\" data-id=\"84989\" data-link=\"http:\/\/www.elsindical.com.ar\/notas\/?attachment_id=84989#main\" class=\"wp-image-84989\" srcset=\"https:\/\/www.elsindical.com.ar\/notas\/var\/www\/html\/notas\/wp-content\/uploads\/2019\/02\/WhatsApp-Image-2019-02-16-at-11.42.42.jpeg 175w, https:\/\/www.elsindical.com.ar\/notas\/var\/www\/html\/notas\/wp-content\/uploads\/2019\/02\/WhatsApp-Image-2019-02-16-at-11.42.42-158x300.jpeg 158w\" sizes=\"auto, (max-width: 175px) 100vw, 175px\" \/><\/figure><\/li><\/ul>\n","protected":false},"excerpt":{"rendered":"<p>Un joven de 21 a\u00f1os fue detenido como acusado del crimen de dos amigos ocurrido en marzo del a\u00f1o pasado en la localidad de Fiorito, cuando dos hombres les dispararon desde una moto y escaparon del lugar, luego de que mantuvieran con otros j\u00f3venes un altercado, informaron fuentes policiales. Se trata de Nahuel Corbal\u00e1n, quien&hellip;<\/p>\n","protected":false},"author":1,"featured_media":84987,"comment_status":"open","ping_status":"open","sticky":false,"template":"","format":"standard","meta":{"footnotes":""},"categories":[22],"tags":[1307,2329,744,7072],"class_list":["post-84986","post","type-post","status-publish","format-standard","has-post-thumbnail","hentry","category-policiales","tag-florencio-varela","tag-homicidio","tag-lomas-de-zamora","tag-secuestros"],"_links":{"self":[{"href":"https:\/\/www.elsindical.com.ar\/notas\/wp-json\/wp\/v2\/posts\/84986","targetHints":{"allow":["GET"]}}],"collection":[{"href":"https:\/\/www.elsindical.com.ar\/notas\/wp-json\/wp\/v2\/posts"}],"about":[{"href":"https:\/\/www.elsindical.com.ar\/notas\/wp-json\/wp\/v2\/types\/post"}],"author":[{"embeddable":true,"href":"https:\/\/www.elsindical.com.ar\/notas\/wp-json\/wp\/v2\/users\/1"}],"replies":[{"embeddable":true,"href":"https:\/\/www.elsindical.com.ar\/notas\/wp-json\/wp\/v2\/comments?post=84986"}],"version-history":[{"count":1,"href":"https:\/\/www.elsindical.com.ar\/notas\/wp-json\/wp\/v2\/posts\/84986\/revisions"}],"predecessor-version":[{"id":84990,"href":"https:\/\/www.elsindical.com.ar\/notas\/wp-json\/wp\/v2\/posts\/84986\/revisions\/84990"}],"wp:featuredmedia":[{"embeddable":true,"href":"https:\/\/www.elsindical.com.ar\/notas\/wp-json\/wp\/v2\/media\/84987"}],"wp:attachment":[{"href":"https:\/\/www.elsindical.com.ar\/notas\/wp-json\/wp\/v2\/media?parent=84986"}],"wp:term":[{"taxonomy":"category","embeddable":true,"href":"https:\/\/www.elsindical.com.ar\/notas\/wp-json\/wp\/v2\/categories?post=84986"},{"taxonomy":"post_tag","embeddable":true,"href":"https:\/\/www.elsindical.com.ar\/notas\/wp-json\/wp\/v2\/tags?post=84986"}],"curies":[{"name":"wp","href":"https:\/\/api.w.org\/{rel}","templated":true}]}}