{"id":84931,"date":"2019-02-13T19:42:35","date_gmt":"2019-02-13T22:42:35","guid":{"rendered":"http:\/\/www.elsindical.com.ar\/notas\/?p=84931"},"modified":"2019-02-13T19:42:35","modified_gmt":"2019-02-13T22:42:35","slug":"lomas-de-zamora-detuvieron-a-un-profugo-con-pedido-de-captura-internacional","status":"publish","type":"post","link":"https:\/\/www.elsindical.com.ar\/notas\/lomas-de-zamora-detuvieron-a-un-profugo-con-pedido-de-captura-internacional\/","title":{"rendered":"Lomas de Zamora: Detuvieron a un pr\u00f3fugo con pedido de captura internacional"},"content":{"rendered":"\n<figure class=\"wp-block-image\"><img loading=\"lazy\" decoding=\"async\" width=\"1024\" height=\"768\" src=\"http:\/\/www.elsindical.com.ar\/notas\/var\/www\/html\/notas\/wp-content\/uploads\/2019\/02\/detenido-captura-internacional-Lomas-1024x768.jpeg\" alt=\"\" class=\"wp-image-84932\" srcset=\"https:\/\/www.elsindical.com.ar\/notas\/var\/www\/html\/notas\/wp-content\/uploads\/2019\/02\/detenido-captura-internacional-Lomas-1024x768.jpeg 1024w, https:\/\/www.elsindical.com.ar\/notas\/var\/www\/html\/notas\/wp-content\/uploads\/2019\/02\/detenido-captura-internacional-Lomas-300x225.jpeg 300w, https:\/\/www.elsindical.com.ar\/notas\/var\/www\/html\/notas\/wp-content\/uploads\/2019\/02\/detenido-captura-internacional-Lomas-768x576.jpeg 768w, https:\/\/www.elsindical.com.ar\/notas\/var\/www\/html\/notas\/wp-content\/uploads\/2019\/02\/detenido-captura-internacional-Lomas-400x300.jpeg 400w, https:\/\/www.elsindical.com.ar\/notas\/var\/www\/html\/notas\/wp-content\/uploads\/2019\/02\/detenido-captura-internacional-Lomas.jpeg 1040w\" sizes=\"auto, (max-width: 1024px) 100vw, 1024px\" \/><\/figure>\n\n\n\n<p class=\"wp-block-paragraph\"> Se trata de un ciudadano de nacionalidad peruana, imputado por un delito \u00abcontra la administraci\u00f3n p\u00fablica\u00bb de ese pa\u00eds. <\/p>\n\n\n\n<p class=\"wp-block-paragraph\">La  Polic\u00eda Federal Argentina detuvo en Lomas de Zamora a un ciudadano  peruano sobre quien pesaba un pedido de captura internacional. Tras la  publicaci\u00f3n de una Notificaci\u00f3n de \u00cdndice Rojo de Interpol,  el Ministerio de Seguridad nacional activ\u00f3 los protocolos de  cooperaci\u00f3n e instruy\u00f3 tareas de inteligencia criminal al respecto.<\/p>\n\n\n\n<p class=\"wp-block-paragraph\">La captura fue realizada en una feria dentro de completo La Salada  por la Divisi\u00f3n Investigaci\u00f3n Federal de Fugitivos y Extradiciones de  PFA, fuerza liderada por N\u00e9stor Roncaglia.\u00a0Seg\u00fan se inform\u00f3, los  efectivos acudieron entonces al Camino de la Ribera Sur entre Euskadi y Virgilio, en donde individualizaron al hombre buscado, quien, tras ser debidamente identificado, fue detenido.<\/p>\n\n\n\n<p class=\"wp-block-paragraph\">El capturado, de 60 a\u00f1os, se encuentra imputado por un delito \u201cContra\n la Administraci\u00f3n P\u00fablica \u2013 Colusi\u00f3n\u201d, en tr\u00e1mite por ante la Sala \nPenal de Apelaciones de Sullana, Rep\u00fablica del Per\u00fa. Se le atribuye \nhaber participado en la sobrevaloraci\u00f3n de precios dentro de un proyecto\n gubernamental en su pa\u00eds de origen.<\/p>\n\n\n\n<p class=\"wp-block-paragraph\">En los hechos tom\u00f3 intervenci\u00f3n el Juzgado Federal N\u00b0 2 de Lomas de \nZamora, a cargo de Federico Hern\u00e1n Villena, quien dispuso que el \nimplicado sea detenido en forma preventiva con fines de extradici\u00f3n.<\/p>\n\n\n\n<h5 class=\"wp-block-heading\">\u201cUna Argentina sin impunidad\u201d<\/h5>\n\n\n\n<p class=\"wp-block-paragraph\">La ministra de Seguridad, Patricia Bullrich, destac\u00f3 la detenci\u00f3n y  remarc\u00f3 que cuando asumieron lo hicieron con el \u201ccompromiso de trabajar  d\u00eda a d\u00eda para que no haya impunidad para nadie en la Argentina\u201d. \u201cTodos  aquellos que infringieron la ley deber\u00e1n asumir sus responsabilidades  ante la Justicia\u201d, afirm\u00f3 la ministra.<\/p>\n\n\n\n<figure class=\"wp-block-image\"><img loading=\"lazy\" decoding=\"async\" width=\"576\" height=\"1024\" src=\"http:\/\/www.elsindical.com.ar\/notas\/var\/www\/html\/notas\/wp-content\/uploads\/2019\/02\/WhatsApp-Image-2019-02-13-at-16.23.57-576x1024.jpeg\" alt=\"\" class=\"wp-image-84933\" srcset=\"https:\/\/www.elsindical.com.ar\/notas\/var\/www\/html\/notas\/wp-content\/uploads\/2019\/02\/WhatsApp-Image-2019-02-13-at-16.23.57-576x1024.jpeg 576w, https:\/\/www.elsindical.com.ar\/notas\/var\/www\/html\/notas\/wp-content\/uploads\/2019\/02\/WhatsApp-Image-2019-02-13-at-16.23.57-169x300.jpeg 169w, https:\/\/www.elsindical.com.ar\/notas\/var\/www\/html\/notas\/wp-content\/uploads\/2019\/02\/WhatsApp-Image-2019-02-13-at-16.23.57.jpeg 585w\" sizes=\"auto, (max-width: 576px) 100vw, 576px\" \/><\/figure>\n","protected":false},"excerpt":{"rendered":"<p>Se trata de un ciudadano de nacionalidad peruana, imputado por un delito \u00abcontra la administraci\u00f3n p\u00fablica\u00bb de ese pa\u00eds. La Polic\u00eda Federal Argentina detuvo en Lomas de Zamora a un ciudadano peruano sobre quien pesaba un pedido de captura internacional. Tras la publicaci\u00f3n de una Notificaci\u00f3n de \u00cdndice Rojo de Interpol, el Ministerio de Seguridad&hellip;<\/p>\n","protected":false},"author":1,"featured_media":84932,"comment_status":"open","ping_status":"open","sticky":false,"template":"","format":"standard","meta":{"footnotes":""},"categories":[22],"tags":[5040,698,658],"class_list":["post-84931","post","type-post","status-publish","format-standard","has-post-thumbnail","hentry","category-policiales","tag-captura-internacional","tag-pfa","tag-profugo"],"_links":{"self":[{"href":"https:\/\/www.elsindical.com.ar\/notas\/wp-json\/wp\/v2\/posts\/84931","targetHints":{"allow":["GET"]}}],"collection":[{"href":"https:\/\/www.elsindical.com.ar\/notas\/wp-json\/wp\/v2\/posts"}],"about":[{"href":"https:\/\/www.elsindical.com.ar\/notas\/wp-json\/wp\/v2\/types\/post"}],"author":[{"embeddable":true,"href":"https:\/\/www.elsindical.com.ar\/notas\/wp-json\/wp\/v2\/users\/1"}],"replies":[{"embeddable":true,"href":"https:\/\/www.elsindical.com.ar\/notas\/wp-json\/wp\/v2\/comments?post=84931"}],"version-history":[{"count":1,"href":"https:\/\/www.elsindical.com.ar\/notas\/wp-json\/wp\/v2\/posts\/84931\/revisions"}],"predecessor-version":[{"id":84934,"href":"https:\/\/www.elsindical.com.ar\/notas\/wp-json\/wp\/v2\/posts\/84931\/revisions\/84934"}],"wp:featuredmedia":[{"embeddable":true,"href":"https:\/\/www.elsindical.com.ar\/notas\/wp-json\/wp\/v2\/media\/84932"}],"wp:attachment":[{"href":"https:\/\/www.elsindical.com.ar\/notas\/wp-json\/wp\/v2\/media?parent=84931"}],"wp:term":[{"taxonomy":"category","embeddable":true,"href":"https:\/\/www.elsindical.com.ar\/notas\/wp-json\/wp\/v2\/categories?post=84931"},{"taxonomy":"post_tag","embeddable":true,"href":"https:\/\/www.elsindical.com.ar\/notas\/wp-json\/wp\/v2\/tags?post=84931"}],"curies":[{"name":"wp","href":"https:\/\/api.w.org\/{rel}","templated":true}]}}