{"id":84920,"date":"2019-02-13T09:39:46","date_gmt":"2019-02-13T12:39:46","guid":{"rendered":"http:\/\/www.elsindical.com.ar\/notas\/?p=84920"},"modified":"2019-02-13T09:39:46","modified_gmt":"2019-02-13T12:39:46","slug":"nyx-denuncian-despidos-trabajo-en-negro-y-amenazas","status":"publish","type":"post","link":"https:\/\/www.elsindical.com.ar\/notas\/nyx-denuncian-despidos-trabajo-en-negro-y-amenazas\/","title":{"rendered":"NYX, denuncian despidos, trabajo en negro y amenazas"},"content":{"rendered":"\n<figure class=\"wp-block-image\"><img loading=\"lazy\" decoding=\"async\" width=\"736\" height=\"540\" src=\"http:\/\/www.elsindical.com.ar\/notas\/var\/www\/html\/notas\/wp-content\/uploads\/2019\/02\/boliche-NYX-Longchamps-Victor.jpg\" alt=\"\" class=\"wp-image-84921\" srcset=\"https:\/\/www.elsindical.com.ar\/notas\/var\/www\/html\/notas\/wp-content\/uploads\/2019\/02\/boliche-NYX-Longchamps-Victor.jpg 736w, https:\/\/www.elsindical.com.ar\/notas\/var\/www\/html\/notas\/wp-content\/uploads\/2019\/02\/boliche-NYX-Longchamps-Victor-300x220.jpg 300w, https:\/\/www.elsindical.com.ar\/notas\/var\/www\/html\/notas\/wp-content\/uploads\/2019\/02\/boliche-NYX-Longchamps-Victor-409x300.jpg 409w\" sizes=\"auto, (max-width: 736px) 100vw, 736px\" \/><\/figure>\n\n\n\n<p>Empleados de la conocida disco NYX o \u00abEl Castillo\u00bb de Longchamps, denuncian que sin previo aviso, se notific\u00f3 a 120 empleados de sus despidos, muchos de los que se encontraban \u00aben negro\u00bb.<\/p>\n\n\n\n<p>Unos 120 empleados de NYX, el complejo bailable y bar tem\u00e1tico \nubicado sobre la avenida Hip\u00f3lito Yrigoyen al 16500 en la localidad de \nLongchamps, denuncian que fueron despedidos sin previo aviso el pasado \nfin de semana.<\/p>\n\n\n\n<p>\u00abEl s\u00e1bado a la 1 de la ma\u00f1ana nos dijo el due\u00f1o que nos vayamos, y  el domingo avis\u00f3 que no abr\u00eda. Despu\u00e9s nos enteramos que llev\u00f3 todo  personal nuevo, sin explicaciones ni nada\u00bb, cont\u00f3 a un medio local Tom\u00e1s,  uno de los afectados.<\/p>\n\n\n\n<p>La maniobra que el due\u00f1o del local Juan Bautista Longo llev\u00f3 adelante no es por una cuesti\u00f3n econ\u00f3mica, ya que no se trata de una reducci\u00f3n de personal, sino simplemente una renovaci\u00f3n compulsiva y arbitraria de este conocido \u00abpersonaje\u00bb que no tiene problemas en realizar amenazas y cuenta con protecci\u00f3n pol\u00edtica, policial y judicial.<\/p>\n\n\n\n<p>El personal que fue echado se conforma de bartenders, meseros, dj&#8217;s, \npersonal de limpieza, mantenimiento y&nbsp;prevenci\u00f3n. \u00abYa estaba el lugar \nabierto y todo el personal en su puesto laboral, cuando el due\u00f1o \ndecidi\u00f3&nbsp;cerrar las puertas, sin motivo o raz\u00f3n alguna\u00bb, explic\u00f3 Eduardo,\n otro de los trabajadores.<\/p>\n\n\n\n<p>\u00abNo nos brind\u00f3&nbsp;ninguna explicaci\u00f3n y nos dej\u00f3&nbsp;en la calle, sin darnos\n un peso como para volver a nuestras casas, cuando por el horario ya no \nhab\u00eda trasporte p\u00fablico\u00bb, agreg\u00f3.<\/p>\n\n\n\n<p>Los empleados realizaron un petitorio al due\u00f1o del complejo para que  pueda aclarar su situaci\u00f3n, ya que seg\u00fan cuenta Tom\u00e1s\u00a0\u00abla mayor\u00eda  estamos en negro y mal pagados\u00bb, adem\u00e1s de que no recibieron ning\u00fan tipo  de notificaci\u00f3n.<\/p>\n\n\n\n<p>A pesar de que los empleados se organizan para reclamar por sus puestos de trabajo o se les reconozcan las deudas, saben que el se\u00f1or Juan Longo se maneja hace a\u00f1os con total impunidad.<\/p>\n\n\n\n<figure class=\"wp-block-image\"><img loading=\"lazy\" decoding=\"async\" width=\"768\" height=\"439\" src=\"http:\/\/www.elsindical.com.ar\/notas\/var\/www\/html\/notas\/wp-content\/uploads\/2019\/02\/reclamo-trabajadores-NYX.jpg\" alt=\"\" class=\"wp-image-84922\" srcset=\"https:\/\/www.elsindical.com.ar\/notas\/var\/www\/html\/notas\/wp-content\/uploads\/2019\/02\/reclamo-trabajadores-NYX.jpg 768w, https:\/\/www.elsindical.com.ar\/notas\/var\/www\/html\/notas\/wp-content\/uploads\/2019\/02\/reclamo-trabajadores-NYX-300x171.jpg 300w, https:\/\/www.elsindical.com.ar\/notas\/var\/www\/html\/notas\/wp-content\/uploads\/2019\/02\/reclamo-trabajadores-NYX-500x286.jpg 500w, https:\/\/www.elsindical.com.ar\/notas\/var\/www\/html\/notas\/wp-content\/uploads\/2019\/02\/reclamo-trabajadores-NYX-220x126.jpg 220w\" sizes=\"auto, (max-width: 768px) 100vw, 768px\" \/><\/figure>\n","protected":false},"excerpt":{"rendered":"<p>Empleados de la conocida disco NYX o \u00abEl Castillo\u00bb de Longchamps, denuncian que sin previo aviso, se notific\u00f3 a 120 empleados de sus despidos, muchos de los que se encontraban \u00aben negro\u00bb. Unos 120 empleados de NYX, el complejo bailable y bar tem\u00e1tico ubicado sobre la avenida Hip\u00f3lito Yrigoyen al 16500 en la localidad de&hellip;<\/p>\n","protected":false},"author":1,"featured_media":84921,"comment_status":"open","ping_status":"open","sticky":false,"template":"","format":"standard","meta":{"footnotes":""},"categories":[6],"tags":[],"class_list":["post-84920","post","type-post","status-publish","format-standard","has-post-thumbnail","hentry","category-denuncias"],"_links":{"self":[{"href":"https:\/\/www.elsindical.com.ar\/notas\/wp-json\/wp\/v2\/posts\/84920","targetHints":{"allow":["GET"]}}],"collection":[{"href":"https:\/\/www.elsindical.com.ar\/notas\/wp-json\/wp\/v2\/posts"}],"about":[{"href":"https:\/\/www.elsindical.com.ar\/notas\/wp-json\/wp\/v2\/types\/post"}],"author":[{"embeddable":true,"href":"https:\/\/www.elsindical.com.ar\/notas\/wp-json\/wp\/v2\/users\/1"}],"replies":[{"embeddable":true,"href":"https:\/\/www.elsindical.com.ar\/notas\/wp-json\/wp\/v2\/comments?post=84920"}],"version-history":[{"count":1,"href":"https:\/\/www.elsindical.com.ar\/notas\/wp-json\/wp\/v2\/posts\/84920\/revisions"}],"predecessor-version":[{"id":84923,"href":"https:\/\/www.elsindical.com.ar\/notas\/wp-json\/wp\/v2\/posts\/84920\/revisions\/84923"}],"wp:featuredmedia":[{"embeddable":true,"href":"https:\/\/www.elsindical.com.ar\/notas\/wp-json\/wp\/v2\/media\/84921"}],"wp:attachment":[{"href":"https:\/\/www.elsindical.com.ar\/notas\/wp-json\/wp\/v2\/media?parent=84920"}],"wp:term":[{"taxonomy":"category","embeddable":true,"href":"https:\/\/www.elsindical.com.ar\/notas\/wp-json\/wp\/v2\/categories?post=84920"},{"taxonomy":"post_tag","embeddable":true,"href":"https:\/\/www.elsindical.com.ar\/notas\/wp-json\/wp\/v2\/tags?post=84920"}],"curies":[{"name":"wp","href":"https:\/\/api.w.org\/{rel}","templated":true}]}}