{"id":84877,"date":"2019-02-12T13:24:25","date_gmt":"2019-02-12T16:24:25","guid":{"rendered":"http:\/\/www.elsindical.com.ar\/notas\/?p=84877"},"modified":"2019-02-12T13:24:25","modified_gmt":"2019-02-12T16:24:25","slug":"polemica-con-empresa-de-caputo-cerca-de-quedarse-con-dos-centrales-estatales","status":"publish","type":"post","link":"https:\/\/www.elsindical.com.ar\/notas\/polemica-con-empresa-de-caputo-cerca-de-quedarse-con-dos-centrales-estatales\/","title":{"rendered":"Pol\u00e9mica con empresa de Caputo: cerca de quedarse con dos centrales estatales"},"content":{"rendered":"\n<figure class=\"wp-block-image\"><img loading=\"lazy\" decoding=\"async\" width=\"829\" height=\"466\" src=\"http:\/\/www.elsindical.com.ar\/notas\/var\/www\/html\/notas\/wp-content\/uploads\/2019\/02\/Nicol\u00e1s-Caputo.jpg\" alt=\"\" class=\"wp-image-84878\" srcset=\"https:\/\/www.elsindical.com.ar\/notas\/var\/www\/html\/notas\/wp-content\/uploads\/2019\/02\/Nicol\u00e1s-Caputo.jpg 829w, https:\/\/www.elsindical.com.ar\/notas\/var\/www\/html\/notas\/wp-content\/uploads\/2019\/02\/Nicol\u00e1s-Caputo-300x169.jpg 300w, https:\/\/www.elsindical.com.ar\/notas\/var\/www\/html\/notas\/wp-content\/uploads\/2019\/02\/Nicol\u00e1s-Caputo-768x432.jpg 768w, https:\/\/www.elsindical.com.ar\/notas\/var\/www\/html\/notas\/wp-content\/uploads\/2019\/02\/Nicol\u00e1s-Caputo-500x281.jpg 500w, https:\/\/www.elsindical.com.ar\/notas\/var\/www\/html\/notas\/wp-content\/uploads\/2019\/02\/Nicol\u00e1s-Caputo-460x260.jpg 460w\" sizes=\"auto, (max-width: 829px) 100vw, 829px\" \/><\/figure>\n\n\n\n<p class=\"wp-block-paragraph\"> Central Puerto fue el \u00fanico oferente para una de ellas, se trata de Brigadier L\u00f3pez (280 MW) y Ensenada de Barrag\u00e1n (560 MW). <\/p>\n\n\n\n<p class=\"wp-block-paragraph\">Nicol\u00e1s Caputo, mejor amigo de Mauricio Macri, qued\u00f3 a un paso de  ganar la licitaci\u00f3n de las \u00fanicas dos privatizaciones que est\u00e1 llevando  adelante el Estado Nacional.<\/p>\n\n\n\n<p class=\"wp-block-paragraph\">El 1\u00b0 de noviembre de 2017 el presidente Mauricio Macri y quien  en ese momento era el ministro de Energ\u00eda, Juan Jos\u00e9 Aranguren,  decidieron mediante el Decreto 882 la privatizaci\u00f3n de las centrales  Brigadier Estanislao L\u00f3pez (en Santa Fe) y Ensenada de Barrag\u00e1n (Buenos  Aires).<\/p>\n\n\n\n<p class=\"wp-block-paragraph\">Central Puerto, una de las generadoras el\u00e9ctricas m\u00e1s importantes del  pa\u00eds, es la m\u00e1xima favorita para la adjudicaci\u00f3n de ambas centrales,  seg\u00fan public\u00f3 el portal especializado EconoJournal.<\/p>\n\n\n\n<p class=\"wp-block-paragraph\">Nicol\u00e1s Caputo tiene una participaci\u00f3n del 4% en esa empresa junto a Guillermo Reca y Eduardo Escasany.<\/p>\n\n\n\n<p class=\"wp-block-paragraph\">La oferta fue por un monto total de u$s 165.432.500, m\u00e1s una deuda que el comprador debe asumir, estimada en u$s 161.118.000.<\/p>\n\n\n\n<p class=\"wp-block-paragraph\">El total de la oferta por ese activo, que tiene una potencia instalada de 280 MW, fue de u$s 326.550.500.<\/p>\n\n\n\n<p class=\"wp-block-paragraph\">Para Ensenada de Barrag\u00e1n Central Puerto, se ofreci\u00f3 u$s $279.529.500.<\/p>\n\n\n\n<p class=\"wp-block-paragraph\">Seg\u00fan fuentes allegadas, por la Central T\u00e9rmica Brigadier L\u00f3pez,  ubicada en la provincia de Santa Fe, Central Puerto ofert\u00f3 326,5  millones de d\u00f3lares, mientras que para la Central Termoel\u00e9ctrica  Ensenada de Barrag\u00e1n, ubicada en la provincia de Buenos Aires, se  ofrecieron 583,5 millones de la misma moneda, 50 millones m\u00e1s que YPF.<\/p>\n\n\n\n<p class=\"wp-block-paragraph\">Hasta el momento, Central Puerto tiene una participaci\u00f3n en el \nSistema Argentino de Interconexi\u00f3n (SADI) que en este momento alcanza el\n 11,4%, mientras que espec\u00edficamente en la generaci\u00f3n t\u00e9rmica se eleva \nal 15%. La compa\u00f1\u00eda se adjudic\u00f3 numerosos proyectos durante la \nadministraci\u00f3n Macri y desembarc\u00f3 en el sector e\u00f3lico con siete parques \nen ejecuci\u00f3n.<\/p>\n\n\n\n<p class=\"wp-block-paragraph\">El ganador del proceso tambi\u00e9n deber\u00e1 mantener al personal y recibir\u00e1  de ellas la vigencia de los contratos de abastecimiento con la Compa\u00f1\u00eda  Administradora del Mercado Mayorista El\u00e9ctrico (Cammesa).<\/p>\n\n\n\n<p class=\"wp-block-paragraph\">El Decreto 882, que habilit\u00f3 la privatizaci\u00f3n de estas centrales,  levant\u00f3 tambi\u00e9n pol\u00e9mica por la decisi\u00f3n de vender la participaci\u00f3n  estatal en la transportista el\u00e9ctrica nacional Transener.<\/p>\n","protected":false},"excerpt":{"rendered":"<p>Central Puerto fue el \u00fanico oferente para una de ellas, se trata de Brigadier L\u00f3pez (280 MW) y Ensenada de Barrag\u00e1n (560 MW). Nicol\u00e1s Caputo, mejor amigo de Mauricio Macri, qued\u00f3 a un paso de ganar la licitaci\u00f3n de las \u00fanicas dos privatizaciones que est\u00e1 llevando adelante el Estado Nacional. El 1\u00b0 de noviembre de&hellip;<\/p>\n","protected":false},"author":1,"featured_media":84878,"comment_status":"open","ping_status":"open","sticky":false,"template":"","format":"standard","meta":{"footnotes":""},"categories":[6],"tags":[30395,76,30394],"class_list":["post-84877","post","type-post","status-publish","format-standard","has-post-thumbnail","hentry","category-denuncias","tag-central-puerto","tag-mauricio-macri","tag-nicolas-caputo"],"_links":{"self":[{"href":"https:\/\/www.elsindical.com.ar\/notas\/wp-json\/wp\/v2\/posts\/84877","targetHints":{"allow":["GET"]}}],"collection":[{"href":"https:\/\/www.elsindical.com.ar\/notas\/wp-json\/wp\/v2\/posts"}],"about":[{"href":"https:\/\/www.elsindical.com.ar\/notas\/wp-json\/wp\/v2\/types\/post"}],"author":[{"embeddable":true,"href":"https:\/\/www.elsindical.com.ar\/notas\/wp-json\/wp\/v2\/users\/1"}],"replies":[{"embeddable":true,"href":"https:\/\/www.elsindical.com.ar\/notas\/wp-json\/wp\/v2\/comments?post=84877"}],"version-history":[{"count":1,"href":"https:\/\/www.elsindical.com.ar\/notas\/wp-json\/wp\/v2\/posts\/84877\/revisions"}],"predecessor-version":[{"id":84879,"href":"https:\/\/www.elsindical.com.ar\/notas\/wp-json\/wp\/v2\/posts\/84877\/revisions\/84879"}],"wp:featuredmedia":[{"embeddable":true,"href":"https:\/\/www.elsindical.com.ar\/notas\/wp-json\/wp\/v2\/media\/84878"}],"wp:attachment":[{"href":"https:\/\/www.elsindical.com.ar\/notas\/wp-json\/wp\/v2\/media?parent=84877"}],"wp:term":[{"taxonomy":"category","embeddable":true,"href":"https:\/\/www.elsindical.com.ar\/notas\/wp-json\/wp\/v2\/categories?post=84877"},{"taxonomy":"post_tag","embeddable":true,"href":"https:\/\/www.elsindical.com.ar\/notas\/wp-json\/wp\/v2\/tags?post=84877"}],"curies":[{"name":"wp","href":"https:\/\/api.w.org\/{rel}","templated":true}]}}