{"id":84808,"date":"2019-02-09T19:32:15","date_gmt":"2019-02-09T22:32:15","guid":{"rendered":"http:\/\/www.elsindical.com.ar\/notas\/?p=84808"},"modified":"2019-02-09T19:32:15","modified_gmt":"2019-02-09T22:32:15","slug":"la-anmat-prohibio-un-mix-de-frutos-secos","status":"publish","type":"post","link":"https:\/\/www.elsindical.com.ar\/notas\/la-anmat-prohibio-un-mix-de-frutos-secos\/","title":{"rendered":"La ANMAT prohibi\u00f3 un mix de frutos secos"},"content":{"rendered":"\n<figure class=\"wp-block-image\"><img loading=\"lazy\" decoding=\"async\" width=\"800\" height=\"450\" src=\"http:\/\/www.elsindical.com.ar\/notas\/var\/www\/html\/notas\/wp-content\/uploads\/2019\/02\/mix-de-frutos.jpg\" alt=\"\" class=\"wp-image-84809\" srcset=\"https:\/\/www.elsindical.com.ar\/notas\/var\/www\/html\/notas\/wp-content\/uploads\/2019\/02\/mix-de-frutos.jpg 800w, https:\/\/www.elsindical.com.ar\/notas\/var\/www\/html\/notas\/wp-content\/uploads\/2019\/02\/mix-de-frutos-300x169.jpg 300w, https:\/\/www.elsindical.com.ar\/notas\/var\/www\/html\/notas\/wp-content\/uploads\/2019\/02\/mix-de-frutos-768x432.jpg 768w, https:\/\/www.elsindical.com.ar\/notas\/var\/www\/html\/notas\/wp-content\/uploads\/2019\/02\/mix-de-frutos-500x281.jpg 500w, https:\/\/www.elsindical.com.ar\/notas\/var\/www\/html\/notas\/wp-content\/uploads\/2019\/02\/mix-de-frutos-460x260.jpg 460w\" sizes=\"auto, (max-width: 800px) 100vw, 800px\" \/><\/figure>\n\n\n\n<p> La medida fue en el Bolet\u00edn Oficial mediante la disposici\u00f3n 1364\/2019 para alertar a los consumidores sobre este producto.<\/p>\n\n\n\n<p>La Administraci\u00f3n Nacional de Medicamentos, Alimentos y Tecnolog\u00eda \nM\u00e9dica prohibi\u00f3 la comercializaci\u00f3n en todo el territorio nacional de un\n mix de frutos secos. La medida fue publicada hoy en el Bolet\u00edn Oficial \nmediante la disposici\u00f3n 1364\/2019.<\/p>\n\n\n\n<p>Prohibi\u00f3 el producto: \u00abMIX HIMALAYA, marca EL PEONCITO, RNPA Expte N\u00b0  413-00044207, ingredientes: pasas de uva negras, pasas de uva rubias,  manzana en cubo, almendra pelada, cranberry, bayas de goji casta\u00f1as de  caj\u00fa, elaborado por Villares SAC, Volta 3035 \u2013 Tortuguitas (1167) &#8211; RNE  N\u00b0 02-034361\u00bb.<\/p>\n\n\n\n<p>La infracci\u00f3n fue al art\u00edculo 3\u00b0 de la Ley 18284, al art\u00edculo 3\u00b0  del Anexo II del Decreto 2126\/71 y a los art\u00edculos 6 bis, 155 del CAA,  por carecer de autorizaci\u00f3n de producto, estar falsamente rotulado y ser  en consecuencia ilegal.<\/p>\n\n\n\n<p>El Departamento Vigilancia Alimentaria del INAL consult\u00f3 al  Departamento de Inscripci\u00f3n de Productos de Consumo (IPC) de la  provincia de Buenos Aires a fin de verificar la inscripci\u00f3n del  producto, quien informa que no hay registros de este alimento en esa  jurisdicci\u00f3n.<\/p>\n","protected":false},"excerpt":{"rendered":"<p>La medida fue en el Bolet\u00edn Oficial mediante la disposici\u00f3n 1364\/2019 para alertar a los consumidores sobre este producto. La Administraci\u00f3n Nacional de Medicamentos, Alimentos y Tecnolog\u00eda M\u00e9dica prohibi\u00f3 la comercializaci\u00f3n en todo el territorio nacional de un mix de frutos secos. La medida fue publicada hoy en el Bolet\u00edn Oficial mediante la disposici\u00f3n 1364\/2019.&hellip;<\/p>\n","protected":false},"author":1,"featured_media":84809,"comment_status":"open","ping_status":"open","sticky":false,"template":"","format":"standard","meta":{"footnotes":""},"categories":[23],"tags":[1394,30377,30376],"class_list":["post-84808","post","type-post","status-publish","format-standard","has-post-thumbnail","hentry","category-salud","tag-anmat","tag-el-peoncito","tag-mix-himalaya"],"_links":{"self":[{"href":"https:\/\/www.elsindical.com.ar\/notas\/wp-json\/wp\/v2\/posts\/84808","targetHints":{"allow":["GET"]}}],"collection":[{"href":"https:\/\/www.elsindical.com.ar\/notas\/wp-json\/wp\/v2\/posts"}],"about":[{"href":"https:\/\/www.elsindical.com.ar\/notas\/wp-json\/wp\/v2\/types\/post"}],"author":[{"embeddable":true,"href":"https:\/\/www.elsindical.com.ar\/notas\/wp-json\/wp\/v2\/users\/1"}],"replies":[{"embeddable":true,"href":"https:\/\/www.elsindical.com.ar\/notas\/wp-json\/wp\/v2\/comments?post=84808"}],"version-history":[{"count":1,"href":"https:\/\/www.elsindical.com.ar\/notas\/wp-json\/wp\/v2\/posts\/84808\/revisions"}],"predecessor-version":[{"id":84810,"href":"https:\/\/www.elsindical.com.ar\/notas\/wp-json\/wp\/v2\/posts\/84808\/revisions\/84810"}],"wp:featuredmedia":[{"embeddable":true,"href":"https:\/\/www.elsindical.com.ar\/notas\/wp-json\/wp\/v2\/media\/84809"}],"wp:attachment":[{"href":"https:\/\/www.elsindical.com.ar\/notas\/wp-json\/wp\/v2\/media?parent=84808"}],"wp:term":[{"taxonomy":"category","embeddable":true,"href":"https:\/\/www.elsindical.com.ar\/notas\/wp-json\/wp\/v2\/categories?post=84808"},{"taxonomy":"post_tag","embeddable":true,"href":"https:\/\/www.elsindical.com.ar\/notas\/wp-json\/wp\/v2\/tags?post=84808"}],"curies":[{"name":"wp","href":"https:\/\/api.w.org\/{rel}","templated":true}]}}