{"id":84804,"date":"2019-02-09T19:18:21","date_gmt":"2019-02-09T22:18:21","guid":{"rendered":"http:\/\/www.elsindical.com.ar\/notas\/?p=84804"},"modified":"2019-02-09T19:18:21","modified_gmt":"2019-02-09T22:18:21","slug":"escrache-de-vecinos-a-macri-en-nuevo-descanso-en-chapadmalal","status":"publish","type":"post","link":"https:\/\/www.elsindical.com.ar\/notas\/escrache-de-vecinos-a-macri-en-nuevo-descanso-en-chapadmalal\/","title":{"rendered":"Escrache de vecinos a Macri, en nuevo descanso en Chapadmalal"},"content":{"rendered":"\n<figure class=\"wp-block-image\"><img loading=\"lazy\" decoding=\"async\" width=\"1024\" height=\"624\" src=\"http:\/\/www.elsindical.com.ar\/notas\/var\/www\/html\/notas\/wp-content\/uploads\/2019\/02\/escrache-a-Macri-en-Chapadmalal-1024x624.jpg\" alt=\"\" class=\"wp-image-84805\" srcset=\"https:\/\/www.elsindical.com.ar\/notas\/var\/www\/html\/notas\/wp-content\/uploads\/2019\/02\/escrache-a-Macri-en-Chapadmalal-1024x624.jpg 1024w, https:\/\/www.elsindical.com.ar\/notas\/var\/www\/html\/notas\/wp-content\/uploads\/2019\/02\/escrache-a-Macri-en-Chapadmalal-300x183.jpg 300w, https:\/\/www.elsindical.com.ar\/notas\/var\/www\/html\/notas\/wp-content\/uploads\/2019\/02\/escrache-a-Macri-en-Chapadmalal-768x468.jpg 768w, https:\/\/www.elsindical.com.ar\/notas\/var\/www\/html\/notas\/wp-content\/uploads\/2019\/02\/escrache-a-Macri-en-Chapadmalal-493x300.jpg 493w, https:\/\/www.elsindical.com.ar\/notas\/var\/www\/html\/notas\/wp-content\/uploads\/2019\/02\/escrache-a-Macri-en-Chapadmalal.jpg 1031w\" sizes=\"auto, (max-width: 1024px) 100vw, 1024px\" \/><\/figure>\n\n\n\n<p> Aunque el plan era  desconectarse por un tiempo de la realidad que vive el pa\u00eds, el  mandatario no lo pudo lograr, ya que un grupo de vecinos del sur de Mar  del Plata realiz\u00f3 una protesta frente al Complejo Tur\u00edstico de  Chapadmalal. <\/p>\n\n\n\n<p>El descanso del presidente Mauricio Macri en Chapadmalal se vio \nopacado por una protesta de vecinos frente al Complejo Tur\u00edstico en el \nque se hospeda junto a la primera dama, Juliana Awada, y la hija menor \nde ambos, Antonia Macri.<\/p>\n\n\n\n<p>Con el objetivo de pasar el fin de semana de su cumplea\u00f1os n\u00famero 60 \nen la Costa Atl\u00e1ntica bonaerense, el jefe de Estado concluy\u00f3 sus \nactividades el pasado viernes y emprendi\u00f3 vuelo hacia el partido de \nGeneral Pueyrred\u00f3n: all\u00ed tambi\u00e9n arribaron varios funcionarios y amigos \nde Macri.&nbsp;<\/p>\n\n\n\n<p>Aunque el plan era desconectarse por un tiempo de la realidad que  vive el pa\u00eds, el mandatario no lo pudo lograr, ya que este s\u00e1bado al  mediod\u00eda un grupo de vecinos del sur de Mar del Plata realiz\u00f3 una  protesta frente al Complejo Tur\u00edstico de Chapadmalal.<\/p>\n\n\n\n<p>Frente a un fuerte operativo de seguridad que rodea el lugar ante \ncada visita del l\u00edder del PRO, los manifestantes cuestionaron la \n\u00abmilitarizaci\u00f3n de la zona\u00bb, as\u00ed como tambi\u00e9n algunos criticaron las \npol\u00edticas econ\u00f3micas del Gobierno, public\u00f3 el portal local 0223.<\/p>\n\n\n\n<p>\u00abTurismo s\u00ed, bunker no\u00bb, rezaba uno de los carteles que llevaron los \nresidentes del balneario bonaerense, quienes se quejaron de que hay \u00abm\u00e1s\n polic\u00edas que vecinos\u00bb, mientras que otros rechazaban el \u00abtarifazo\u00bb y el\n \u00abajuste\u00bb.<\/p>\n\n\n\n<p>Antes de viajar a Chapadmalal, el Presidente hab\u00eda comenzado la \ncelebraci\u00f3n de su cumplea\u00f1os en un acto en la localidad bonaerense de \nDock Sud acompa\u00f1ado por la gobernadora local, Mar\u00eda Eugenia Vidal, y el \njefe de Gobierno porte\u00f1o, Horacio Rodr\u00edguez Larreta.<\/p>\n\n\n\n<p>Tras pasar por la Quinta de Olivos, en donde fue fotografiado junto a  la primera dama y la peque\u00f1a Antonia, emprendi\u00f3 el vuelo hacia el  Aeropuerto Astor Piazzolla, de Mar del Plata, para luego subirse a un  helic\u00f3ptero y trasladarse hasta el Complejo Tur\u00edstico.<\/p>\n\n\n\n<figure class=\"wp-block-image\"><img loading=\"lazy\" decoding=\"async\" width=\"758\" height=\"416\" src=\"http:\/\/www.elsindical.com.ar\/notas\/var\/www\/html\/notas\/wp-content\/uploads\/2019\/02\/escrache-a-Macri.jpg\" alt=\"\" class=\"wp-image-84806\" srcset=\"https:\/\/www.elsindical.com.ar\/notas\/var\/www\/html\/notas\/wp-content\/uploads\/2019\/02\/escrache-a-Macri.jpg 758w, https:\/\/www.elsindical.com.ar\/notas\/var\/www\/html\/notas\/wp-content\/uploads\/2019\/02\/escrache-a-Macri-300x165.jpg 300w, https:\/\/www.elsindical.com.ar\/notas\/var\/www\/html\/notas\/wp-content\/uploads\/2019\/02\/escrache-a-Macri-500x274.jpg 500w\" sizes=\"auto, (max-width: 758px) 100vw, 758px\" \/><\/figure>\n","protected":false},"excerpt":{"rendered":"<p>Aunque el plan era desconectarse por un tiempo de la realidad que vive el pa\u00eds, el mandatario no lo pudo lograr, ya que un grupo de vecinos del sur de Mar del Plata realiz\u00f3 una protesta frente al Complejo Tur\u00edstico de Chapadmalal. El descanso del presidente Mauricio Macri en Chapadmalal se vio opacado por una&hellip;<\/p>\n","protected":false},"author":1,"featured_media":84805,"comment_status":"open","ping_status":"open","sticky":false,"template":"","format":"standard","meta":{"footnotes":""},"categories":[25],"tags":[30375,718,76,6004],"class_list":["post-84804","post","type-post","status-publish","format-standard","has-post-thumbnail","hentry","category-sociedad","tag-chapadmalal","tag-cumpleanos","tag-mauricio-macri","tag-vacaciones"],"_links":{"self":[{"href":"https:\/\/www.elsindical.com.ar\/notas\/wp-json\/wp\/v2\/posts\/84804","targetHints":{"allow":["GET"]}}],"collection":[{"href":"https:\/\/www.elsindical.com.ar\/notas\/wp-json\/wp\/v2\/posts"}],"about":[{"href":"https:\/\/www.elsindical.com.ar\/notas\/wp-json\/wp\/v2\/types\/post"}],"author":[{"embeddable":true,"href":"https:\/\/www.elsindical.com.ar\/notas\/wp-json\/wp\/v2\/users\/1"}],"replies":[{"embeddable":true,"href":"https:\/\/www.elsindical.com.ar\/notas\/wp-json\/wp\/v2\/comments?post=84804"}],"version-history":[{"count":1,"href":"https:\/\/www.elsindical.com.ar\/notas\/wp-json\/wp\/v2\/posts\/84804\/revisions"}],"predecessor-version":[{"id":84807,"href":"https:\/\/www.elsindical.com.ar\/notas\/wp-json\/wp\/v2\/posts\/84804\/revisions\/84807"}],"wp:featuredmedia":[{"embeddable":true,"href":"https:\/\/www.elsindical.com.ar\/notas\/wp-json\/wp\/v2\/media\/84805"}],"wp:attachment":[{"href":"https:\/\/www.elsindical.com.ar\/notas\/wp-json\/wp\/v2\/media?parent=84804"}],"wp:term":[{"taxonomy":"category","embeddable":true,"href":"https:\/\/www.elsindical.com.ar\/notas\/wp-json\/wp\/v2\/categories?post=84804"},{"taxonomy":"post_tag","embeddable":true,"href":"https:\/\/www.elsindical.com.ar\/notas\/wp-json\/wp\/v2\/tags?post=84804"}],"curies":[{"name":"wp","href":"https:\/\/api.w.org\/{rel}","templated":true}]}}