{"id":84641,"date":"2019-02-02T18:38:00","date_gmt":"2019-02-02T21:38:00","guid":{"rendered":"http:\/\/www.elsindical.com.ar\/notas\/?p=84641"},"modified":"2019-02-02T18:38:00","modified_gmt":"2019-02-02T21:38:00","slug":"alarmantes-numeros-de-la-era-macri-brusca-caida-del-pbi-e-impresionante-suba-del-desempleo","status":"publish","type":"post","link":"https:\/\/www.elsindical.com.ar\/notas\/alarmantes-numeros-de-la-era-macri-brusca-caida-del-pbi-e-impresionante-suba-del-desempleo\/","title":{"rendered":"Alarmantes n\u00fameros de la era Macri: brusca ca\u00edda del PBI e impresionante suba del desempleo"},"content":{"rendered":"\n<figure class=\"wp-block-image\"><img loading=\"lazy\" decoding=\"async\" width=\"791\" height=\"445\" src=\"http:\/\/www.elsindical.com.ar\/notas\/var\/www\/html\/notas\/wp-content\/uploads\/2019\/01\/Mauricio-Macri-caripela.jpg\" alt=\"\" class=\"wp-image-83866\" srcset=\"https:\/\/www.elsindical.com.ar\/notas\/var\/www\/html\/notas\/wp-content\/uploads\/2019\/01\/Mauricio-Macri-caripela.jpg 791w, https:\/\/www.elsindical.com.ar\/notas\/var\/www\/html\/notas\/wp-content\/uploads\/2019\/01\/Mauricio-Macri-caripela-300x169.jpg 300w, https:\/\/www.elsindical.com.ar\/notas\/var\/www\/html\/notas\/wp-content\/uploads\/2019\/01\/Mauricio-Macri-caripela-768x432.jpg 768w, https:\/\/www.elsindical.com.ar\/notas\/var\/www\/html\/notas\/wp-content\/uploads\/2019\/01\/Mauricio-Macri-caripela-500x281.jpg 500w, https:\/\/www.elsindical.com.ar\/notas\/var\/www\/html\/notas\/wp-content\/uploads\/2019\/01\/Mauricio-Macri-caripela-460x260.jpg 460w\" sizes=\"auto, (max-width: 791px) 100vw, 791px\" \/><\/figure>\n\n\n\n<p> Durante su mandato, el  Producto Bruto interno baj\u00f3 notablemente mientras que la cantidad de  gente sin trabajo lleg\u00f3 al m\u00e1s alto de la regi\u00f3n. Conoc\u00e9 todos los  detalles en la nota. <\/p>\n\n\n\n<p>Mauricio Macri comenz\u00f3 el \u00faltimo a\u00f1o de la gesti\u00f3n que comenz\u00f3 en \n2015 con alarmantes n\u00fameros que reflejan claramente la gran crisis \necon\u00f3mica en la que est\u00e1 inmerso nuestro pa\u00eds.<\/p>\n\n\n\n<p>El PBI de Argentina sigue estando en primer lugar en comparaci\u00f3n a la\n producci\u00f3n de Colombia, Ecuador, Uruguay, Per\u00fa y Chile. Sin embargo, al\n ahondar en los n\u00fameros fr\u00edos, se puede ver la brusca ca\u00edda que tuvo el \nProducto Bruto Interno nacional.<\/p>\n\n\n\n<p>Entre 2015 y 2019, el PBI argentino pas\u00f3 de 633 mil millones de d\u00f3lares a 426 mil millones de la moneda norteamericana.<\/p>\n\n\n\n<p>Dichos n\u00fameros se generaron por la devaluaci\u00f3n, el fuerte \nendeudamiento y la gran ca\u00edda de consumo y producci\u00f3n que parece no \ntener freno en la Argentina.<\/p>\n\n\n\n<p>A diferencia de nuestro pa\u00eds, los otros pa\u00edses comparados aumentaron \nsu producci\u00f3n en los \u00faltimos cuatro a\u00f1os, con mejoras de entre un 10 y \n20%.<\/p>\n\n\n\n<p>Colombia pas\u00f3 de 289 mil millones de d\u00f3lares a USD 345 mil millones y  se acerc\u00f3 a lo producido por la Argentina. Chile tambi\u00e9n creci\u00f3 en el  lapso de los \u00faltimos cuatro a\u00f1os: subi\u00f3 unos 57 mil millones, es decir,  produc\u00eda 243 mil millones en 2015 y hoy genera por 300 mil millones de  d\u00f3lares.<\/p>\n\n\n\n<p>Uruguay, en tanto, aument\u00f3 su PBI de 53 mil millones de d\u00f3lares a 66;\n Ecuador, de 99 mil millones a 109 mil millones de la moneda \nestadounidense mientras que Per\u00fa pas\u00f3 de 192 mil millones a 234 mil \nmillones de d\u00f3lares.<\/p>\n\n\n\n<p>Por otro lado, en relaci\u00f3n a lo \u00faltimo mencionado, se encuentra la \nimpresionante suba del desempleo, un flagelo que afecta a millones de \npersonas y hace crecer la pobreza y la indigencia, en contraposici\u00f3n a \nla propuesta de campa\u00f1a de Macri de lograr en su mandato \u201cPobreza 0\u201d.<\/p>\n\n\n\n<p>En enero de 2015 hab\u00eda un 7% de desocupaci\u00f3n. Luego de una baja en el\n primer a\u00f1o macrista, los \u00faltimos a\u00f1os de mandato generaron una ola de \ndespidos y cierre de comercios y f\u00e1bricas que hicieron que el porcentaje\n trepara al 9% en el primer mes del a\u00f1o 2019.<\/p>\n\n\n\n<p>Esto hizo que Argentina lidere el r\u00e1nking que nadie quiere liderar: \nse encuentra en primer lugar, junto a Colombia, entre los pa\u00edses con \nmayor desocupaci\u00f3n de la regi\u00f3n. La medici\u00f3n compara datos con el pa\u00eds \ncafetero, Uruguay, Chile, Per\u00fa y Ecuador.<\/p>\n\n\n\n<p>Pese a liderar junto a la Argentina, el pa\u00eds gobernado por Iv\u00e1n Duque\n M\u00e1rquez redujo sus n\u00fameros en un 1% en el mismo lapso de tiempo y pas\u00f3 \nde 10 a 9%. Por su parte, Per\u00fa y Uruguay subieron en un punto \nporcentual. El pa\u00eds incaico pas\u00f3 de 6 a 7% en los \u00faltimos cuatro a\u00f1os, \nmientras que los orientales aumentaron la cantidad de personas sin \ntrabajo y subieron de 7 a 8%.<\/p>\n\n\n\n<p>En tanto, Chile y Ecuador no sufrieron variantes y mantuvieron sus n\u00fameros en 7% y 6%, respectivamente.<\/p>\n\n\n\n<p>N\u00fameros realmente alarmantes que se suman a la imparable inflaci\u00f3n y \nlos incontables tarifazos que hacen que la econom\u00eda de los argentinos se\n vea duramente afectada.<\/p>\n","protected":false},"excerpt":{"rendered":"<p>Durante su mandato, el Producto Bruto interno baj\u00f3 notablemente mientras que la cantidad de gente sin trabajo lleg\u00f3 al m\u00e1s alto de la regi\u00f3n. Conoc\u00e9 todos los detalles en la nota. Mauricio Macri comenz\u00f3 el \u00faltimo a\u00f1o de la gesti\u00f3n que comenz\u00f3 en 2015 con alarmantes n\u00fameros que reflejan claramente la gran crisis econ\u00f3mica en&hellip;<\/p>\n","protected":false},"author":1,"featured_media":83866,"comment_status":"open","ping_status":"open","sticky":false,"template":"","format":"standard","meta":{"footnotes":""},"categories":[13],"tags":[127,298,22023,76,13574],"class_list":["post-84641","post","type-post","status-publish","format-standard","has-post-thumbnail","hentry","category-politica","tag-argentina","tag-desempleo","tag-economia","tag-mauricio-macri","tag-pbi"],"_links":{"self":[{"href":"https:\/\/www.elsindical.com.ar\/notas\/wp-json\/wp\/v2\/posts\/84641","targetHints":{"allow":["GET"]}}],"collection":[{"href":"https:\/\/www.elsindical.com.ar\/notas\/wp-json\/wp\/v2\/posts"}],"about":[{"href":"https:\/\/www.elsindical.com.ar\/notas\/wp-json\/wp\/v2\/types\/post"}],"author":[{"embeddable":true,"href":"https:\/\/www.elsindical.com.ar\/notas\/wp-json\/wp\/v2\/users\/1"}],"replies":[{"embeddable":true,"href":"https:\/\/www.elsindical.com.ar\/notas\/wp-json\/wp\/v2\/comments?post=84641"}],"version-history":[{"count":1,"href":"https:\/\/www.elsindical.com.ar\/notas\/wp-json\/wp\/v2\/posts\/84641\/revisions"}],"predecessor-version":[{"id":84642,"href":"https:\/\/www.elsindical.com.ar\/notas\/wp-json\/wp\/v2\/posts\/84641\/revisions\/84642"}],"wp:featuredmedia":[{"embeddable":true,"href":"https:\/\/www.elsindical.com.ar\/notas\/wp-json\/wp\/v2\/media\/83866"}],"wp:attachment":[{"href":"https:\/\/www.elsindical.com.ar\/notas\/wp-json\/wp\/v2\/media?parent=84641"}],"wp:term":[{"taxonomy":"category","embeddable":true,"href":"https:\/\/www.elsindical.com.ar\/notas\/wp-json\/wp\/v2\/categories?post=84641"},{"taxonomy":"post_tag","embeddable":true,"href":"https:\/\/www.elsindical.com.ar\/notas\/wp-json\/wp\/v2\/tags?post=84641"}],"curies":[{"name":"wp","href":"https:\/\/api.w.org\/{rel}","templated":true}]}}