{"id":84638,"date":"2019-02-02T18:09:30","date_gmt":"2019-02-02T21:09:30","guid":{"rendered":"http:\/\/www.elsindical.com.ar\/notas\/?p=84638"},"modified":"2019-02-02T18:09:36","modified_gmt":"2019-02-02T21:09:36","slug":"rafael-castillomotoqueros-asesinaron-a-joven-a-balazos","status":"publish","type":"post","link":"https:\/\/www.elsindical.com.ar\/notas\/rafael-castillomotoqueros-asesinaron-a-joven-a-balazos\/","title":{"rendered":"Rafael Castillo:Motoqueros asesinaron a joven a balazos"},"content":{"rendered":"\n<figure class=\"wp-block-image\"><img loading=\"lazy\" decoding=\"async\" width=\"970\" height=\"546\" src=\"http:\/\/www.elsindical.com.ar\/notas\/var\/www\/html\/notas\/wp-content\/uploads\/2019\/02\/plaza-asesinato-en-Rafel-Castillo.jpg\" alt=\"\" class=\"wp-image-84639\" srcset=\"https:\/\/www.elsindical.com.ar\/notas\/var\/www\/html\/notas\/wp-content\/uploads\/2019\/02\/plaza-asesinato-en-Rafel-Castillo.jpg 970w, https:\/\/www.elsindical.com.ar\/notas\/var\/www\/html\/notas\/wp-content\/uploads\/2019\/02\/plaza-asesinato-en-Rafel-Castillo-300x169.jpg 300w, https:\/\/www.elsindical.com.ar\/notas\/var\/www\/html\/notas\/wp-content\/uploads\/2019\/02\/plaza-asesinato-en-Rafel-Castillo-768x432.jpg 768w, https:\/\/www.elsindical.com.ar\/notas\/var\/www\/html\/notas\/wp-content\/uploads\/2019\/02\/plaza-asesinato-en-Rafel-Castillo-500x281.jpg 500w, https:\/\/www.elsindical.com.ar\/notas\/var\/www\/html\/notas\/wp-content\/uploads\/2019\/02\/plaza-asesinato-en-Rafel-Castillo-460x260.jpg 460w\" sizes=\"auto, (max-width: 970px) 100vw, 970px\" \/><\/figure>\n\n\n\n<p>Sucedi\u00f3 cuando 2 individuos, que se  desplazaban a bordo de una motocicleta, agredieron a disparos a un  muchacho, de 24 a\u00f1os, quien se hallaba en una plaza, en compa\u00f1\u00eda de  varios de sus amigos. Los criminales, que fugaron, habr\u00edan actuado por  venganza, aunque no se descartan otras hip\u00f3tesis.<\/p>\n\n\n\n<p>Dos motoqueros asesinaron salvajemente a balazos  a un joven, de 24 a\u00f1os, quien se hallaba en compa\u00f1\u00eda de varios de sus  amigos, en una plaza, en un cruento suceso que se registr\u00f3 en la  localidad bonaerense de Rafael Castillo,  en el partido de La Matanza. Los responsables del crimen, que se  presume habr\u00edan actuado por venganza, lograron darse a la fuga y por tal  motivo son buscados, de manera intensa, por los pesquisas policiales.<\/p>\n\n\n\n<p>Al respecto, los voceros de los tribunales de La Matanza revelaron que la infortunada v\u00edctima fue identificada como<strong> Javier Rojas D\u00b4Angelo<\/strong>, de 24 a\u00f1os.<\/p>\n\n\n\n<p>De acuerdo a lo manifestado por los informantes, el hecho se produjo \nen una plaza situada en el cruce de Francisco Beazley y Gregorio \nJaramillo, en el citado distrito distrito, en el oeste del conurbano \nprovincial, oportunidad en la que aparecieron escena los delincuentes, \nquienes portaban armas de fuego y que comenzaron a efectuar disparos.<\/p>\n\n\n\n<p><strong>Rojas D\u00b4Angelo<\/strong> fue alcanzado por un certero \nproyectil en la regi\u00f3n tor\u00e1cica y cay\u00f3 ensangrentado, ocasi\u00f3n que los \nsujetos aprovecaron la confusi\u00f3n para huir r\u00e1pidamente y refugiarse en \nlas calles del humilde vecindario.<\/p>\n\n\n\n<p>Trascendi\u00f3 que el muchacho fue socorrido por sus allegados y \ntrasladado, de urgencia, a la sala de primeros auxilios Doctor Sakamoto,\n ubicada&nbsp;en Nicol\u00e1s D\u00e1vila al 2100, entre Contralmirante Cordero y \nGregorio Jaramillo, a 150 metros de mencionado predio, aunque finalmente\n el joven dej\u00f3 de existir a ra\u00edz de sus graves heridas.<\/p>\n\n\n\n<p>Servidores p\u00fablicos pertenecientes a la comisar\u00eda de Rafael Castillo  (3\u00aa Oeste de La Matanza) realizan diferentes procedimientos en la zona  con el objetivo de establecer el paradero de los autores del asesinato,  que se cree eran conocidos del muchacho agredido.<\/p>\n\n\n\n<p>Intervinieron en la causa los funcionarios de la Unidad Tem\u00e1tica de Homicidios del departamento judicial de La Matanza.<\/p>\n","protected":false},"excerpt":{"rendered":"<p>Sucedi\u00f3 cuando 2 individuos, que se desplazaban a bordo de una motocicleta, agredieron a disparos a un muchacho, de 24 a\u00f1os, quien se hallaba en una plaza, en compa\u00f1\u00eda de varios de sus amigos. Los criminales, que fugaron, habr\u00edan actuado por venganza, aunque no se descartan otras hip\u00f3tesis. Dos motoqueros asesinaron salvajemente a balazos a&hellip;<\/p>\n","protected":false},"author":1,"featured_media":84639,"comment_status":"open","ping_status":"open","sticky":false,"template":"","format":"standard","meta":{"footnotes":""},"categories":[22],"tags":[363,30345,1380,1106,5435],"class_list":["post-84638","post","type-post","status-publish","format-standard","has-post-thumbnail","hentry","category-policiales","tag-asesinato","tag-balazoz","tag-motoqueros","tag-plaza","tag-rafael-castillo"],"_links":{"self":[{"href":"https:\/\/www.elsindical.com.ar\/notas\/wp-json\/wp\/v2\/posts\/84638","targetHints":{"allow":["GET"]}}],"collection":[{"href":"https:\/\/www.elsindical.com.ar\/notas\/wp-json\/wp\/v2\/posts"}],"about":[{"href":"https:\/\/www.elsindical.com.ar\/notas\/wp-json\/wp\/v2\/types\/post"}],"author":[{"embeddable":true,"href":"https:\/\/www.elsindical.com.ar\/notas\/wp-json\/wp\/v2\/users\/1"}],"replies":[{"embeddable":true,"href":"https:\/\/www.elsindical.com.ar\/notas\/wp-json\/wp\/v2\/comments?post=84638"}],"version-history":[{"count":1,"href":"https:\/\/www.elsindical.com.ar\/notas\/wp-json\/wp\/v2\/posts\/84638\/revisions"}],"predecessor-version":[{"id":84640,"href":"https:\/\/www.elsindical.com.ar\/notas\/wp-json\/wp\/v2\/posts\/84638\/revisions\/84640"}],"wp:featuredmedia":[{"embeddable":true,"href":"https:\/\/www.elsindical.com.ar\/notas\/wp-json\/wp\/v2\/media\/84639"}],"wp:attachment":[{"href":"https:\/\/www.elsindical.com.ar\/notas\/wp-json\/wp\/v2\/media?parent=84638"}],"wp:term":[{"taxonomy":"category","embeddable":true,"href":"https:\/\/www.elsindical.com.ar\/notas\/wp-json\/wp\/v2\/categories?post=84638"},{"taxonomy":"post_tag","embeddable":true,"href":"https:\/\/www.elsindical.com.ar\/notas\/wp-json\/wp\/v2\/tags?post=84638"}],"curies":[{"name":"wp","href":"https:\/\/api.w.org\/{rel}","templated":true}]}}