{"id":84622,"date":"2019-02-01T17:54:12","date_gmt":"2019-02-01T20:54:12","guid":{"rendered":"http:\/\/www.elsindical.com.ar\/notas\/?p=84622"},"modified":"2019-02-01T17:54:12","modified_gmt":"2019-02-01T20:54:12","slug":"jornada-de-lucha-contra-las-violencias-hacia-las-mujeres","status":"publish","type":"post","link":"https:\/\/www.elsindical.com.ar\/notas\/jornada-de-lucha-contra-las-violencias-hacia-las-mujeres\/","title":{"rendered":"Jornada de lucha contra las violencias hacia las mujeres"},"content":{"rendered":"\n<figure class=\"wp-block-image\"><img loading=\"lazy\" decoding=\"async\" width=\"600\" height=\"271\" src=\"http:\/\/www.elsindical.com.ar\/notas\/var\/www\/html\/notas\/wp-content\/uploads\/2019\/02\/marcha21.jpg\" alt=\"\" class=\"wp-image-84623\" srcset=\"https:\/\/www.elsindical.com.ar\/notas\/var\/www\/html\/notas\/wp-content\/uploads\/2019\/02\/marcha21.jpg 600w, https:\/\/www.elsindical.com.ar\/notas\/var\/www\/html\/notas\/wp-content\/uploads\/2019\/02\/marcha21-300x136.jpg 300w, https:\/\/www.elsindical.com.ar\/notas\/var\/www\/html\/notas\/wp-content\/uploads\/2019\/02\/marcha21-500x226.jpg 500w\" sizes=\"auto, (max-width: 600px) 100vw, 600px\" \/><\/figure>\n\n\n\n<p class=\"wp-block-paragraph\">La AJB convoca a participar de la marcha a realizarse el 1 de febrero  en la Ciudad Aut\u00f3noma de Buenos Aires, y de las actividades que se  organicen en otras localidades de la provincia.<\/p>\n\n\n\n<p class=\"wp-block-paragraph\">La Asociaci\u00f3n Judicial Bonaerense adhiere a la jornada de lucha \nconvocada por la \u201cCampa\u00f1a Nacional contra las violencias hacia las \nMujeres\u201d el viernes 1 de febrero, y convoca a participar de la&nbsp;<strong>marcha contra los femicidios, abusos y violencias hacia las mujeres, lesbianas, travestis y trans<\/strong>&nbsp;a\n realizarse en la Ciudad Aut\u00f3noma de Buenos Aires, como as\u00ed tambi\u00e9n de \nlas actividades que se organicen en otras localidades de la provincia.<\/p>\n\n\n\n<p class=\"wp-block-paragraph\">En nuestro pa\u00eds, durante el mes de enero ocurri\u00f3&nbsp;<strong>un femicidio cada 28 hs.<\/strong>, y se produjeron innumerables casos de violencia.<\/p>\n\n\n\n<p class=\"wp-block-paragraph\"><strong>Gissella Solis<\/strong>&nbsp;-38 a\u00f1os- odont\u00f3loga de \nla ciudad de La Plata fue intensamente buscada durante 13 d\u00edas y \nfinalmente su cuerpo fue encontrado enterrado en Villa Elisa. Su pareja \nse suicid\u00f3.<\/p>\n\n\n\n<p class=\"wp-block-paragraph\"><strong>Gisel Romina Varela<\/strong>, de Mar del Plata&nbsp; -33 a\u00f1os- \nestaba en una parada de colectivos cuando su ex pareja le quit\u00f3 el arma \nreglamentaria y la mat\u00f3 a balazos.<\/p>\n\n\n\n<p class=\"wp-block-paragraph\"><strong>Agustina Imvinkelried,<\/strong>&nbsp;de Santa Fe&nbsp; -17 a\u00f1os- fue a bailar y a la salida del boliche un hombre la asfixi\u00f3, la at\u00f3 y la enterr\u00f3 en un descampado.<\/p>\n\n\n\n<p class=\"wp-block-paragraph\"><strong>Valeria Juarez<\/strong>&nbsp;-de Chaco- fue asesinada por su padre, quien despu\u00e9s del hecho se suicid\u00f3.<\/p>\n\n\n\n<p class=\"wp-block-paragraph\"><strong>Valeria Coppa<\/strong>&nbsp;\u2013 40 a\u00f1os \u2013 fue asesinada\n de un balazo en la cabeza frente a la Catedral de Bariloche. Su ex \npareja confes\u00f3 el femicidio a allegados.<\/p>\n\n\n\n<p class=\"wp-block-paragraph\">Entre otros aberrantes casos de violencia, en Jujuy, una nena de 12 \na\u00f1os embarazada producto de una violaci\u00f3n, solicit\u00f3 la Interrupci\u00f3n \nVoluntaria del Embarazo y fue sometida a una ces\u00e1rea en contra de los \nprotocolos que se establecen para estos casos.<\/p>\n\n\n\n<p class=\"wp-block-paragraph\">\u201cEstos son s\u00f3lo algunos ejemplos del horror que se vive en nuestro \npa\u00eds en materia de violencia de g\u00e9nero. Es por ello que lxs trabajadorxs\n judicialxs enroladxs en la AJB sostenemos la necesidad de visibilizar \nlos hechos de femicidios, abusos y violencia acontecidos durante el mes \nde enero, como as\u00ed tambi\u00e9n denunciamos la responsabilidad de un Estado \nausente\u201d, manifest\u00f3 D\u00e9bora Bertone, Secretaria de G\u00e9nero e Igualdad de \nOportunidades de la AJB.<\/p>\n\n\n\n<p class=\"wp-block-paragraph\">\u201cExigimos la declaraci\u00f3n de emergencia en violencia de g\u00e9nero en \nnuestro pa\u00eds, que el Estado destine todos los recursos necesarios para \nabordar esta problem\u00e1tica, y una Justicia con perspectiva de g\u00e9nero que \nrespete las normas nacionales e internacionales en la materia\u201d, finaliz\u00f3\n Bertone.<\/p>\n\n\n\n<p class=\"wp-block-paragraph\"><strong>En la Ciudad Aut\u00f3noma de Buenos Aires convocamos a concentrar a las 17.30 horas en calles Lima y Moreno.&nbsp;<\/strong><\/p>\n\n\n\n<p class=\"wp-block-paragraph\"><strong>#Ni Una Menos #Vivas, libres y con derechos nos queremos<\/strong><\/p>\n\n\n\n<p class=\"wp-block-paragraph\"><strong>#JusticiaConPerspectivadeG\u00e9neroYa<\/strong><\/p>\n","protected":false},"excerpt":{"rendered":"<p>La AJB convoca a participar de la marcha a realizarse el 1 de febrero en la Ciudad Aut\u00f3noma de Buenos Aires, y de las actividades que se organicen en otras localidades de la provincia. La Asociaci\u00f3n Judicial Bonaerense adhiere a la jornada de lucha convocada por la \u201cCampa\u00f1a Nacional contra las violencias hacia las Mujeres\u201d&hellip;<\/p>\n","protected":false},"author":1,"featured_media":84623,"comment_status":"open","ping_status":"open","sticky":false,"template":"","format":"standard","meta":{"footnotes":""},"categories":[16],"tags":[4626,4284,24823],"class_list":["post-84622","post","type-post","status-publish","format-standard","has-post-thumbnail","hentry","category-gremiales","tag-ajb","tag-caba","tag-violencia-femenina"],"_links":{"self":[{"href":"https:\/\/www.elsindical.com.ar\/notas\/wp-json\/wp\/v2\/posts\/84622","targetHints":{"allow":["GET"]}}],"collection":[{"href":"https:\/\/www.elsindical.com.ar\/notas\/wp-json\/wp\/v2\/posts"}],"about":[{"href":"https:\/\/www.elsindical.com.ar\/notas\/wp-json\/wp\/v2\/types\/post"}],"author":[{"embeddable":true,"href":"https:\/\/www.elsindical.com.ar\/notas\/wp-json\/wp\/v2\/users\/1"}],"replies":[{"embeddable":true,"href":"https:\/\/www.elsindical.com.ar\/notas\/wp-json\/wp\/v2\/comments?post=84622"}],"version-history":[{"count":1,"href":"https:\/\/www.elsindical.com.ar\/notas\/wp-json\/wp\/v2\/posts\/84622\/revisions"}],"predecessor-version":[{"id":84624,"href":"https:\/\/www.elsindical.com.ar\/notas\/wp-json\/wp\/v2\/posts\/84622\/revisions\/84624"}],"wp:featuredmedia":[{"embeddable":true,"href":"https:\/\/www.elsindical.com.ar\/notas\/wp-json\/wp\/v2\/media\/84623"}],"wp:attachment":[{"href":"https:\/\/www.elsindical.com.ar\/notas\/wp-json\/wp\/v2\/media?parent=84622"}],"wp:term":[{"taxonomy":"category","embeddable":true,"href":"https:\/\/www.elsindical.com.ar\/notas\/wp-json\/wp\/v2\/categories?post=84622"},{"taxonomy":"post_tag","embeddable":true,"href":"https:\/\/www.elsindical.com.ar\/notas\/wp-json\/wp\/v2\/tags?post=84622"}],"curies":[{"name":"wp","href":"https:\/\/api.w.org\/{rel}","templated":true}]}}