{"id":84597,"date":"2019-01-31T09:03:08","date_gmt":"2019-01-31T12:03:08","guid":{"rendered":"http:\/\/www.elsindical.com.ar\/notas\/?p=84597"},"modified":"2019-01-31T09:03:08","modified_gmt":"2019-01-31T12:03:08","slug":"buscan-a-joven-que-hacia-dedo-desde-la-pampa-a-buenos-aires","status":"publish","type":"post","link":"https:\/\/www.elsindical.com.ar\/notas\/buscan-a-joven-que-hacia-dedo-desde-la-pampa-a-buenos-aires\/","title":{"rendered":"Buscan a joven que hacia dedo desde La Pampa a Buenos Aires"},"content":{"rendered":"\n<figure class=\"wp-block-image\"><img loading=\"lazy\" decoding=\"async\" width=\"970\" height=\"546\" src=\"http:\/\/www.elsindical.com.ar\/notas\/var\/www\/html\/notas\/wp-content\/uploads\/2019\/01\/Carola-Desuque.jpg\" alt=\"\" class=\"wp-image-84598\" srcset=\"https:\/\/www.elsindical.com.ar\/notas\/var\/www\/html\/notas\/wp-content\/uploads\/2019\/01\/Carola-Desuque.jpg 970w, https:\/\/www.elsindical.com.ar\/notas\/var\/www\/html\/notas\/wp-content\/uploads\/2019\/01\/Carola-Desuque-300x169.jpg 300w, https:\/\/www.elsindical.com.ar\/notas\/var\/www\/html\/notas\/wp-content\/uploads\/2019\/01\/Carola-Desuque-768x432.jpg 768w, https:\/\/www.elsindical.com.ar\/notas\/var\/www\/html\/notas\/wp-content\/uploads\/2019\/01\/Carola-Desuque-500x281.jpg 500w, https:\/\/www.elsindical.com.ar\/notas\/var\/www\/html\/notas\/wp-content\/uploads\/2019\/01\/Carola-Desuque-460x260.jpg 460w\" sizes=\"auto, (max-width: 970px) 100vw, 970px\" \/><\/figure>\n\n\n\n<p>La joven de 30 a\u00f1os sali\u00f3 de su casa hace un mes pero su familia jam\u00e1s volvi\u00f3 a tener noticias de ella.<\/p>\n\n\n\n<p>Familiares y amigos de una joven de 30 a\u00f1os se encuentran desesperados  ante la ausencia de quien no se sabe nada desde el pasado 2 de enero,  cuando fue vista en la ruta nacional 5 haciendo \u00abdedo\u00bb hacia la ciudad  de   Buenos Aires.<\/p>\n\n\n\n<p>Un amigo de <strong>Carola Desuque<\/strong> aport\u00f3 el dato de que el 10 de enero fue vista <em>\u00abhaciendo dedo\u00bb<\/em> en la ruta 5, en sentido a la ciudad de Buenos Aires.  En ese momento, la joven llevaba una mochila y estaba sola, en tanto,  al revisar una c\u00e1mara de seguridad ubicada en un hotel de la zona,  constataron efectivamente que la persona del video era ella y que podr\u00eda  estar en la ciudad de Buenos Aires.<\/p>\n\n\n\n<p>Para los investigadores, eso demuestra que la joven plane\u00f3 la ida de \nla ciudad pampeana de Santa Rosa. La chica es de contextura media, \ndelgada, 1,60 metros de altura, tez blanca, cabellos largos casta\u00f1os, \npiercing en nariz lado izquierdo, sin tatuajes y ojos marrones.<\/p>\n\n\n\n<p><strong>Gabriela <\/strong>es la mam\u00e1 de Carola y desde hace a\u00f1os \nlibra una dura batalla para que su hija pueda salir de una adicci\u00f3n a \nlas drogas. Confirm\u00f3 que en los d\u00edas previos a la \u00faltima vez que la \nvieron, la relaci\u00f3n entre ambas no era la mejor.<\/p>\n\n\n\n<p><em>\u00abEl \u00faltimo contacto que mantuve con ella fue por un mensaje de \ntexto el 2 de enero que me mand\u00f3 en el que me ped\u00eda que habl\u00e1ramos. Yo \nle dije que en ese momento no estaba en condiciones de hablar con ella \nporque est\u00e1bamos peleadas. Carola es de esas personas que cuando se \nenoja, se aleja y no le gusta que invadamos su espacio. Un d\u00eda despu\u00e9s \nmi hijo me dice que hab\u00eda ido a su casa y que no estaba. Ah\u00ed le empec\u00e9 a\n escribir y nunca m\u00e1s me contest\u00f3\u00bb<\/em>, relat\u00f3 la mujer.<\/p>\n\n\n\n<p>Seg\u00fan la madre, la joven desaparecida tiene que tomar una medicaci\u00f3n \npara estabilizar su adicci\u00f3n pero \u00faltimamente no hab\u00eda querido hacerlo. \nDe hecho le dijo a Gabriela que quer\u00eda dejar de asistir al psic\u00f3logo que\n la estaba tratando.&nbsp;<\/p>\n\n\n\n<p><em>\u00abElla no quer\u00eda que me metiera en sus cosas. Por eso con ella iba despacio. No quer\u00eda invadirla\u00bb<\/em>,\n dijo. La relaci\u00f3n entre ambas siempre fue tensa, pues era su mam\u00e1 la \nque se encargaba de la parte desagradable pero necesaria para que dejara\n de consumir. <em>\u00abElla siempre me dec\u00eda que yo quer\u00eda verla encerrada\u00bb<\/em>, detall\u00f3.<\/p>\n","protected":false},"excerpt":{"rendered":"<p>La joven de 30 a\u00f1os sali\u00f3 de su casa hace un mes pero su familia jam\u00e1s volvi\u00f3 a tener noticias de ella. Familiares y amigos de una joven de 30 a\u00f1os se encuentran desesperados ante la ausencia de quien no se sabe nada desde el pasado 2 de enero, cuando fue vista en la ruta&hellip;<\/p>\n","protected":false},"author":1,"featured_media":84598,"comment_status":"open","ping_status":"open","sticky":false,"template":"","format":"standard","meta":{"footnotes":""},"categories":[26],"tags":[1267,30336,1912],"class_list":["post-84597","post","type-post","status-publish","format-standard","has-post-thumbnail","hentry","category-solidaridad","tag-adiccion","tag-carola-desuque","tag-la-pampa"],"_links":{"self":[{"href":"https:\/\/www.elsindical.com.ar\/notas\/wp-json\/wp\/v2\/posts\/84597","targetHints":{"allow":["GET"]}}],"collection":[{"href":"https:\/\/www.elsindical.com.ar\/notas\/wp-json\/wp\/v2\/posts"}],"about":[{"href":"https:\/\/www.elsindical.com.ar\/notas\/wp-json\/wp\/v2\/types\/post"}],"author":[{"embeddable":true,"href":"https:\/\/www.elsindical.com.ar\/notas\/wp-json\/wp\/v2\/users\/1"}],"replies":[{"embeddable":true,"href":"https:\/\/www.elsindical.com.ar\/notas\/wp-json\/wp\/v2\/comments?post=84597"}],"version-history":[{"count":1,"href":"https:\/\/www.elsindical.com.ar\/notas\/wp-json\/wp\/v2\/posts\/84597\/revisions"}],"predecessor-version":[{"id":84599,"href":"https:\/\/www.elsindical.com.ar\/notas\/wp-json\/wp\/v2\/posts\/84597\/revisions\/84599"}],"wp:featuredmedia":[{"embeddable":true,"href":"https:\/\/www.elsindical.com.ar\/notas\/wp-json\/wp\/v2\/media\/84598"}],"wp:attachment":[{"href":"https:\/\/www.elsindical.com.ar\/notas\/wp-json\/wp\/v2\/media?parent=84597"}],"wp:term":[{"taxonomy":"category","embeddable":true,"href":"https:\/\/www.elsindical.com.ar\/notas\/wp-json\/wp\/v2\/categories?post=84597"},{"taxonomy":"post_tag","embeddable":true,"href":"https:\/\/www.elsindical.com.ar\/notas\/wp-json\/wp\/v2\/tags?post=84597"}],"curies":[{"name":"wp","href":"https:\/\/api.w.org\/{rel}","templated":true}]}}