{"id":84594,"date":"2019-01-31T08:31:36","date_gmt":"2019-01-31T11:31:36","guid":{"rendered":"http:\/\/www.elsindical.com.ar\/notas\/?p=84594"},"modified":"2019-01-31T08:31:36","modified_gmt":"2019-01-31T11:31:36","slug":"gerardo-morales-y-una-carta-abierta-a-evo-morales-a-la-medida-de-los-idiotas","status":"publish","type":"post","link":"https:\/\/www.elsindical.com.ar\/notas\/gerardo-morales-y-una-carta-abierta-a-evo-morales-a-la-medida-de-los-idiotas\/","title":{"rendered":"Gerardo Morales y una carta abierta a Evo Morales, a la medida de los idiotas"},"content":{"rendered":"\n<figure class=\"wp-block-image\"><img loading=\"lazy\" decoding=\"async\" width=\"840\" height=\"472\" src=\"http:\/\/www.elsindical.com.ar\/notas\/var\/www\/html\/notas\/wp-content\/uploads\/2019\/01\/Tulia-Snopek-y-Gerardo-Morales.jpg\" alt=\"\" class=\"wp-image-84595\" srcset=\"https:\/\/www.elsindical.com.ar\/notas\/var\/www\/html\/notas\/wp-content\/uploads\/2019\/01\/Tulia-Snopek-y-Gerardo-Morales.jpg 840w, https:\/\/www.elsindical.com.ar\/notas\/var\/www\/html\/notas\/wp-content\/uploads\/2019\/01\/Tulia-Snopek-y-Gerardo-Morales-300x169.jpg 300w, https:\/\/www.elsindical.com.ar\/notas\/var\/www\/html\/notas\/wp-content\/uploads\/2019\/01\/Tulia-Snopek-y-Gerardo-Morales-768x432.jpg 768w, https:\/\/www.elsindical.com.ar\/notas\/var\/www\/html\/notas\/wp-content\/uploads\/2019\/01\/Tulia-Snopek-y-Gerardo-Morales-500x281.jpg 500w\" sizes=\"auto, (max-width: 840px) 100vw, 840px\" \/><\/figure>\n\n\n\n<p>  La Carta Abierta del gobernador de la provincia de Jujuy, Gerardo Morales,  donde mezcla muchos temas pol\u00edticos para un gui\u00f3n de pel\u00edcula de cuarta antes que un escrito serio y responsable de un pol\u00edtico de verdad.<\/p>\n\n\n\n<p><strong>CARTA ABIERTA AL PRESIDENTE EVO MORALES<\/strong><\/p>\n\n\n\n<p><strong> SR. PRESIDENTE:<\/strong><\/p>\n\n\n\n<p><strong>                    En reiteradas oportunidades, rechac\u00e9 su intromisi\u00f3n en asuntos internos de mi Pa\u00eds. En  particular, sus apreciaciones respecto del funcionamiento de nuestras  instituciones en el caso Milagro Sala, una delincuente con varias  condenas por hechos de violencia y corrupci\u00f3n.<\/strong><\/p>\n\n\n\n<p><strong>                     Siempre me llam\u00f3 la atenci\u00f3n que, habiendo Ud.  transgredido y vulnerado la Constituci\u00f3n de su pa\u00eds e incumplido la  voluntad popular que en un refer\u00e9ndum convocado por Ud. mismo le dijo  que NO a su reelecci\u00f3n, Ud. se ocupase de las cuestiones institucionales  internas de nuestro propio Pa\u00eds.<\/strong><\/p>\n\n\n\n<p><strong>                    Lo que me  lleva a escribirle en esta oportunidad es una situaci\u00f3n mucho m\u00e1s  profunda y grave en cuanto a la relaci\u00f3n entre nuestros pa\u00edses. Se trata  del tema de la Salud y la reciprocidad.<\/strong><\/p>\n\n\n\n<p><strong>                    Como  Ud. Sabr\u00e1, nuestro pa\u00eds es un pa\u00eds de puertas abiertas y generoso con \u00ab.  . . los hombres del mundo que quieran habitar nuestro suelo Argentino. .  . \u00bb como reza el Pre\u00e1mbulo de nuestra Constituci\u00f3n. Pero en particular,  con el pueblo Boliviano, que actualmente cuenta con una de las  poblaciones de inmigrantes m\u00e1s numerosas en nuestro Pa\u00eds.<\/strong><\/p>\n\n\n\n<p><strong>                     Efectivamente, no solo recibimos al pueblo boliviano, sino  que le damos cobijo, suelo, tierra, trabajo, educaci\u00f3n, salud, en  definitiva: VIDA.<\/strong><\/p>\n\n\n\n<p><strong>                    De eso se trata se\u00f1or  Presidente: de la VIDA, que Ud. y su Gobierno no llegan a comprender ni  alcanzan a dimensionar.<\/strong><\/p>\n\n\n\n<p><strong>                    Los \u00faltimos  acontecimientos ocurridos en suelo boliviano, me llevan a rechazar su  actitud y la de su Gobierno para con el Pueblo Argentino, frente a la  manera injusta y deshumanizada en el trato particularmente con respecto a  la atenci\u00f3n de la Salud, de mis comprovincianos y compatriotas.<\/strong><\/p>\n\n\n\n<p><strong>                     Le comento el caso del ciudadano Argentino, el Juje\u00f1o  de 35 a\u00f1os Manuel Vilca, quien tuviera un accidente en Oruro, Bolivia,  el 8 de diciembre pasado. <\/strong><\/p>\n\n\n\n<p><strong>                    Manuel fue  internado en un Hospital P\u00fablico de Oruro durante 5 d\u00edas y le cobraron  la suma de 22.000 pesos Bolivianos que al cambio del mes de diciembre  corresponden a la suma de 121.312 pesos argentinos. Luego fue derivado a  una Cl\u00ednica de Cochabamba, donde junto a su familia y amigos tuvieron  que pagar la suma de 7.000 d\u00f3lares estadounidenses. Para continuar con  el tratamiento y la operaci\u00f3n, pretend\u00edan cobrarle 10.000 d\u00f3lares m\u00e1s.  Frente a esa situaci\u00f3n de trato inhumano y de falta de reciprocidad e  igualdad para con el trato que nosotros brindamos a los hermanos  Bolivianos, tomamos la decisi\u00f3n de repatriar a Manuel para continuar con  el tratamiento en Jujuy, Argentina. \u00bfPero sabe qu\u00e9 Presidente? Desde el  Gobierno de la Provincia tuvimos que pagar la suma de 2.000 d\u00f3lares m\u00e1s  porque si no, no lo dejaban salir de Bolivia.<\/strong><\/p>\n\n\n\n<p><strong>                     Este es uno de los miles de casos de maltrato y de falta de la m\u00ednima  reciprocidad entre su gobierno y nuestro Pueblo. Muchos argentinos  tienen que pagar sumas importantes y deambular por nuestros consulados y  Embajada para poder cancelar deudas que sus compatriotas bolivianos en  argentina nunca abonan, porque son atendidos gratuitamente en este  generoso Pa\u00eds.<\/strong><\/p>\n\n\n\n<p><strong>                    \u00bfA Ud. le parece, Sr.  Presidente? \u00bfLe parece que los Argentinos tengamos que recibir ese trato  cuando nos ocurre un accidente en territorio Boliviano?<\/strong><\/p>\n\n\n\n<p><strong>                     \u00a1A m\u00ed me parece muy injusto, Presidente!<\/strong><\/p>\n\n\n\n<p><strong>                     Yo no le voy a pasar la cuenta de lo que gastamos en  Salud en los ciudadanos de su pa\u00eds. \u00bfSabe por qu\u00e9, Presidente? Porque  somos diferentes. Porque primero garantizamos el derecho a la Vida y la  Salud de todas las personas, no importa de qu\u00e9 pa\u00eds sean, ni cu\u00e1l sea su  cultura, su etnia. Porque primero est\u00e1 la Vida. Cuando ocurre un  accidente en Argentina, en todo su territorio, inmediatamente aparece  una ambulancia, un m\u00e9dico, un enfermero, un hospital, que est\u00e1n  dispuestos a salvar la vida, a curar a las personas porque de ese modo  garantizamos la Vida y los Derechos Humanos.<\/strong><\/p>\n\n\n\n<p><strong>                     \u00bfQu\u00e9 banderas levanta y defiende Ud. en nombre del Movimiento al  Socialismo, en nombre de la Justicia Social, que no tengan como  prioridad la defensa de la Vida y los derechos Humanos?<\/strong><\/p>\n\n\n\n<p><strong>                     Su actitud y la de su Gobierno para con los ciudadanos  argentinos es repudiable. Son Ud. y su Gobierno muy contradictorios.<\/strong><\/p>\n\n\n\n<p><strong>                    Me da mucha indignaci\u00f3n la injusticia, Sr. Presidente.<\/strong><\/p>\n\n\n\n<p><strong>                    Y a Ud. le tendr\u00eda que dar mucha verg\u00fcenza, Sr. Presidente.<\/strong><\/p>\n\n\n\n<p><strong>                     Manuel Vilca ya est\u00e1 con nosotros, lleg\u00f3 hoy en el  Avi\u00f3n Sanitario de nuestra Provincia. Ya est\u00e1 en manos de nuestros  m\u00e9dicos y enfermeras. Ya est\u00e1 en manos de nuestro sistema de Salud.<\/strong><\/p>\n\n\n\n<p><strong>                    Gracias por Nada, Presidente.<\/strong><\/p>\n\n\n\n<p><strong>                    Atte.<\/strong><\/p>\n\n\n\n<p><strong> GERARDO MORALES<br> GOBERNADOR DE JUJUY<\/strong><\/p>\n\n\n\n<p>Morales, el nuestro, el impresentable, ya que la carta abierta pareciera escrita o por un loco o bien por un pol\u00edtico de cuarta que sale a criticar lo mismo que el dice no compartir, le critica a Evo Morales el haber opinado y tomado posici\u00f3n sobre el caso de Milagros Sala, al entender que se entromet\u00eda en una provincia con sus leyes, pero termina ese p\u00e1rrafo opinando sobre la legalidad de la reelecci\u00f3n de Evo Morales o su cumplimiento de la Constituci\u00f3n de Bolivia, Gerardo Morales, es o se hace?, no en realidad hace esto para medir a los idiotas que aplauden cualquier cosa.<\/p>\n\n\n\n<p>Demostrando que de radical no tiene nada, Gerardo Morales habla de la Argentina como un pa\u00eds de puertas abiertas y generoso con los hombres del mundo que quieran habitar en la Argentina como dice la Constituci\u00f3n, recuerdo haber escuchado a Ra\u00fal Alfons\u00edn invitando a los extranjeros a habitar en la Argentina, a Morales eso parece que tanto no le agrada.<\/p>\n\n\n\n<p>Eso s\u00ed, para acusar a Bolivia de falta de reciprocidad deber\u00eda haber Morales escrito una carta abierta a otros presidentes ya que no hay reciprocidad en atenci\u00f3n p\u00fablica, raro que solo se ocupe de Bolivia si va a jugar al patriota.<\/p>\n\n\n\n<p>Cuando habla de lo inhumano, este caradura parece que no se enter\u00f3 que en la Argentina los m\u00e9dicos se desmayan en plena operaci\u00f3n por falta de aire y el calor insoportable, no se enter\u00f3 que casi 40 beb\u00e9s sufrieron por un corte de luz que afecta a sus encubadoras, que en Jujuy su provincia el sistema de salud p\u00fablica es de los peores del pa\u00eds.<\/p>\n\n\n\n<p>Critica a un presidente un gobernador in\u00fatil, que tiene la provincia incendiada, quebrada y \u00e9l es uno de los grandes responsables, eso s\u00ed, este impresentable de Gerardo Morales no duda en divertirse con su pareja cuando noviaba con Tulia Snopek Alvear Palace Hotel.<\/p>\n\n\n\n<p>Apela a la motivaci\u00f3n t\u00edpica de muchos argentinos ignorantes sobre el repudio al extranjero, cuando el verdadero mal de los argentinos es opinar sin pensar y se\u00f1alando siempre la culpa en el otro.<\/p>\n\n\n\n<p>Se queja como inhumano que en el caso del m\u00fasico juje\u00f1o Manuel Vilca accidentado con el veh\u00edculo de la banda de la que forma parte, haya sido atendido con un costo elevado 22.000 bol\u00edvares que al cambio actual representa para el argentino unos 121.312 pesos, otra estupidez, si el gobierno del que Morales Gerardo forma parte no hubiera volado la econom\u00eda argentina, no tendr\u00edamos esta diferencia importante y seguramente las cosas ser\u00edan muy diferentes, pero ahora surge la pregunta objetiva, ser argentino no implica ser imb\u00e9cil, si vas a viajar y el cambio no te favorece, no viajes, es poco inteligente hacerlo y pretender quejarte luego de los precios, eso por un lado, por el otro el gobernador dice que el joven debi\u00f3 ser repatriado por estar solo, \u00bfy su banda?.<\/p>\n\n\n\n<p>Derrapa del todo Gerardo Morales cuando habla de los Derechos Humanos, a ver petiso y corto de mente, volv\u00e9s como al comienzo a criticar en el otro lo que vos no cumpl\u00eds?.<\/p>\n\n\n\n<p>Viendo los medios como Clar\u00edn, afines al gobierno la forma en que presentan la Carta Abierta para la verg\u00fcenza, es evidente que si Bolsonaro critica a Evo Morales, el gobierno argentonto tiene que salir a se\u00f1alar a Evo Morales y a criticar, digo por qu\u00e9 no se ocupan de Argentina corruptos.<\/p>\n\n\n\n<p>El sistema de salud argentino fue destruido no por atender a extranjeros, fue destruido por la corrupci\u00f3n pol\u00edtica, por los costos de que se operen \u00abamigas, amantes, conocidas y conocidos\u00bb en hospitales p\u00fablicos o se olvidan de los fraudes cuando fue el boom de los implantes de pechos?.<\/p>\n\n\n\n<p>Comparto que hace falta un debate serio sobre la salud p\u00fablica y los extranjeros, pero le han causado m\u00e1s da\u00f1o insisto los pol\u00edticos corruptos y los empresarios con sus negocios como el de los laboratorios.<\/p>\n\n\n\n<p>La carta es un compendio del idiota argentino que ve la paja en el ojo ajeno, Gerardo Morales termina diciendo que el joven m\u00fasica ya est\u00e1 en manos de nuestros m\u00e9dicos, nuestras enfermeras y de nuestro sistema de salud, muy lindo para la gilada, pero le recuerdo al gobernador impresentable que \u00e9l forma parte del gobierno que fue contra la licenciatura de los enfermeros, que es el mismo gobierno que tiene en la miseria a los m\u00e9dicos del sistema de salud p\u00fablico y por si fuera poco que es el gobernador de una provincia que tiene un sistema de salud deficiente, en algunos casos m\u00e1s parecido al de pa\u00edses de \u00c1frica que al de una Naci\u00f3n desarrollada, en definitiva, hay dos Morales, uno negro, indio y con la 2da econom\u00eda de Am\u00e9rica y otro que lo quiere denigrar y ense\u00f1ar c\u00f3mo se hacen las cosas, con una provincia quebrada, con menores trabajando porque este tarado solo se acuerda de los derechos humanos cuando tiene que hacer campa\u00f1a, un tipo que para divertirse ni siquiera elige su provincia sino que son m\u00e1s lindas y caras las s\u00e1banas de los exclusivos hoteles de Buenos Aires.<\/p>\n\n\n\n<p>Sigan aplaudiendo a los impresentables que nos gobiernan, que Evo Morales cuando termina de leer lo que ac\u00e1 se fogonea y mira los n\u00fameros de la econom\u00eda se debe re\u00edr y mucho de Gerardo Morales y los idiotas que festejan este tipo de brabuconadas.<\/p>\n\n\n\n<p><\/p>\n\n\n\n<p><strong>Por Marcelo Ricardo Hawrylciw<\/strong><\/p>\n","protected":false},"excerpt":{"rendered":"<p>La Carta Abierta del gobernador de la provincia de Jujuy, Gerardo Morales, donde mezcla muchos temas pol\u00edticos para un gui\u00f3n de pel\u00edcula de cuarta antes que un escrito serio y responsable de un pol\u00edtico de verdad. CARTA ABIERTA AL PRESIDENTE EVO MORALES SR. PRESIDENTE: En reiteradas oportunidades, rechac\u00e9 su intromisi\u00f3n en asuntos internos de mi&hellip;<\/p>\n","protected":false},"author":1,"featured_media":84595,"comment_status":"open","ping_status":"open","sticky":false,"template":"","format":"standard","meta":{"footnotes":""},"categories":[10],"tags":[1142,1485,27312,30335],"class_list":["post-84594","post","type-post","status-publish","format-standard","has-post-thumbnail","hentry","category-editorial","tag-evo-morales","tag-gerardo-morales","tag-sistema-de-salud","tag-tulia-snopek"],"_links":{"self":[{"href":"https:\/\/www.elsindical.com.ar\/notas\/wp-json\/wp\/v2\/posts\/84594","targetHints":{"allow":["GET"]}}],"collection":[{"href":"https:\/\/www.elsindical.com.ar\/notas\/wp-json\/wp\/v2\/posts"}],"about":[{"href":"https:\/\/www.elsindical.com.ar\/notas\/wp-json\/wp\/v2\/types\/post"}],"author":[{"embeddable":true,"href":"https:\/\/www.elsindical.com.ar\/notas\/wp-json\/wp\/v2\/users\/1"}],"replies":[{"embeddable":true,"href":"https:\/\/www.elsindical.com.ar\/notas\/wp-json\/wp\/v2\/comments?post=84594"}],"version-history":[{"count":1,"href":"https:\/\/www.elsindical.com.ar\/notas\/wp-json\/wp\/v2\/posts\/84594\/revisions"}],"predecessor-version":[{"id":84596,"href":"https:\/\/www.elsindical.com.ar\/notas\/wp-json\/wp\/v2\/posts\/84594\/revisions\/84596"}],"wp:featuredmedia":[{"embeddable":true,"href":"https:\/\/www.elsindical.com.ar\/notas\/wp-json\/wp\/v2\/media\/84595"}],"wp:attachment":[{"href":"https:\/\/www.elsindical.com.ar\/notas\/wp-json\/wp\/v2\/media?parent=84594"}],"wp:term":[{"taxonomy":"category","embeddable":true,"href":"https:\/\/www.elsindical.com.ar\/notas\/wp-json\/wp\/v2\/categories?post=84594"},{"taxonomy":"post_tag","embeddable":true,"href":"https:\/\/www.elsindical.com.ar\/notas\/wp-json\/wp\/v2\/tags?post=84594"}],"curies":[{"name":"wp","href":"https:\/\/api.w.org\/{rel}","templated":true}]}}