{"id":8448,"date":"2010-08-11T00:43:10","date_gmt":"2010-08-11T03:43:10","guid":{"rendered":"http:\/\/www.elsindical.com.ar\/notas\/?p=8448"},"modified":"2010-08-11T00:43:10","modified_gmt":"2010-08-11T03:43:10","slug":"segunda-jornada-de-trabajadores-judiciales","status":"publish","type":"post","link":"https:\/\/www.elsindical.com.ar\/notas\/segunda-jornada-de-trabajadores-judiciales\/","title":{"rendered":"Segunda jornada de trabajadores judiciales"},"content":{"rendered":"<p style=\"text-align: justify;\"><em><a href=\"http:\/\/www.elsindical.com.ar\/notas\/var\/www\/html\/notas\/wp-content\/uploads\/2010\/08\/logo-UEJN.jpg\"><img loading=\"lazy\" decoding=\"async\" class=\"alignleft size-full wp-image-8449\" title=\"logo-UEJN\" src=\"http:\/\/www.elsindical.com.ar\/notas\/var\/www\/html\/notas\/wp-content\/uploads\/2010\/08\/logo-UEJN.jpg\" alt=\"\" width=\"142\" height=\"150\" \/><\/a>La Uni\u00f3n de Empleados de la Justicia de la Naci\u00f3n (UEJN) organiza para este mi\u00e9rcoles la \u00abSegunda Jornada La Justicia en el Bicentenario\u00bb, a la que fueron invitados ministros, legisladores y representantes del Poder Judicial.<\/em><\/p>\n<p style=\"text-align: justify;\">La jornada se iniciar\u00e1 a las 14:00 hs.\u00a0en el Teatro Nacional Cervantes, en la Avenida C\u00f3rdoba y Libertad, y el acto de clausura se realizar\u00e1 a partir de las 19, confirm\u00f3 la organizaci\u00f3n gremial.<\/p>\n<p style=\"text-align: justify;\">El titular del sindicato y la secretaria de Prensa, Julio Piumato y Laura Iparraguirre, respectivamente, indicaron que en el encuentro \u00abse procurar\u00e1 debatir y reflexionar respecto del modelo de justicia a implementar para permitir el efectivo cumplimiento de los derechos humanos y sociales del pueblo en su conjunto\u00bb.<\/p>\n<p style=\"text-align: justify;\">Los judiciales presentar\u00e1n un documento que sintetizar\u00e1 \u00abel pensamiento de los distintos sectores concurrentes sobre el modelo de justicia que contenga a todos los argentinos\u00bb.<\/p>\n<p style=\"text-align: justify;\">El primer panel, a las 14.30, analizar\u00e1 el tema \u00abEl rol de la justicia en la defensa de los derechos humanos y los derechos sociales de todos los argentinos\u00bb y expondr\u00e1n Eugenio Cozzi, titular del Colegio P\u00fablico de Abogados de la Capital Federal, y Ana Jaramillo, rectora de la Universidad de Lan\u00fas.<\/p>\n<p style=\"text-align: justify;\">Del mismo modo, hablar\u00e1n Jorge Aguad, fiscal general; Diana Conti, diputada nacional; H\u00e9ctor Recalde, legislador nacional y abogado de la CGT, y Julio Alak, ministro de Justicia.<\/p>\n<p style=\"text-align: justify;\">A las 16.45 comenzar\u00e1 el debate en el segundo panel sobre el tema \u00abIndependencia del Poder Judicial de los otros poderes del Estado y de los poderes econ\u00f3micos: situaci\u00f3n actual y desaf\u00edos\u00bb.<\/p>\n<p style=\"text-align: justify;\">All\u00ed se encontrar\u00e1n Ra\u00fal Zaffaroni, ministro de la Corte Suprema de Justicia; Eduardo Freiler, juez de la C\u00e1mara Nacional de Apelaciones en lo Criminal y Correccional Federal de la Capital Federal; Mario Kestelboim, defensor general de Buenos Aires; Piumato y An\u00edbal Fern\u00e1ndez, jefe de Gabinete.<\/p>\n","protected":false},"excerpt":{"rendered":"<p>La Uni\u00f3n de Empleados de la Justicia de la Naci\u00f3n (UEJN) organiza para este mi\u00e9rcoles la \u00abSegunda Jornada La Justicia en el Bicentenario\u00bb, a la que fueron invitados ministros, legisladores y representantes del Poder Judicial. La jornada se iniciar\u00e1 a las 14:00 hs.\u00a0en el Teatro Nacional Cervantes, en la Avenida C\u00f3rdoba y Libertad, y el&hellip;<\/p>\n","protected":false},"author":1,"featured_media":0,"comment_status":"open","ping_status":"open","sticky":false,"template":"","format":"standard","meta":{"footnotes":""},"categories":[3],"tags":[3208,4121,4122,1147],"class_list":["post-8448","post","type-post","status-publish","format-standard","hentry","category-capacitacion","tag-bicentenario","tag-jornadas","tag-teatro-cervantes","tag-uejn"],"_links":{"self":[{"href":"https:\/\/www.elsindical.com.ar\/notas\/wp-json\/wp\/v2\/posts\/8448","targetHints":{"allow":["GET"]}}],"collection":[{"href":"https:\/\/www.elsindical.com.ar\/notas\/wp-json\/wp\/v2\/posts"}],"about":[{"href":"https:\/\/www.elsindical.com.ar\/notas\/wp-json\/wp\/v2\/types\/post"}],"author":[{"embeddable":true,"href":"https:\/\/www.elsindical.com.ar\/notas\/wp-json\/wp\/v2\/users\/1"}],"replies":[{"embeddable":true,"href":"https:\/\/www.elsindical.com.ar\/notas\/wp-json\/wp\/v2\/comments?post=8448"}],"version-history":[{"count":1,"href":"https:\/\/www.elsindical.com.ar\/notas\/wp-json\/wp\/v2\/posts\/8448\/revisions"}],"predecessor-version":[{"id":8450,"href":"https:\/\/www.elsindical.com.ar\/notas\/wp-json\/wp\/v2\/posts\/8448\/revisions\/8450"}],"wp:attachment":[{"href":"https:\/\/www.elsindical.com.ar\/notas\/wp-json\/wp\/v2\/media?parent=8448"}],"wp:term":[{"taxonomy":"category","embeddable":true,"href":"https:\/\/www.elsindical.com.ar\/notas\/wp-json\/wp\/v2\/categories?post=8448"},{"taxonomy":"post_tag","embeddable":true,"href":"https:\/\/www.elsindical.com.ar\/notas\/wp-json\/wp\/v2\/tags?post=8448"}],"curies":[{"name":"wp","href":"https:\/\/api.w.org\/{rel}","templated":true}]}}