{"id":84339,"date":"2019-01-20T15:07:50","date_gmt":"2019-01-20T18:07:50","guid":{"rendered":"http:\/\/www.elsindical.com.ar\/notas\/?p=84339"},"modified":"2019-01-20T15:07:50","modified_gmt":"2019-01-20T18:07:50","slug":"gobierno-busca-designar-nuevos-jueces-reunion-clave-de-mesa-judicial-de-macri","status":"publish","type":"post","link":"https:\/\/www.elsindical.com.ar\/notas\/gobierno-busca-designar-nuevos-jueces-reunion-clave-de-mesa-judicial-de-macri\/","title":{"rendered":"Gobierno busca designar nuevos jueces: reuni\u00f3n clave de mesa judicial de Macri"},"content":{"rendered":"\n<figure class=\"wp-block-image\"><img loading=\"lazy\" decoding=\"async\" width=\"755\" height=\"510\" src=\"http:\/\/www.elsindical.com.ar\/notas\/var\/www\/html\/notas\/wp-content\/uploads\/2019\/01\/Macri-y-Garavano.jpg\" alt=\"\" class=\"wp-image-84340\" srcset=\"https:\/\/www.elsindical.com.ar\/notas\/var\/www\/html\/notas\/wp-content\/uploads\/2019\/01\/Macri-y-Garavano.jpg 755w, https:\/\/www.elsindical.com.ar\/notas\/var\/www\/html\/notas\/wp-content\/uploads\/2019\/01\/Macri-y-Garavano-300x203.jpg 300w, https:\/\/www.elsindical.com.ar\/notas\/var\/www\/html\/notas\/wp-content\/uploads\/2019\/01\/Macri-y-Garavano-444x300.jpg 444w\" sizes=\"auto, (max-width: 755px) 100vw, 755px\" \/><\/figure>\n\n\n\n<p> El pr\u00f3ximo martes se  llevar\u00e1 a cabo en Casa Rosada una reuni\u00f3n muy importante en el plano  judicial. El Ejecutivo pretende designar m\u00e1s de 300 jueces federales  antes de las pr\u00f3ximas elecciones. <\/p>\n\n\n\n<p>El Gobierno busca designar m\u00e1s de 300 jueces federales antes de las \npr\u00f3ximas elecciones y, para esto, este martes habr\u00e1 una reuni\u00f3n clave en\n Casa Rosada.<\/p>\n\n\n\n<p>En el encuentro estar\u00e1n presentes el ministro Germ\u00e1n Gavarano y el \njefe de asesores de la Presidencia, Jos\u00e9 Torello; el secretario Legal y \nT\u00e9cnico, Pablo Clusellas; el procurador Bernardo Saravia Fr\u00edas; Juan \nBautista Mahiques, subsecretario de Relaciones con el Poder Judicial del\n Ministerio de Justicia y representante del Gobierno en el Consejo de la\n Magistratura, y Santiago Otamendi, secretario de Justicia y el diputado\n Pablo Tonelli, tambi\u00e9n consejero.<\/p>\n\n\n\n<p>Antes del inicio de las sesiones extraordinarias de febrero, el \nGobierno terminar\u00e1 de enviar unos 30 pliegos de jueces que se suman a \nlos 90 que ya tiene el Senado.<\/p>\n\n\n\n<p>Hasta ahora, el Gobierno avanz\u00f3 en la designaci\u00f3n de m\u00e1s de 200 \nmagistrados. La idea de la Casa Rosada aprobar otros 100 pliegos.<\/p>\n\n\n\n<p>Para sorpresa de muchos, Daniel Angelici no integra la mesa judicial.\n Sin embargo, muchos indican que no le hace falta, al igual que a Fabi\u00e1n\n Rodr\u00edguez Sim\u00f3n, uno de los cerebros jur\u00eddicos del Presidente.<\/p>\n\n\n\n<p>La Casa Rosada quiere completar los nuevos juzgados federales en \nvarias provincias. En Entre R\u00edos, por caso, ya se designaron a los \nflamantes jueces de Gualeguaych\u00fa y de Concordia, pero falta el de \nVictoria. El pliego enviado por Macri para esa vacante es el de Luis \nManuel Angelini, el candidato que Elisa Carri\u00f3 le propuso a la mesa \njudicial a trav\u00e9s de Torello, uno de los interlocutores jur\u00eddicos de la \ndiputada con el Gobierno.<\/p>\n\n\n\n<p>En ese sentido, es una inc\u00f3gnita cu\u00e1l ser\u00e1 la suerte de Jorge \nDahlgren, otro de los postulantes propuesto por Carri\u00f3, en este caso \npara el Juzgado Federal 2 de Resistencia, Chaco.<\/p>\n\n\n\n<p>La relaci\u00f3n entre \u00abLilita\u00bb y la mesa judicial que vuelve a reunirse esta semana termin\u00f3 tensa el a\u00f1o pasado.<\/p>\n\n\n\n<p>El v\u00ednculo con la Corte Suprema ser\u00e1 otro de los ejes a analizar de cara al 2019 en la reuni\u00f3n del pr\u00f3ximo martes.<\/p>\n\n\n\n<p>Si la salida de Ricardo Lorenzetti como presidente del m\u00e1ximo \ntribunal de Justicia hab\u00eda sido festejada por casi todo el c\u00edrculo \njur\u00eddico de Macri, la rebeli\u00f3n contra Rosenkrantz con la que termin\u00f3 el \na\u00f1o la Corte llev\u00f3, incluso, a que varios de ese c\u00edrculo practicaran una\n silenciosa pero sentida autocr\u00edtica.<\/p>\n\n\n\n<p>El otro tema que la mesa jur\u00eddica del Gobierno deber\u00e1 empezar a \nanalizar de nuevo desde esta semana es el de Weinberg de Roca, la \ncandidata a la Procuraci\u00f3n propuesta por el Presidente que sorprendi\u00f3 al\n sistema pol\u00edtico y judicial.<\/p>\n\n\n\n<p>Su pliego no avanz\u00f3, en un puesto en el que Macri pretend\u00eda dar \nvuelta la p\u00e1gina escrita por Alejandra Gils Carb\u00f3 en el Ministerio \nP\u00fablico Fiscal. El reemplazo interino, Eduardo Casal, tiene bemoles en \nsus funciones, seg\u00fan la Casa Rosada. Hubo algunos reproches de un sector\n del ala judicial, por ejemplo, por no pedir dictaminar antes del fallo \nde la Corte sobre los haberes jubilatorios.<\/p>\n","protected":false},"excerpt":{"rendered":"<p>El pr\u00f3ximo martes se llevar\u00e1 a cabo en Casa Rosada una reuni\u00f3n muy importante en el plano judicial. El Ejecutivo pretende designar m\u00e1s de 300 jueces federales antes de las pr\u00f3ximas elecciones. El Gobierno busca designar m\u00e1s de 300 jueces federales antes de las pr\u00f3ximas elecciones y, para esto, este martes habr\u00e1 una reuni\u00f3n clave&hellip;<\/p>\n","protected":false},"author":1,"featured_media":84340,"comment_status":"open","ping_status":"open","sticky":false,"template":"","format":"standard","meta":{"footnotes":""},"categories":[13],"tags":[375,11898,76],"class_list":["post-84339","post","type-post","status-publish","format-standard","has-post-thumbnail","hentry","category-politica","tag-gobierno","tag-jueces-federales","tag-mauricio-macri"],"_links":{"self":[{"href":"https:\/\/www.elsindical.com.ar\/notas\/wp-json\/wp\/v2\/posts\/84339","targetHints":{"allow":["GET"]}}],"collection":[{"href":"https:\/\/www.elsindical.com.ar\/notas\/wp-json\/wp\/v2\/posts"}],"about":[{"href":"https:\/\/www.elsindical.com.ar\/notas\/wp-json\/wp\/v2\/types\/post"}],"author":[{"embeddable":true,"href":"https:\/\/www.elsindical.com.ar\/notas\/wp-json\/wp\/v2\/users\/1"}],"replies":[{"embeddable":true,"href":"https:\/\/www.elsindical.com.ar\/notas\/wp-json\/wp\/v2\/comments?post=84339"}],"version-history":[{"count":1,"href":"https:\/\/www.elsindical.com.ar\/notas\/wp-json\/wp\/v2\/posts\/84339\/revisions"}],"predecessor-version":[{"id":84341,"href":"https:\/\/www.elsindical.com.ar\/notas\/wp-json\/wp\/v2\/posts\/84339\/revisions\/84341"}],"wp:featuredmedia":[{"embeddable":true,"href":"https:\/\/www.elsindical.com.ar\/notas\/wp-json\/wp\/v2\/media\/84340"}],"wp:attachment":[{"href":"https:\/\/www.elsindical.com.ar\/notas\/wp-json\/wp\/v2\/media?parent=84339"}],"wp:term":[{"taxonomy":"category","embeddable":true,"href":"https:\/\/www.elsindical.com.ar\/notas\/wp-json\/wp\/v2\/categories?post=84339"},{"taxonomy":"post_tag","embeddable":true,"href":"https:\/\/www.elsindical.com.ar\/notas\/wp-json\/wp\/v2\/tags?post=84339"}],"curies":[{"name":"wp","href":"https:\/\/api.w.org\/{rel}","templated":true}]}}