{"id":84321,"date":"2019-01-19T21:24:22","date_gmt":"2019-01-20T00:24:22","guid":{"rendered":"http:\/\/www.elsindical.com.ar\/notas\/?p=84321"},"modified":"2019-01-19T21:24:22","modified_gmt":"2019-01-20T00:24:22","slug":"quilmes-echan-5-policias-por-extorsionadores","status":"publish","type":"post","link":"https:\/\/www.elsindical.com.ar\/notas\/quilmes-echan-5-policias-por-extorsionadores\/","title":{"rendered":"Quilmes: Echan 5 polic\u00edas por extorsionadores"},"content":{"rendered":"\n<figure class=\"wp-block-image\"><img loading=\"lazy\" decoding=\"async\" width=\"680\" height=\"453\" src=\"http:\/\/www.elsindical.com.ar\/notas\/var\/www\/html\/notas\/wp-content\/uploads\/2017\/08\/comisar\u00eda-3ra-Quilmes.jpg\" alt=\"\" class=\"wp-image-71054\" srcset=\"https:\/\/www.elsindical.com.ar\/notas\/var\/www\/html\/notas\/wp-content\/uploads\/2017\/08\/comisar\u00eda-3ra-Quilmes.jpg 680w, https:\/\/www.elsindical.com.ar\/notas\/var\/www\/html\/notas\/wp-content\/uploads\/2017\/08\/comisar\u00eda-3ra-Quilmes-300x200.jpg 300w, https:\/\/www.elsindical.com.ar\/notas\/var\/www\/html\/notas\/wp-content\/uploads\/2017\/08\/comisar\u00eda-3ra-Quilmes-450x300.jpg 450w\" sizes=\"auto, (max-width: 680px) 100vw, 680px\" \/><\/figure>\n\n\n\n<p>La medida fue tomada por\u00a0el Ministerio de Seguridad de la provincia de Buenos Aires y<strong> Cristian Ritondo<\/strong>,  titular de la cartera, orden\u00f3 la intervenci\u00f3n de la comisar\u00eda 3\u00aa\u00a0de ese  distrito, de la cual los cinco efectivos formaban parte.<\/p>\n\n\n\n<p>Cinco polic\u00edas bonaerenses que se desempe\u00f1aban en una comisar\u00eda del partido  de Quilmes fueron desafectados al estar acusados de extorsionar a un  grupo de vecinos a cambio de modificar una car\u00e1tula que los imputaba por  el delito de <em>\u201ctrata de personas\u201d<\/em>, en connivencia con una fiscal.<\/p>\n\n\n\n<p>La decisi\u00f3n fue tomada por la Auditor\u00eda General de Asuntos Internos del Ministerio de Seguridad de la provincia de Buenos Aires y<strong> Cristian Ritondo<\/strong>, titular de la cartera, orden\u00f3 la intervenci\u00f3n de la comisar\u00eda 3ra. de Quilmes, de la cual los cinco polic\u00edas formaban parte.<\/p>\n\n\n\n<p>Todo comenz\u00f3 a partir de una denuncia realizada por un grupo de \nvecinos, en la que sostienen que fueron extorsionados por integrantes de\n dicha comisar\u00eda y en presencia de una fiscal del Departamento Judicial \nQuilmes.<\/p>\n\n\n\n<p>Voceros de la fuerza informaron que los polic\u00edas les exig\u00edan una \nimportante suma de dinero para cambiar una car\u00e1tula que los imputaba por\n el delito de<em> \u201ctrata de personas\u201d<\/em>.<\/p>\n\n\n\n<p>Los denunciantes sostienen adem\u00e1s que fueron golpeados y amenazados \npor los uniformados frente a la representante del Ministerio P\u00fablico \nFiscal bonaerense.<\/p>\n\n\n\n<p>Seg\u00fan la investigaci\u00f3n realizada por Asuntos Internos, esta \noperatoria se repiti\u00f3 en al menos cinco allanamientos denunciados por \notras v\u00edctimas ante la Auditor\u00eda, que involucraba a los mismos efectivos\n se\u00f1alados y en los que la funcionaria judicial fue la fiscal a cargo de\n la instrucci\u00f3n.<\/p>\n\n\n\n<p>Los polic\u00edas desafectados son el jefe de calle oficial principal <strong>Hugo Enrique Coll<\/strong>; y los oficiales<strong> Diego Dami\u00e1n Appella, V\u00edctor Emilio T\u00e9vez, Jonatan Eduardo Ocampo<\/strong> y el Teniente<strong> Claudio Ram\u00f3n Lugones<\/strong>.<\/p>\n\n\n\n<p>En tanto, el ministro Ritondo ya hab\u00eda denunciado a la misma \nfuncionaria judicial ante la Procuradur\u00eda, cuando en octubre del a\u00f1o \npasado no permiti\u00f3 que la Comisi\u00f3n de Prevenci\u00f3n y Represi\u00f3n contra el \nJuego de Azar Ilegal clausurara un local en el que se realizaban \napuestas clandestinas.<\/p>\n\n\n\n<p>Adem\u00e1s, el mencionado organismo le hab\u00eda se\u00f1alado a la fiscal que en \nesa zona hab\u00eda al menos once puntos en los que se recepcionaba quiniela \nclandestina, y ninguno fue incorporado por la representante del \nMinisterio P\u00fablico Fiscal a los allanamientos que dispuso.<\/p>\n","protected":false},"excerpt":{"rendered":"<p>La medida fue tomada por\u00a0el Ministerio de Seguridad de la provincia de Buenos Aires y Cristian Ritondo, titular de la cartera, orden\u00f3 la intervenci\u00f3n de la comisar\u00eda 3\u00aa\u00a0de ese distrito, de la cual los cinco efectivos formaban parte. Cinco polic\u00edas bonaerenses que se desempe\u00f1aban en una comisar\u00eda del partido de Quilmes fueron desafectados al estar&hellip;<\/p>\n","protected":false},"author":1,"featured_media":71054,"comment_status":"open","ping_status":"open","sticky":false,"template":"","format":"standard","meta":{"footnotes":""},"categories":[22],"tags":[24552,14466,2236,1947],"class_list":["post-84321","post","type-post","status-publish","format-standard","has-post-thumbnail","hentry","category-policiales","tag-comisaria-3ra-quilmes","tag-cristian-ritondo","tag-extorsion","tag-ministerio-de-seguridad"],"_links":{"self":[{"href":"https:\/\/www.elsindical.com.ar\/notas\/wp-json\/wp\/v2\/posts\/84321","targetHints":{"allow":["GET"]}}],"collection":[{"href":"https:\/\/www.elsindical.com.ar\/notas\/wp-json\/wp\/v2\/posts"}],"about":[{"href":"https:\/\/www.elsindical.com.ar\/notas\/wp-json\/wp\/v2\/types\/post"}],"author":[{"embeddable":true,"href":"https:\/\/www.elsindical.com.ar\/notas\/wp-json\/wp\/v2\/users\/1"}],"replies":[{"embeddable":true,"href":"https:\/\/www.elsindical.com.ar\/notas\/wp-json\/wp\/v2\/comments?post=84321"}],"version-history":[{"count":1,"href":"https:\/\/www.elsindical.com.ar\/notas\/wp-json\/wp\/v2\/posts\/84321\/revisions"}],"predecessor-version":[{"id":84322,"href":"https:\/\/www.elsindical.com.ar\/notas\/wp-json\/wp\/v2\/posts\/84321\/revisions\/84322"}],"wp:featuredmedia":[{"embeddable":true,"href":"https:\/\/www.elsindical.com.ar\/notas\/wp-json\/wp\/v2\/media\/71054"}],"wp:attachment":[{"href":"https:\/\/www.elsindical.com.ar\/notas\/wp-json\/wp\/v2\/media?parent=84321"}],"wp:term":[{"taxonomy":"category","embeddable":true,"href":"https:\/\/www.elsindical.com.ar\/notas\/wp-json\/wp\/v2\/categories?post=84321"},{"taxonomy":"post_tag","embeddable":true,"href":"https:\/\/www.elsindical.com.ar\/notas\/wp-json\/wp\/v2\/tags?post=84321"}],"curies":[{"name":"wp","href":"https:\/\/api.w.org\/{rel}","templated":true}]}}