{"id":84269,"date":"2019-01-17T11:24:40","date_gmt":"2019-01-17T14:24:40","guid":{"rendered":"http:\/\/www.elsindical.com.ar\/notas\/?p=84269"},"modified":"2019-01-17T11:24:40","modified_gmt":"2019-01-17T14:24:40","slug":"el-indio-solari-cumple-70-anos-la-historia-de-uno-de-los-iconos-del-rock-nacional","status":"publish","type":"post","link":"https:\/\/www.elsindical.com.ar\/notas\/el-indio-solari-cumple-70-anos-la-historia-de-uno-de-los-iconos-del-rock-nacional\/","title":{"rendered":"El \u00abIndio\u00bb Solari cumple 70 a\u00f1os: la historia de uno de los \u00edconos del rock nacional"},"content":{"rendered":"\n<figure class=\"wp-block-image\"><img loading=\"lazy\" decoding=\"async\" width=\"1024\" height=\"604\" src=\"http:\/\/www.elsindical.com.ar\/notas\/var\/www\/html\/notas\/wp-content\/uploads\/2019\/01\/Indio-Solari-1024x604.jpg\" alt=\"\" class=\"wp-image-84270\" srcset=\"https:\/\/www.elsindical.com.ar\/notas\/var\/www\/html\/notas\/wp-content\/uploads\/2019\/01\/Indio-Solari-1024x604.jpg 1024w, https:\/\/www.elsindical.com.ar\/notas\/var\/www\/html\/notas\/wp-content\/uploads\/2019\/01\/Indio-Solari-300x177.jpg 300w, https:\/\/www.elsindical.com.ar\/notas\/var\/www\/html\/notas\/wp-content\/uploads\/2019\/01\/Indio-Solari-768x453.jpg 768w, https:\/\/www.elsindical.com.ar\/notas\/var\/www\/html\/notas\/wp-content\/uploads\/2019\/01\/Indio-Solari-500x295.jpg 500w, https:\/\/www.elsindical.com.ar\/notas\/var\/www\/html\/notas\/wp-content\/uploads\/2019\/01\/Indio-Solari.jpg 1170w\" sizes=\"auto, (max-width: 1024px) 100vw, 1024px\" \/><\/figure>\n\n\n\n<p> L\u00edder de Los Redonditos de Ricota celebra un nuevo aniversario. Repas\u00e1 toda su historia en la nota. <\/p>\n\n\n\n<p>El cantante de Los Redondos naci\u00f3 el 17 de enero de 1949, en Paran\u00e1 (Entre R\u00edos).<\/p>\n\n\n\n<p>Su infancia y adolescencia transcurre en La Plata&nbsp;y en 1970 el se va a\n vivir a Valeria del Mar, cerca de la casa de su madre en donde \nadministraba un peque\u00f1o hotel.&nbsp;<\/p>\n\n\n\n<p>El Indio Solari&nbsp;es uno de los grandes \u00edconos de nuestro rock&nbsp;que posee la fuerza y la m\u00edstica como pocos.<\/p>\n\n\n\n<p>\u201cViolencia es mentir\u201d, la frase que encabeza \u201cNuestro amo juega al  esclavo\u201d, pasando por \u201cTodo preso es pol\u00edtico\u201d y \u201cel pogo m\u00e1s grande del  mundo\u201d transitado a trav\u00e9s de \u201cJi ji ji\u201d en adelante, Carlos Alberto  Solari no es un compositor m\u00e1s.<\/p>\n\n\n\n<p>Fue l\u00edder de Los Redonditos de Ricota por m\u00e1s de treinta a\u00f1os, &nbsp;en \nagosto de 2001 cerr\u00f3 su ciclo con lo que fuera su \u00faltimo&nbsp;show en el \nestadio Chateau Carreras.<\/p>\n\n\n\n<p>Luego &nbsp;inicia su carrera solista y edita,&nbsp;el 6 de diciembre de \n2004,&nbsp;El Tesoro de Los Inocentes.&nbsp;A su grupo lo denomina Los \nFundamentalistas del Aire Acondicionado, cuyo debut en vivo ser\u00eda el 12 y\n 13 de noviembre en el Estadio Unico La Plata.<\/p>\n\n\n\n<p>Siempre comprometido con causas sociales, lleg\u00f3 a dar a conocer un  poema que compuso para las Madres de Plaza de Mayo, y sostiene su  preocupaci\u00f3n por la situaci\u00f3n social del pa\u00eds.<\/p>\n\n\n\n<p> En \u00a02015, Indio ,\u00a0revel\u00f3 que su salud se debilita al punto de alejarlo  definitivamente de los escenarios. \u201cTengo una enfermedad malvada que hay  que tener en cuenta\u201d, explic\u00f3. Luego, se confirm\u00f3 que se trataba de  Parkinson. <\/p>\n\n\n\n<p>El Indio convoc\u00f3&nbsp;en 2017 a un nuevo show en Olavarr\u00eda, la ciudad que \n20 a\u00f1os antes hab\u00eda rechazado la presentaci\u00f3n de Los Redondos.<\/p>\n\n\n\n<p>Si bien no se difundi\u00f3 de esa manera, la sensaci\u00f3n generalizada era  que se tratar\u00eda del \u00faltimo show de Solari, por lo que la convocatoria se  increment\u00f3 como nunca.<\/p>\n\n\n\n<p>Concierto en el que dos personas murieron asfixiadas esa noche: \nJavier Le\u00f3n (42) y Juan Francisco Bulacio (36), tras quedar en medio de \nlas avalanchas y no haber podido ser asistidas a tiempo, ya que el \npredio estaba habilitado para 155 mil personas e ingresaron 400 mil.<\/p>\n\n\n\n<p>En la actualidad se encuentra \u00a0recluido en su quinta de Parque  Leloir, donde hace poco recibi\u00f3 a integrantes de agrupaciones sociales y  medios comunitarios<\/p>\n\n\n\n<figure class=\"wp-block-image\"><img loading=\"lazy\" decoding=\"async\" width=\"1024\" height=\"577\" src=\"http:\/\/www.elsindical.com.ar\/notas\/var\/www\/html\/notas\/wp-content\/uploads\/2019\/01\/recital-de-Olavarr\u00eda-1024x577.jpg\" alt=\"\" class=\"wp-image-84271\" srcset=\"https:\/\/www.elsindical.com.ar\/notas\/var\/www\/html\/notas\/wp-content\/uploads\/2019\/01\/recital-de-Olavarr\u00eda-1024x577.jpg 1024w, https:\/\/www.elsindical.com.ar\/notas\/var\/www\/html\/notas\/wp-content\/uploads\/2019\/01\/recital-de-Olavarr\u00eda-300x169.jpg 300w, https:\/\/www.elsindical.com.ar\/notas\/var\/www\/html\/notas\/wp-content\/uploads\/2019\/01\/recital-de-Olavarr\u00eda-768x433.jpg 768w, https:\/\/www.elsindical.com.ar\/notas\/var\/www\/html\/notas\/wp-content\/uploads\/2019\/01\/recital-de-Olavarr\u00eda-500x282.jpg 500w, https:\/\/www.elsindical.com.ar\/notas\/var\/www\/html\/notas\/wp-content\/uploads\/2019\/01\/recital-de-Olavarr\u00eda-460x260.jpg 460w, https:\/\/www.elsindical.com.ar\/notas\/var\/www\/html\/notas\/wp-content\/uploads\/2019\/01\/recital-de-Olavarr\u00eda.jpg 1170w\" sizes=\"auto, (max-width: 1024px) 100vw, 1024px\" \/><\/figure>\n","protected":false},"excerpt":{"rendered":"<p>L\u00edder de Los Redonditos de Ricota celebra un nuevo aniversario. Repas\u00e1 toda su historia en la nota. El cantante de Los Redondos naci\u00f3 el 17 de enero de 1949, en Paran\u00e1 (Entre R\u00edos). Su infancia y adolescencia transcurre en La Plata&nbsp;y en 1970 el se va a vivir a Valeria del Mar, cerca de la&hellip;<\/p>\n","protected":false},"author":1,"featured_media":84270,"comment_status":"open","ping_status":"open","sticky":false,"template":"","format":"standard","meta":{"footnotes":""},"categories":[15],"tags":[718,8086,17029],"class_list":["post-84269","post","type-post","status-publish","format-standard","has-post-thumbnail","hentry","category-espectaculos","tag-cumpleanos","tag-indio-solari","tag-los-redonditos-de-ricota"],"_links":{"self":[{"href":"https:\/\/www.elsindical.com.ar\/notas\/wp-json\/wp\/v2\/posts\/84269","targetHints":{"allow":["GET"]}}],"collection":[{"href":"https:\/\/www.elsindical.com.ar\/notas\/wp-json\/wp\/v2\/posts"}],"about":[{"href":"https:\/\/www.elsindical.com.ar\/notas\/wp-json\/wp\/v2\/types\/post"}],"author":[{"embeddable":true,"href":"https:\/\/www.elsindical.com.ar\/notas\/wp-json\/wp\/v2\/users\/1"}],"replies":[{"embeddable":true,"href":"https:\/\/www.elsindical.com.ar\/notas\/wp-json\/wp\/v2\/comments?post=84269"}],"version-history":[{"count":1,"href":"https:\/\/www.elsindical.com.ar\/notas\/wp-json\/wp\/v2\/posts\/84269\/revisions"}],"predecessor-version":[{"id":84272,"href":"https:\/\/www.elsindical.com.ar\/notas\/wp-json\/wp\/v2\/posts\/84269\/revisions\/84272"}],"wp:featuredmedia":[{"embeddable":true,"href":"https:\/\/www.elsindical.com.ar\/notas\/wp-json\/wp\/v2\/media\/84270"}],"wp:attachment":[{"href":"https:\/\/www.elsindical.com.ar\/notas\/wp-json\/wp\/v2\/media?parent=84269"}],"wp:term":[{"taxonomy":"category","embeddable":true,"href":"https:\/\/www.elsindical.com.ar\/notas\/wp-json\/wp\/v2\/categories?post=84269"},{"taxonomy":"post_tag","embeddable":true,"href":"https:\/\/www.elsindical.com.ar\/notas\/wp-json\/wp\/v2\/tags?post=84269"}],"curies":[{"name":"wp","href":"https:\/\/api.w.org\/{rel}","templated":true}]}}