{"id":84238,"date":"2019-01-16T09:41:21","date_gmt":"2019-01-16T12:41:21","guid":{"rendered":"http:\/\/www.elsindical.com.ar\/notas\/?p=84238"},"modified":"2019-01-16T09:48:25","modified_gmt":"2019-01-16T12:48:25","slug":"acorralados-empleados-de-zanella-aceptan-cobrar-55-del-salario-a-cambio-de-que-no-haya-despidos","status":"publish","type":"post","link":"https:\/\/www.elsindical.com.ar\/notas\/acorralados-empleados-de-zanella-aceptan-cobrar-55-del-salario-a-cambio-de-que-no-haya-despidos\/","title":{"rendered":"Acorralados, empleados de Zanella aceptan cobrar 55% del salario a cambio de que no haya despidos"},"content":{"rendered":"\n<figure class=\"wp-block-image\"><img loading=\"lazy\" decoding=\"async\" width=\"620\" height=\"340\" src=\"http:\/\/www.elsindical.com.ar\/notas\/var\/www\/html\/notas\/wp-content\/uploads\/2019\/01\/f\u00e1brica-Zanella.jpg\" alt=\"\" class=\"wp-image-84239\" srcset=\"https:\/\/www.elsindical.com.ar\/notas\/var\/www\/html\/notas\/wp-content\/uploads\/2019\/01\/f\u00e1brica-Zanella.jpg 620w, https:\/\/www.elsindical.com.ar\/notas\/var\/www\/html\/notas\/wp-content\/uploads\/2019\/01\/f\u00e1brica-Zanella-300x165.jpg 300w, https:\/\/www.elsindical.com.ar\/notas\/var\/www\/html\/notas\/wp-content\/uploads\/2019\/01\/f\u00e1brica-Zanella-500x274.jpg 500w\" sizes=\"auto, (max-width: 620px) 100vw, 620px\" \/><\/figure>\n\n\n\n<p>La firma de motos no repunta en las ventas y redujo  la jornada laboral en la planta de Mar del Plata. Los metal\u00fargicos  cobrar\u00e1n el 55% de su salario a cambio de que no despidan hasta el 31 de  marzo.<\/p>\n\n\n\n<p>La situaci\u00f3n de los metal\u00fargicos es m\u00e1s que delicada. Todos los d\u00edas \nllegan malas noticias desde distintos puntos del pa\u00eds y la p\u00e9rdida de \npuestos de trabajo ya se cuentan por decenas de miles.<\/p>\n\n\n\n<p>Ahora fue el secretario general de la UOM Mar del Plata, Jos\u00e9 Luis \nRocha, quien asegur\u00f3 que la rentabilidad del sector \u201csigue siendo baja\u201d y\n teme que luego de la temporada el panorama en la ciudad se agudice.<\/p>\n\n\n\n<p>Por ello, el gremio firm\u00f3 un acuerdo con la empresa de motos Zanella para que no haya m\u00e1s despidos hasta abril.<\/p>\n\n\n\n<p>Seg\u00fan consigna el portal local 0223, el acuerdo descomprimi\u00f3 un \npanorama dif\u00edcil y se logr\u00f3 el compromiso de la empresa de no despedir a\n personal y darle continuidad a la reducci\u00f3n horaria.<\/p>\n\n\n\n<p>\u201cLa empresa propon\u00eda pagar solo el 50% del sueldo y no firmaba la \n`paz social\u00b4, es decir, que no se compromet\u00eda a no despedir empleados\u201d, \nremarc\u00f3 Rocha.<\/p>\n\n\n\n<p>\u201cFinalmente logramos revertir esto y se logr\u00f3 que pagaran el 55% del \nsueldo bruto \u2013en el 2018 pagaban un 62,5%- y el compromiso a que no haya\n despidos hasta 31 de marzo\u201d, agreg\u00f3 el dirigente metal\u00fargico en \ndeclaraciones al mencionado portal marplatense.<\/p>\n\n\n\n<p>\u201cLo m\u00e1s importante era mantener las 40 fuentes de trabajo y se \nlogr\u00f3\u201d, sostuvo Rocha, a pesar de que el entendimiento de alg\u00fan tipo de \nseguridades s\u00f3lo por 3 meses.<\/p>\n","protected":false},"excerpt":{"rendered":"<p>La firma de motos no repunta en las ventas y redujo la jornada laboral en la planta de Mar del Plata. Los metal\u00fargicos cobrar\u00e1n el 55% de su salario a cambio de que no despidan hasta el 31 de marzo. La situaci\u00f3n de los metal\u00fargicos es m\u00e1s que delicada. Todos los d\u00edas llegan malas noticias&hellip;<\/p>\n","protected":false},"author":1,"featured_media":84239,"comment_status":"open","ping_status":"open","sticky":false,"template":"","format":"standard","meta":{"footnotes":""},"categories":[16],"tags":[390,30235,125,30234],"class_list":["post-84238","post","type-post","status-publish","format-standard","has-post-thumbnail","hentry","category-gremiales","tag-crisis","tag-reduccion-sueldos","tag-trabajadores","tag-zanella"],"_links":{"self":[{"href":"https:\/\/www.elsindical.com.ar\/notas\/wp-json\/wp\/v2\/posts\/84238","targetHints":{"allow":["GET"]}}],"collection":[{"href":"https:\/\/www.elsindical.com.ar\/notas\/wp-json\/wp\/v2\/posts"}],"about":[{"href":"https:\/\/www.elsindical.com.ar\/notas\/wp-json\/wp\/v2\/types\/post"}],"author":[{"embeddable":true,"href":"https:\/\/www.elsindical.com.ar\/notas\/wp-json\/wp\/v2\/users\/1"}],"replies":[{"embeddable":true,"href":"https:\/\/www.elsindical.com.ar\/notas\/wp-json\/wp\/v2\/comments?post=84238"}],"version-history":[{"count":1,"href":"https:\/\/www.elsindical.com.ar\/notas\/wp-json\/wp\/v2\/posts\/84238\/revisions"}],"predecessor-version":[{"id":84240,"href":"https:\/\/www.elsindical.com.ar\/notas\/wp-json\/wp\/v2\/posts\/84238\/revisions\/84240"}],"wp:featuredmedia":[{"embeddable":true,"href":"https:\/\/www.elsindical.com.ar\/notas\/wp-json\/wp\/v2\/media\/84239"}],"wp:attachment":[{"href":"https:\/\/www.elsindical.com.ar\/notas\/wp-json\/wp\/v2\/media?parent=84238"}],"wp:term":[{"taxonomy":"category","embeddable":true,"href":"https:\/\/www.elsindical.com.ar\/notas\/wp-json\/wp\/v2\/categories?post=84238"},{"taxonomy":"post_tag","embeddable":true,"href":"https:\/\/www.elsindical.com.ar\/notas\/wp-json\/wp\/v2\/tags?post=84238"}],"curies":[{"name":"wp","href":"https:\/\/api.w.org\/{rel}","templated":true}]}}