{"id":84162,"date":"2019-01-12T02:00:19","date_gmt":"2019-01-12T05:00:19","guid":{"rendered":"http:\/\/www.elsindical.com.ar\/notas\/?p=84162"},"modified":"2019-01-12T02:00:19","modified_gmt":"2019-01-12T05:00:19","slug":"trenes-colectivos-y-peajes-portenos-mas-caros","status":"publish","type":"post","link":"https:\/\/www.elsindical.com.ar\/notas\/trenes-colectivos-y-peajes-portenos-mas-caros\/","title":{"rendered":"Trenes, colectivos y peajes porte\u00f1os, m\u00e1s caros"},"content":{"rendered":"\n<figure class=\"wp-block-image\"><img loading=\"lazy\" decoding=\"async\" width=\"502\" height=\"376\" src=\"http:\/\/www.elsindical.com.ar\/notas\/var\/www\/html\/notas\/wp-content\/uploads\/2013\/03\/peaje-a-Capital.jpg\" alt=\"\" class=\"wp-image-33158\" srcset=\"https:\/\/www.elsindical.com.ar\/notas\/var\/www\/html\/notas\/wp-content\/uploads\/2013\/03\/peaje-a-Capital.jpg 502w, https:\/\/www.elsindical.com.ar\/notas\/var\/www\/html\/notas\/wp-content\/uploads\/2013\/03\/peaje-a-Capital-300x224.jpg 300w, https:\/\/www.elsindical.com.ar\/notas\/var\/www\/html\/notas\/wp-content\/uploads\/2013\/03\/peaje-a-Capital-400x300.jpg 400w\" sizes=\"auto, (max-width: 502px) 100vw, 502px\" \/><\/figure>\n\n\n\n<p class=\"wp-block-paragraph\">Desde este s\u00e1bado rigen los incrementos en los transportes y los c\u00e1nones de las autopistas de la Ciudad. <\/p>\n\n\n\n<p class=\"wp-block-paragraph\">El gobierno nacional anunci\u00f3 tras la celebraci\u00f3n de la Navidad un incremento  promedio del 40% en pasajes de trenes y colectivos del \u00e1rea  metropolitana de Buenos Aires,  a efectivizarse desde este s\u00e1bado la primera etapa. Este viernes se  inform\u00f3 que el saldo negativo de la tarjeta SUBE pasa de $39 a $54. <\/p>\n\n\n\n<figure class=\"wp-block-image\"><img loading=\"lazy\" decoding=\"async\" width=\"743\" height=\"215\" src=\"http:\/\/www.elsindical.com.ar\/notas\/var\/www\/html\/notas\/wp-content\/uploads\/2019\/01\/gffdfdfdf.jpg_2144989109.jpg\" alt=\"\" class=\"wp-image-84163\" srcset=\"https:\/\/www.elsindical.com.ar\/notas\/var\/www\/html\/notas\/wp-content\/uploads\/2019\/01\/gffdfdfdf.jpg_2144989109.jpg 743w, https:\/\/www.elsindical.com.ar\/notas\/var\/www\/html\/notas\/wp-content\/uploads\/2019\/01\/gffdfdfdf.jpg_2144989109-300x87.jpg 300w, https:\/\/www.elsindical.com.ar\/notas\/var\/www\/html\/notas\/wp-content\/uploads\/2019\/01\/gffdfdfdf.jpg_2144989109-500x145.jpg 500w\" sizes=\"auto, (max-width: 743px) 100vw, 743px\" \/><\/figure>\n\n\n\n<p class=\"wp-block-paragraph\">El nuevo esquema para Capital y el conurbano bonaerense qued\u00f3 establecido  de la siguiente forma: el boleto de colectivo se actualizar\u00e1 a $15 en  enero, $16,50 a partir del 15 de febrero y $18 desde el 15 de marzo. <\/p>\n\n\n\n<figure class=\"wp-block-image\"><img loading=\"lazy\" decoding=\"async\" width=\"745\" height=\"1016\" src=\"http:\/\/www.elsindical.com.ar\/notas\/var\/www\/html\/notas\/wp-content\/uploads\/2019\/01\/sdadsdsdsdsdsds.jpg_512869999.jpg\" alt=\"\" class=\"wp-image-84164\" srcset=\"https:\/\/www.elsindical.com.ar\/notas\/var\/www\/html\/notas\/wp-content\/uploads\/2019\/01\/sdadsdsdsdsdsds.jpg_512869999.jpg 745w, https:\/\/www.elsindical.com.ar\/notas\/var\/www\/html\/notas\/wp-content\/uploads\/2019\/01\/sdadsdsdsdsdsds.jpg_512869999-220x300.jpg 220w\" sizes=\"auto, (max-width: 745px) 100vw, 745px\" \/><\/figure>\n\n\n\n<p class=\"wp-block-paragraph\">Para los beneficiarios de la tarifa social, que abarca al 60% de los  usuarios, el incremento en la tarifa m\u00ednima de colectivo ser\u00e1 de 90  centavos ($6,75). En el caso de los trenes la tarifa m\u00ednima de las  l\u00edneas Mitre, Sarmiento y San Mart\u00edn aumentar\u00e1 $1,25, con lo que pasar\u00e1n  a costar $10; en el Roca, Belgrano Sur y Urquiza la suba ser\u00e1 de 0,75  centavos ($6,25), y el Belgrano Norte subir\u00e1 $1, lo que representar\u00e1 un  boleto m\u00ednimo de $5,75.<\/p>\n\n\n\n<p class=\"wp-block-paragraph\"><strong>Accesos a la ciudad<\/strong><\/p>\n\n\n\n<p class=\"wp-block-paragraph\">La suba promedio de los peajes porte\u00f1os ser\u00e1 de 33%. Los autom\u00f3viles particulares que ingresen a la Capital Federal desde este s\u00e1bado por el acceso oeste en hora pico pasar\u00e1n a pagar $65 en lugar de $50.<\/p>\n\n\n\n<p class=\"wp-block-paragraph\">En tanto, aquellos que entren a la Ciudad desde la provincia de Buenos Aires por el acceso norte, dependiendo de los ramales, tambi\u00e9n afrontar\u00e1n un incremento de entre $15 y $20.<\/p>\n\n\n\n<p class=\"wp-block-paragraph\">A su vez, los que ingresen por Debenedetti y M\u00e1rquez deber\u00e1n pagar \n$60, en lugar de $45; al mismo tiempo que el ramal Tigre aument\u00f3 de $50 a\n $65 y el Pilar-Campana salt\u00f3 de $55 a $75.<\/p>\n","protected":false},"excerpt":{"rendered":"<p>Desde este s\u00e1bado rigen los incrementos en los transportes y los c\u00e1nones de las autopistas de la Ciudad. El gobierno nacional anunci\u00f3 tras la celebraci\u00f3n de la Navidad un incremento promedio del 40% en pasajes de trenes y colectivos del \u00e1rea metropolitana de Buenos Aires, a efectivizarse desde este s\u00e1bado la primera etapa. Este viernes&hellip;<\/p>\n","protected":false},"author":1,"featured_media":33158,"comment_status":"open","ping_status":"open","sticky":false,"template":"","format":"standard","meta":{"footnotes":""},"categories":[9],"tags":[2398,30222],"class_list":["post-84162","post","type-post","status-publish","format-standard","has-post-thumbnail","hentry","category-economia","tag-peajes","tag-transportes-publicos"],"_links":{"self":[{"href":"https:\/\/www.elsindical.com.ar\/notas\/wp-json\/wp\/v2\/posts\/84162","targetHints":{"allow":["GET"]}}],"collection":[{"href":"https:\/\/www.elsindical.com.ar\/notas\/wp-json\/wp\/v2\/posts"}],"about":[{"href":"https:\/\/www.elsindical.com.ar\/notas\/wp-json\/wp\/v2\/types\/post"}],"author":[{"embeddable":true,"href":"https:\/\/www.elsindical.com.ar\/notas\/wp-json\/wp\/v2\/users\/1"}],"replies":[{"embeddable":true,"href":"https:\/\/www.elsindical.com.ar\/notas\/wp-json\/wp\/v2\/comments?post=84162"}],"version-history":[{"count":1,"href":"https:\/\/www.elsindical.com.ar\/notas\/wp-json\/wp\/v2\/posts\/84162\/revisions"}],"predecessor-version":[{"id":84165,"href":"https:\/\/www.elsindical.com.ar\/notas\/wp-json\/wp\/v2\/posts\/84162\/revisions\/84165"}],"wp:featuredmedia":[{"embeddable":true,"href":"https:\/\/www.elsindical.com.ar\/notas\/wp-json\/wp\/v2\/media\/33158"}],"wp:attachment":[{"href":"https:\/\/www.elsindical.com.ar\/notas\/wp-json\/wp\/v2\/media?parent=84162"}],"wp:term":[{"taxonomy":"category","embeddable":true,"href":"https:\/\/www.elsindical.com.ar\/notas\/wp-json\/wp\/v2\/categories?post=84162"},{"taxonomy":"post_tag","embeddable":true,"href":"https:\/\/www.elsindical.com.ar\/notas\/wp-json\/wp\/v2\/tags?post=84162"}],"curies":[{"name":"wp","href":"https:\/\/api.w.org\/{rel}","templated":true}]}}