{"id":84141,"date":"2019-01-11T02:11:56","date_gmt":"2019-01-11T05:11:56","guid":{"rendered":"http:\/\/www.elsindical.com.ar\/notas\/?p=84141"},"modified":"2019-01-11T02:11:56","modified_gmt":"2019-01-11T05:11:56","slug":"buscan-intensamente-a-un-joven-de-temperley-que-lleva-un-mes-desaparecido","status":"publish","type":"post","link":"https:\/\/www.elsindical.com.ar\/notas\/buscan-intensamente-a-un-joven-de-temperley-que-lleva-un-mes-desaparecido\/","title":{"rendered":"Buscan intensamente a un joven de Temperley que lleva un mes desaparecido"},"content":{"rendered":"\n<figure class=\"wp-block-image\"><img loading=\"lazy\" decoding=\"async\" width=\"640\" height=\"420\" src=\"http:\/\/www.elsindical.com.ar\/notas\/var\/www\/html\/notas\/wp-content\/uploads\/2019\/01\/Lucas-Ezequiel-Dettler.jpg\" alt=\"\" class=\"wp-image-84142\" srcset=\"https:\/\/www.elsindical.com.ar\/notas\/var\/www\/html\/notas\/wp-content\/uploads\/2019\/01\/Lucas-Ezequiel-Dettler.jpg 640w, https:\/\/www.elsindical.com.ar\/notas\/var\/www\/html\/notas\/wp-content\/uploads\/2019\/01\/Lucas-Ezequiel-Dettler-300x197.jpg 300w, https:\/\/www.elsindical.com.ar\/notas\/var\/www\/html\/notas\/wp-content\/uploads\/2019\/01\/Lucas-Ezequiel-Dettler-457x300.jpg 457w\" sizes=\"auto, (max-width: 640px) 100vw, 640px\" \/><\/figure>\n\n\n\n<p>Un joven de 24 a\u00f1os es intensamente buscado por sus familiares y \namigos. Se encuentra desaparecido desde el 11 de diciembre de 2018. Hay \nuna fuerte campa\u00f1a por redes sociales para dar con \u00e9l.<\/p>\n\n\n\n<p>Se trata de Lucas Ezequiel Dettler y vive en Temperley Oeste. Sus \nfamiliares contaron que el 11 de diciembre \u00faltimo sali\u00f3 de su casa y \nnunca m\u00e1s volvieron a ver ni se comunic\u00f3 con conocidos.<\/p>\n\n\n\n<p>Lucas tiene pelo corto y oscuro, &nbsp;tez blanca y es de estatura media. \nCuando lo vieron por \u00faltimo vez vest\u00eda una remera blanca y una bermuda \nmarr\u00f3n claro.<\/p>\n\n\n\n<p>Quienes puedan brindar datos sobre Lucas deben hacerlo comunic\u00e1ndose al 911 o al <strong>1568624728<\/strong>, tel\u00e9fono celular de su familia.<\/p>\n","protected":false},"excerpt":{"rendered":"<p>Un joven de 24 a\u00f1os es intensamente buscado por sus familiares y amigos. Se encuentra desaparecido desde el 11 de diciembre de 2018. Hay una fuerte campa\u00f1a por redes sociales para dar con \u00e9l. Se trata de Lucas Ezequiel Dettler y vive en Temperley Oeste. Sus familiares contaron que el 11 de diciembre \u00faltimo sali\u00f3&hellip;<\/p>\n","protected":false},"author":1,"featured_media":84142,"comment_status":"open","ping_status":"open","sticky":false,"template":"","format":"standard","meta":{"footnotes":""},"categories":[26],"tags":[30215,1430],"class_list":["post-84141","post","type-post","status-publish","format-standard","has-post-thumbnail","hentry","category-solidaridad","tag-lucas-ezequiel-dettler","tag-temperley"],"_links":{"self":[{"href":"https:\/\/www.elsindical.com.ar\/notas\/wp-json\/wp\/v2\/posts\/84141","targetHints":{"allow":["GET"]}}],"collection":[{"href":"https:\/\/www.elsindical.com.ar\/notas\/wp-json\/wp\/v2\/posts"}],"about":[{"href":"https:\/\/www.elsindical.com.ar\/notas\/wp-json\/wp\/v2\/types\/post"}],"author":[{"embeddable":true,"href":"https:\/\/www.elsindical.com.ar\/notas\/wp-json\/wp\/v2\/users\/1"}],"replies":[{"embeddable":true,"href":"https:\/\/www.elsindical.com.ar\/notas\/wp-json\/wp\/v2\/comments?post=84141"}],"version-history":[{"count":1,"href":"https:\/\/www.elsindical.com.ar\/notas\/wp-json\/wp\/v2\/posts\/84141\/revisions"}],"predecessor-version":[{"id":84143,"href":"https:\/\/www.elsindical.com.ar\/notas\/wp-json\/wp\/v2\/posts\/84141\/revisions\/84143"}],"wp:featuredmedia":[{"embeddable":true,"href":"https:\/\/www.elsindical.com.ar\/notas\/wp-json\/wp\/v2\/media\/84142"}],"wp:attachment":[{"href":"https:\/\/www.elsindical.com.ar\/notas\/wp-json\/wp\/v2\/media?parent=84141"}],"wp:term":[{"taxonomy":"category","embeddable":true,"href":"https:\/\/www.elsindical.com.ar\/notas\/wp-json\/wp\/v2\/categories?post=84141"},{"taxonomy":"post_tag","embeddable":true,"href":"https:\/\/www.elsindical.com.ar\/notas\/wp-json\/wp\/v2\/tags?post=84141"}],"curies":[{"name":"wp","href":"https:\/\/api.w.org\/{rel}","templated":true}]}}