{"id":8414,"date":"2010-08-09T19:27:29","date_gmt":"2010-08-09T22:27:29","guid":{"rendered":"http:\/\/www.elsindical.com.ar\/notas\/?p=8414"},"modified":"2010-08-09T19:27:29","modified_gmt":"2010-08-09T22:27:29","slug":"la-matanzapolicia-estuvo-detenido-seis-anos-por-robo-y-fue-absuelto-tras-juicio","status":"publish","type":"post","link":"https:\/\/www.elsindical.com.ar\/notas\/la-matanzapolicia-estuvo-detenido-seis-anos-por-robo-y-fue-absuelto-tras-juicio\/","title":{"rendered":"La Matanza:Polic\u00eda estuvo detenido seis a\u00f1os por robo y fue absuelto tras juicio"},"content":{"rendered":"<p id=\"txt_115763_3\" style=\"text-align: justify;\"><a href=\"http:\/\/www.elsindical.com.ar\/notas\/var\/www\/html\/notas\/wp-content\/uploads\/2010\/05\/martillo-juez.jpg\"><img loading=\"lazy\" decoding=\"async\" class=\"alignleft size-full wp-image-6630\" title=\"martillo-juez\" src=\"http:\/\/www.elsindical.com.ar\/notas\/var\/www\/html\/notas\/wp-content\/uploads\/2010\/05\/martillo-juez.jpg\" alt=\"\" width=\"198\" height=\"198\" srcset=\"https:\/\/www.elsindical.com.ar\/notas\/var\/www\/html\/notas\/wp-content\/uploads\/2010\/05\/martillo-juez.jpg 198w, https:\/\/www.elsindical.com.ar\/notas\/var\/www\/html\/notas\/wp-content\/uploads\/2010\/05\/martillo-juez-150x150.jpg 150w\" sizes=\"auto, (max-width: 198px) 100vw, 198px\" \/><\/a>Jorge Daniel Sosa fue acusado del delito de \u00abrobo agravado por el uso de armas\u00bb, pero fue absuelto por falta de pruebas. Ten\u00eda 22 a\u00f1os en la bonaerensey un legajo intachable, pero por esta detenci\u00f3n fue exonerado. Estuvo preso cuatro a\u00f1os en una c\u00e1rcel com\u00fan y los \u00faltimos dos a\u00f1os tuvo prisi\u00f3n vigilada por una pulsera magn\u00e9tica.<\/p>\n<p style=\"text-align: justify;\">Un polic\u00eda bonaerense que estaba preso desde octubre del 2004, acusado de haber asaltado con armas un colectivo en Rafael Castillo, fue absuelto por falta de pruebas durante un juicio oral en La Matanza, donde adem\u00e1s se orden\u00f3 que se investigue la actuaci\u00f3n policial en el caso.<\/p>\n<p>Fuentes judiciales confirmaron a T\u00e9lam que se trata de Jorge Daniel Sosa, quien hab\u00eda llegado a juicio acusado del delito de \u00abrobo agravado por el uso de armas\u00bb, pero fue absuelto por el Tribunal Oral en lo Criminal 3 de La Matanza, luego de que el fiscal de juicio desistiera de la acusaci\u00f3n por falta de pruebas.<\/p>\n<p>El abogado defensor Miguel Racanelli asegur\u00f3 que \u00abSosa ten\u00eda 22 a\u00f1os en la fuerza y un legajo intachable, pero por esta detenci\u00f3n fue exonerado de la fuerza por el entonces ministro Le\u00f3n Arslani\u00e1n. Ahora vamos a pedir que se env\u00eden los oficios correspondientes al Ministerio de Seguridad para que lo reincorporen\u00bb.<\/p>\n<p>Fuentes judiciales explicaron que la absoluci\u00f3n de Sosa fue dictada hoy de manera unipersonal por la jueza Liliana Logro\u00f1o del TOC 3 de La Matanza, luego de que el fiscal Alfredo Luppino desistiera de continuar con la acci\u00f3n penal por falta de pruebas.<\/p>\n<p>\u00abHab\u00eda 26 testigos previstos y para el fiscal fueron suficientes s\u00f3lo dos testigos para pedir la absoluci\u00f3n por falta de pruebas. Nadie lo pudo reconocer\u00bb, dijo Racanelli a T\u00e9lam.<\/p>\n<p>Uno de esos testigos fue el subcomisario que particip\u00f3 de la detenci\u00f3n de Sosa y el otro fue el conductor de colectivo asaltado, quien no pudo reconocer en ning\u00fan momento al detenido en la causa.<\/p>\n<p>\u00abSe incorpor\u00f3 por lectura el acta de procedimiento donde Sosa qued\u00f3 detenido. All\u00ed consta que el robo fue el 22 de octubre y la denuncia la realiz\u00f3 cuatro d\u00edas despu\u00e9s, es decir el 26 a las 23. Lo incre\u00edble es que la detenci\u00f3n se concret\u00f3 ese 26 de octubre a las 22\u00bb, cont\u00f3 Racanelli.<\/p>\n<p>La jueza Logro\u00f1o absolvi\u00f3 a Sosa y adem\u00e1s orden\u00f3 que se investigue la actuaci\u00f3n de la polic\u00eda en el hecho.<\/p>\n<p>El episodio que se le imputaba a Sosa ocurri\u00f3 en octubre del 2004, cuando un colectivero denunci\u00f3 que hab\u00eda sido asaltado con armas por un hombre que le rob\u00f3 algunas pertenencias, rompi\u00f3 la m\u00e1quina expendedora de boletos para llevarse las monedas y, luego, huy\u00f3 en un auto rojo.<\/p>\n<p>Seg\u00fan el abogado, el colectivero denunci\u00f3 el hecho cuatro d\u00edas despu\u00e9s de haber ocurrido y, ese mismo d\u00eda, Sosa fue detenido en proximidades de la estaci\u00f3n de trenes de Rafael Castillo cuando circulaba a bordo de un Fiat Fiesta color rojo con un familiar y otras dos personas.<\/p>\n<p>Si bien en el momento el fiscal de instrucci\u00f3n n\u00famero 6 de La Matanza Sergio Fern\u00e1ndez Carrera lo notific\u00f3 del inicio de la causa por \u00abrobo calificado por el uso de armas\u00bb y orden\u00f3 su libertad, d\u00edas despu\u00e9s solicit\u00f3 su detenci\u00f3n.<\/p>\n<p>\u00abDesde entonces estuvo detenido cuatro a\u00f1os en una c\u00e1rcel com\u00fan y los \u00faltimos dos a\u00f1os tuvo prisi\u00f3n vigilada por una pulsera magn\u00e9tica\u00bb, explic\u00f3 el abogado defensor.<\/p>\n","protected":false},"excerpt":{"rendered":"<p>Jorge Daniel Sosa fue acusado del delito de \u00abrobo agravado por el uso de armas\u00bb, pero fue absuelto por falta de pruebas. Ten\u00eda 22 a\u00f1os en la bonaerensey un legajo intachable, pero por esta detenci\u00f3n fue exonerado. Estuvo preso cuatro a\u00f1os en una c\u00e1rcel com\u00fan y los \u00faltimos dos a\u00f1os tuvo prisi\u00f3n vigilada por una&hellip;<\/p>\n","protected":false},"author":1,"featured_media":0,"comment_status":"open","ping_status":"open","sticky":false,"template":"","format":"standard","meta":{"footnotes":""},"categories":[20],"tags":[],"class_list":["post-8414","post","type-post","status-publish","format-standard","hentry","category-judiciales"],"_links":{"self":[{"href":"https:\/\/www.elsindical.com.ar\/notas\/wp-json\/wp\/v2\/posts\/8414","targetHints":{"allow":["GET"]}}],"collection":[{"href":"https:\/\/www.elsindical.com.ar\/notas\/wp-json\/wp\/v2\/posts"}],"about":[{"href":"https:\/\/www.elsindical.com.ar\/notas\/wp-json\/wp\/v2\/types\/post"}],"author":[{"embeddable":true,"href":"https:\/\/www.elsindical.com.ar\/notas\/wp-json\/wp\/v2\/users\/1"}],"replies":[{"embeddable":true,"href":"https:\/\/www.elsindical.com.ar\/notas\/wp-json\/wp\/v2\/comments?post=8414"}],"version-history":[{"count":1,"href":"https:\/\/www.elsindical.com.ar\/notas\/wp-json\/wp\/v2\/posts\/8414\/revisions"}],"predecessor-version":[{"id":8415,"href":"https:\/\/www.elsindical.com.ar\/notas\/wp-json\/wp\/v2\/posts\/8414\/revisions\/8415"}],"wp:attachment":[{"href":"https:\/\/www.elsindical.com.ar\/notas\/wp-json\/wp\/v2\/media?parent=8414"}],"wp:term":[{"taxonomy":"category","embeddable":true,"href":"https:\/\/www.elsindical.com.ar\/notas\/wp-json\/wp\/v2\/categories?post=8414"},{"taxonomy":"post_tag","embeddable":true,"href":"https:\/\/www.elsindical.com.ar\/notas\/wp-json\/wp\/v2\/tags?post=8414"}],"curies":[{"name":"wp","href":"https:\/\/api.w.org\/{rel}","templated":true}]}}