{"id":84133,"date":"2019-01-11T02:03:05","date_gmt":"2019-01-11T05:03:05","guid":{"rendered":"http:\/\/www.elsindical.com.ar\/notas\/?p=84133"},"modified":"2019-01-11T02:03:05","modified_gmt":"2019-01-11T05:03:05","slug":"masiva-marcha-al-congreso-contra-los-tarifazos","status":"publish","type":"post","link":"https:\/\/www.elsindical.com.ar\/notas\/masiva-marcha-al-congreso-contra-los-tarifazos\/","title":{"rendered":"Masiva marcha al Congreso contra los tarifazos"},"content":{"rendered":"\n<figure class=\"wp-block-image\"><img loading=\"lazy\" decoding=\"async\" width=\"1024\" height=\"576\" src=\"http:\/\/www.elsindical.com.ar\/notas\/var\/www\/html\/notas\/wp-content\/uploads\/2019\/01\/marcha-contra-el-ajuste-1-1024x576.jpg\" alt=\"\" class=\"wp-image-84134\" srcset=\"https:\/\/www.elsindical.com.ar\/notas\/var\/www\/html\/notas\/wp-content\/uploads\/2019\/01\/marcha-contra-el-ajuste-1-1024x576.jpg 1024w, https:\/\/www.elsindical.com.ar\/notas\/var\/www\/html\/notas\/wp-content\/uploads\/2019\/01\/marcha-contra-el-ajuste-1-300x169.jpg 300w, https:\/\/www.elsindical.com.ar\/notas\/var\/www\/html\/notas\/wp-content\/uploads\/2019\/01\/marcha-contra-el-ajuste-1-768x432.jpg 768w, https:\/\/www.elsindical.com.ar\/notas\/var\/www\/html\/notas\/wp-content\/uploads\/2019\/01\/marcha-contra-el-ajuste-1-500x281.jpg 500w, https:\/\/www.elsindical.com.ar\/notas\/var\/www\/html\/notas\/wp-content\/uploads\/2019\/01\/marcha-contra-el-ajuste-1-460x260.jpg 460w, https:\/\/www.elsindical.com.ar\/notas\/var\/www\/html\/notas\/wp-content\/uploads\/2019\/01\/marcha-contra-el-ajuste-1.jpg 1200w\" sizes=\"auto, (max-width: 1024px) 100vw, 1024px\" \/><\/figure>\n\n\n\n<p> Fue convocada por las dos CTA y Camioneros. El pr\u00f3ximo jueves se manifestar\u00e1n en Rosario. <\/p>\n\n\n\n<p>Miles de personas participaron este jueves de la primera marcha de \nantorchas convocada por las dos CTA y Camioneros para repudiar los \naumentos en las tarifas de los servicios p\u00fablicos.<\/p>\n\n\n\n<p>Con la consigna \u201cBasta de tarifazos\u201d, los manifestantes se  concentraron desde las 18.30 en la intersecci\u00f3n de la avenida de Mayo y 9  de Julio, para marchar al Congreso de la Naci\u00f3n.<\/p>\n\n\n\n<p>La movilizaci\u00f3n fue convocada por los titulares de las dos CTA, Hugo Yasky  y Pablo Micheli; el secretario general del Sindicato de Camioneros,  Pablo Moyano; la Multisectorial 21F y las 62 Organizaciones Peronistas.<\/p>\n\n\n\n<p>Adem\u00e1s, sumaron su adhesi\u00f3n la Asamblea de Peque\u00f1os y Medianos \nEmpresarios (Apyme), la Asociaci\u00f3n Bancaria y otras agrupaciones \npol\u00edticas.<\/p>\n\n\n\n<p>El plan de lucha continuar\u00e1 el pr\u00f3ximo jueves en Rosario, el 24 en Mar del Plata y el 31 en Mendoza. <\/p>\n\n\n\n<ul class=\"wp-block-gallery columns-2 is-cropped wp-block-gallery-1 is-layout-flex wp-block-gallery-is-layout-flex\"><li class=\"blocks-gallery-item\"><figure><img loading=\"lazy\" decoding=\"async\" width=\"1024\" height=\"576\" src=\"http:\/\/www.elsindical.com.ar\/notas\/var\/www\/html\/notas\/wp-content\/uploads\/2019\/01\/marcha-contra-el-ajuste-4-1024x576.jpg\" alt=\"\" data-id=\"84135\" data-link=\"http:\/\/www.elsindical.com.ar\/notas\/?attachment_id=84135#main\" class=\"wp-image-84135\" srcset=\"https:\/\/www.elsindical.com.ar\/notas\/var\/www\/html\/notas\/wp-content\/uploads\/2019\/01\/marcha-contra-el-ajuste-4-1024x576.jpg 1024w, https:\/\/www.elsindical.com.ar\/notas\/var\/www\/html\/notas\/wp-content\/uploads\/2019\/01\/marcha-contra-el-ajuste-4-300x169.jpg 300w, https:\/\/www.elsindical.com.ar\/notas\/var\/www\/html\/notas\/wp-content\/uploads\/2019\/01\/marcha-contra-el-ajuste-4-768x432.jpg 768w, https:\/\/www.elsindical.com.ar\/notas\/var\/www\/html\/notas\/wp-content\/uploads\/2019\/01\/marcha-contra-el-ajuste-4-500x281.jpg 500w, https:\/\/www.elsindical.com.ar\/notas\/var\/www\/html\/notas\/wp-content\/uploads\/2019\/01\/marcha-contra-el-ajuste-4-460x260.jpg 460w, https:\/\/www.elsindical.com.ar\/notas\/var\/www\/html\/notas\/wp-content\/uploads\/2019\/01\/marcha-contra-el-ajuste-4.jpg 1200w\" sizes=\"auto, (max-width: 1024px) 100vw, 1024px\" \/><\/figure><\/li><li class=\"blocks-gallery-item\"><figure><img loading=\"lazy\" decoding=\"async\" width=\"1024\" height=\"576\" src=\"http:\/\/www.elsindical.com.ar\/notas\/var\/www\/html\/notas\/wp-content\/uploads\/2019\/01\/marcha-contra-el-ajuste-3-1024x576.jpg\" alt=\"\" data-id=\"84136\" data-link=\"http:\/\/www.elsindical.com.ar\/notas\/?attachment_id=84136#main\" class=\"wp-image-84136\" srcset=\"https:\/\/www.elsindical.com.ar\/notas\/var\/www\/html\/notas\/wp-content\/uploads\/2019\/01\/marcha-contra-el-ajuste-3-1024x576.jpg 1024w, https:\/\/www.elsindical.com.ar\/notas\/var\/www\/html\/notas\/wp-content\/uploads\/2019\/01\/marcha-contra-el-ajuste-3-300x169.jpg 300w, https:\/\/www.elsindical.com.ar\/notas\/var\/www\/html\/notas\/wp-content\/uploads\/2019\/01\/marcha-contra-el-ajuste-3-768x432.jpg 768w, https:\/\/www.elsindical.com.ar\/notas\/var\/www\/html\/notas\/wp-content\/uploads\/2019\/01\/marcha-contra-el-ajuste-3-500x281.jpg 500w, https:\/\/www.elsindical.com.ar\/notas\/var\/www\/html\/notas\/wp-content\/uploads\/2019\/01\/marcha-contra-el-ajuste-3-460x260.jpg 460w, https:\/\/www.elsindical.com.ar\/notas\/var\/www\/html\/notas\/wp-content\/uploads\/2019\/01\/marcha-contra-el-ajuste-3.jpg 1200w\" sizes=\"auto, (max-width: 1024px) 100vw, 1024px\" \/><\/figure><\/li><li class=\"blocks-gallery-item\"><figure><img loading=\"lazy\" decoding=\"async\" width=\"1024\" height=\"576\" src=\"http:\/\/www.elsindical.com.ar\/notas\/var\/www\/html\/notas\/wp-content\/uploads\/2019\/01\/marcha-contra-el-ajuste-2-1024x576.jpg\" alt=\"\" data-id=\"84137\" data-link=\"http:\/\/www.elsindical.com.ar\/notas\/?attachment_id=84137#main\" class=\"wp-image-84137\" srcset=\"https:\/\/www.elsindical.com.ar\/notas\/var\/www\/html\/notas\/wp-content\/uploads\/2019\/01\/marcha-contra-el-ajuste-2-1024x576.jpg 1024w, https:\/\/www.elsindical.com.ar\/notas\/var\/www\/html\/notas\/wp-content\/uploads\/2019\/01\/marcha-contra-el-ajuste-2-300x169.jpg 300w, https:\/\/www.elsindical.com.ar\/notas\/var\/www\/html\/notas\/wp-content\/uploads\/2019\/01\/marcha-contra-el-ajuste-2-768x432.jpg 768w, https:\/\/www.elsindical.com.ar\/notas\/var\/www\/html\/notas\/wp-content\/uploads\/2019\/01\/marcha-contra-el-ajuste-2-500x281.jpg 500w, https:\/\/www.elsindical.com.ar\/notas\/var\/www\/html\/notas\/wp-content\/uploads\/2019\/01\/marcha-contra-el-ajuste-2-460x260.jpg 460w, https:\/\/www.elsindical.com.ar\/notas\/var\/www\/html\/notas\/wp-content\/uploads\/2019\/01\/marcha-contra-el-ajuste-2.jpg 1200w\" sizes=\"auto, (max-width: 1024px) 100vw, 1024px\" \/><\/figure><\/li><\/ul>\n","protected":false},"excerpt":{"rendered":"<p>Fue convocada por las dos CTA y Camioneros. El pr\u00f3ximo jueves se manifestar\u00e1n en Rosario. Miles de personas participaron este jueves de la primera marcha de antorchas convocada por las dos CTA y Camioneros para repudiar los aumentos en las tarifas de los servicios p\u00fablicos. Con la consigna \u201cBasta de tarifazos\u201d, los manifestantes se concentraron&hellip;<\/p>\n","protected":false},"author":1,"featured_media":84134,"comment_status":"open","ping_status":"open","sticky":false,"template":"","format":"standard","meta":{"footnotes":""},"categories":[25],"tags":[86,184,22023],"class_list":["post-84133","post","type-post","status-publish","format-standard","has-post-thumbnail","hentry","category-sociedad","tag-congreso","tag-cta","tag-economia"],"_links":{"self":[{"href":"https:\/\/www.elsindical.com.ar\/notas\/wp-json\/wp\/v2\/posts\/84133","targetHints":{"allow":["GET"]}}],"collection":[{"href":"https:\/\/www.elsindical.com.ar\/notas\/wp-json\/wp\/v2\/posts"}],"about":[{"href":"https:\/\/www.elsindical.com.ar\/notas\/wp-json\/wp\/v2\/types\/post"}],"author":[{"embeddable":true,"href":"https:\/\/www.elsindical.com.ar\/notas\/wp-json\/wp\/v2\/users\/1"}],"replies":[{"embeddable":true,"href":"https:\/\/www.elsindical.com.ar\/notas\/wp-json\/wp\/v2\/comments?post=84133"}],"version-history":[{"count":1,"href":"https:\/\/www.elsindical.com.ar\/notas\/wp-json\/wp\/v2\/posts\/84133\/revisions"}],"predecessor-version":[{"id":84138,"href":"https:\/\/www.elsindical.com.ar\/notas\/wp-json\/wp\/v2\/posts\/84133\/revisions\/84138"}],"wp:featuredmedia":[{"embeddable":true,"href":"https:\/\/www.elsindical.com.ar\/notas\/wp-json\/wp\/v2\/media\/84134"}],"wp:attachment":[{"href":"https:\/\/www.elsindical.com.ar\/notas\/wp-json\/wp\/v2\/media?parent=84133"}],"wp:term":[{"taxonomy":"category","embeddable":true,"href":"https:\/\/www.elsindical.com.ar\/notas\/wp-json\/wp\/v2\/categories?post=84133"},{"taxonomy":"post_tag","embeddable":true,"href":"https:\/\/www.elsindical.com.ar\/notas\/wp-json\/wp\/v2\/tags?post=84133"}],"curies":[{"name":"wp","href":"https:\/\/api.w.org\/{rel}","templated":true}]}}