{"id":84128,"date":"2019-01-11T01:33:12","date_gmt":"2019-01-11T04:33:12","guid":{"rendered":"http:\/\/www.elsindical.com.ar\/notas\/?p=84128"},"modified":"2019-01-11T01:33:20","modified_gmt":"2019-01-11T04:33:20","slug":"roxana-kreimer-los-varones-padecen-mucha-mas-violencia-que-las-mujeres","status":"publish","type":"post","link":"https:\/\/www.elsindical.com.ar\/notas\/roxana-kreimer-los-varones-padecen-mucha-mas-violencia-que-las-mujeres\/","title":{"rendered":"Roxana Kreimer: \u00abLos varones padecen mucha m\u00e1s violencia que las mujeres\u00bb"},"content":{"rendered":"\n<figure class=\"wp-block-image\"><img loading=\"lazy\" decoding=\"async\" width=\"1024\" height=\"650\" src=\"http:\/\/www.elsindical.com.ar\/notas\/var\/www\/html\/notas\/wp-content\/uploads\/2019\/01\/Roxana-Kreimer-1024x650.jpg\" alt=\"\" class=\"wp-image-84129\" srcset=\"https:\/\/www.elsindical.com.ar\/notas\/var\/www\/html\/notas\/wp-content\/uploads\/2019\/01\/Roxana-Kreimer-1024x650.jpg 1024w, https:\/\/www.elsindical.com.ar\/notas\/var\/www\/html\/notas\/wp-content\/uploads\/2019\/01\/Roxana-Kreimer-300x190.jpg 300w, https:\/\/www.elsindical.com.ar\/notas\/var\/www\/html\/notas\/wp-content\/uploads\/2019\/01\/Roxana-Kreimer-768x487.jpg 768w, https:\/\/www.elsindical.com.ar\/notas\/var\/www\/html\/notas\/wp-content\/uploads\/2019\/01\/Roxana-Kreimer-473x300.jpg 473w, https:\/\/www.elsindical.com.ar\/notas\/var\/www\/html\/notas\/wp-content\/uploads\/2019\/01\/Roxana-Kreimer.jpg 1100w\" sizes=\"auto, (max-width: 1024px) 100vw, 1024px\" \/><\/figure>\n\n\n\n<p class=\"wp-block-paragraph\"> Para la fil\u00f3sofa, \u00abel  patriarcado es un mito\u00bb y cuestion\u00f3 algunas de las bases de los reclamos  feministas como el de la brecha salarial por igual trabajo. <\/p>\n\n\n\n<p class=\"wp-block-paragraph\">La fil\u00f3sofa Roxana Kreimer quien estudia sobre temas de g\u00e9nero y se \ndefine como fundadora del \u00abfeminismo cient\u00edfico\u00bb manifest\u00f3 su postura \ncontra el \u00abfeminismo hegem\u00f3nico\u00bb y asegur\u00f3 que \u00ablos varones padecen \nmucha m\u00e1s violencia que las mujeres\u00bb.<\/p>\n\n\n\n<p class=\"wp-block-paragraph\">Para Kreimer, \u00abel patriarcado es un mito, ya no vivimos un \npatriarcado\u00bb. La fil\u00f3sofa tambi\u00e9n cuestion\u00f3 algunas bases de la lucha de\n la mujer actual en temas como la brecha salarial por igual trabajo y la\n baja presencia de mujeres en carreras t\u00e9cnicas: \u00abHay evidencia de que \nesto no es as\u00ed. No hay brecha salarial, hay evidencia de que no; tampoco\n hay techo de cristal, sino que las mujeres, cuando son madres, quieren \ntrabajar menos horas y no les interesa escalar en posiciones de poder\u00bb, \nexplic\u00f3.<\/p>\n\n\n\n<p class=\"wp-block-paragraph\">M\u00e1s adelante agreg\u00f3 que \u00ablos varones son m\u00e1s competitivos\u00bb y a modo \ncr\u00edtico analiz\u00f3: \u00abEl feminismo hegem\u00f3nico cree que hay discriminaci\u00f3n y \nque por eso las mujeres no escalan posiciones\u00bb.<\/p>\n\n\n\n<p class=\"wp-block-paragraph\"><br>En la entrevista con Terapia de noticias, por LN+, Kreimer \nconsider\u00f3 tambi\u00e9n que \u00aben los pa\u00edses con mayor igualdad de g\u00e9nero hay \nmenos mujeres en puestos jer\u00e1rquicos porque, como est\u00e1n mejor \necon\u00f3micamente pueden quedarse en sus casas cuando son madres\u00bb.<\/p>\n\n\n\n<p class=\"wp-block-paragraph\">\u00abPara las mujeres es m\u00e1s importante tener una vida social, dedicarse a\n los hijos y no solamente dedicar su tiempo a trabajar, que es lo que \nhacen m\u00e1s los varones\u00bb, a\u00f1adi\u00f3.<\/p>\n\n\n\n<p class=\"wp-block-paragraph\">Sobre las numerosas denuncias por violaciones y abuso sexual destac\u00f3 \nque \u00aben este tiempo de linchamiento p\u00fablico hay que preservar garant\u00edas \nconstitucionales b\u00e1sicas como son la presunci\u00f3n de inocencia\u00bb y aguardar\n una \u00absentencia firme\u00bb.<\/p>\n\n\n\n<p class=\"wp-block-paragraph\">\u00abLas mujeres tienen donde presentar una denuncia, las c\u00e1rceles est\u00e1n \nllenas de violadores. Es falso que el escrache se justifica porque a las\n mujeres no les creen cuando denuncian\u00bb, agreg\u00f3.<\/p>\n\n\n\n<p class=\"wp-block-paragraph\">Tambi\u00e9n hizo referencia a la ley de femicidios y explic\u00f3: \u00abquiebra un\n principio constitucional b\u00e1sico que es la igualdad ante la ley. Es \ndecir, si en las mismas circunstancias, un var\u00f3n mata a una mujer tiene \nla pena agravada respecto de la pena que recibe una mujer por el mismo \ndelito\u00bb.<\/p>\n\n\n\n<p class=\"wp-block-paragraph\">\u00abEn muy pocos casos alguien mata a otra persona porque es mujer\u00bb, \nrevel\u00f3 al tiempo que habl\u00f3 de estad\u00edsticas: \u00abMatan a 9 hombres en la \nArgentina por cada mujer y las cifras son equivalentes en otras partes \ndel mundo. Los hombres se suicidan m\u00e1s, hay m\u00e1s hombres en la c\u00e1rcel, \nlos hombres abandonan m\u00e1s el sistema educativo\u00bb, finaliz\u00f3.<\/p>\n","protected":false},"excerpt":{"rendered":"<p>Para la fil\u00f3sofa, \u00abel patriarcado es un mito\u00bb y cuestion\u00f3 algunas de las bases de los reclamos feministas como el de la brecha salarial por igual trabajo. La fil\u00f3sofa Roxana Kreimer quien estudia sobre temas de g\u00e9nero y se define como fundadora del \u00abfeminismo cient\u00edfico\u00bb manifest\u00f3 su postura contra el \u00abfeminismo hegem\u00f3nico\u00bb y asegur\u00f3 que&hellip;<\/p>\n","protected":false},"author":1,"featured_media":84129,"comment_status":"open","ping_status":"open","sticky":false,"template":"","format":"standard","meta":{"footnotes":""},"categories":[21],"tags":[30213,1617,25916,30214],"class_list":["post-84128","post","type-post","status-publish","format-standard","has-post-thumbnail","hentry","category-opinion","tag-filosofa-2","tag-hombres","tag-patriarcado","tag-roxana-kreimer"],"_links":{"self":[{"href":"https:\/\/www.elsindical.com.ar\/notas\/wp-json\/wp\/v2\/posts\/84128","targetHints":{"allow":["GET"]}}],"collection":[{"href":"https:\/\/www.elsindical.com.ar\/notas\/wp-json\/wp\/v2\/posts"}],"about":[{"href":"https:\/\/www.elsindical.com.ar\/notas\/wp-json\/wp\/v2\/types\/post"}],"author":[{"embeddable":true,"href":"https:\/\/www.elsindical.com.ar\/notas\/wp-json\/wp\/v2\/users\/1"}],"replies":[{"embeddable":true,"href":"https:\/\/www.elsindical.com.ar\/notas\/wp-json\/wp\/v2\/comments?post=84128"}],"version-history":[{"count":1,"href":"https:\/\/www.elsindical.com.ar\/notas\/wp-json\/wp\/v2\/posts\/84128\/revisions"}],"predecessor-version":[{"id":84130,"href":"https:\/\/www.elsindical.com.ar\/notas\/wp-json\/wp\/v2\/posts\/84128\/revisions\/84130"}],"wp:featuredmedia":[{"embeddable":true,"href":"https:\/\/www.elsindical.com.ar\/notas\/wp-json\/wp\/v2\/media\/84129"}],"wp:attachment":[{"href":"https:\/\/www.elsindical.com.ar\/notas\/wp-json\/wp\/v2\/media?parent=84128"}],"wp:term":[{"taxonomy":"category","embeddable":true,"href":"https:\/\/www.elsindical.com.ar\/notas\/wp-json\/wp\/v2\/categories?post=84128"},{"taxonomy":"post_tag","embeddable":true,"href":"https:\/\/www.elsindical.com.ar\/notas\/wp-json\/wp\/v2\/tags?post=84128"}],"curies":[{"name":"wp","href":"https:\/\/api.w.org\/{rel}","templated":true}]}}