{"id":84053,"date":"2019-01-08T10:21:32","date_gmt":"2019-01-08T13:21:32","guid":{"rendered":"http:\/\/www.elsindical.com.ar\/notas\/?p=84053"},"modified":"2019-01-08T10:21:32","modified_gmt":"2019-01-08T13:21:32","slug":"detienen-a-ex-docente-del-colegio-aleman-de-lanus-acusado-de-abuso-de-menores","status":"publish","type":"post","link":"https:\/\/www.elsindical.com.ar\/notas\/detienen-a-ex-docente-del-colegio-aleman-de-lanus-acusado-de-abuso-de-menores\/","title":{"rendered":"Detienen a ex docente del Colegio Alem\u00e1n de Lan\u00fas acusado de abuso de menores"},"content":{"rendered":"\n<figure class=\"wp-block-image\"><img loading=\"lazy\" decoding=\"async\" width=\"600\" height=\"400\" src=\"http:\/\/www.elsindical.com.ar\/notas\/var\/www\/html\/notas\/wp-content\/uploads\/2019\/01\/OSCAR-CURIS.jpg\" alt=\"\" class=\"wp-image-84055\" srcset=\"https:\/\/www.elsindical.com.ar\/notas\/var\/www\/html\/notas\/wp-content\/uploads\/2019\/01\/OSCAR-CURIS.jpg 600w, https:\/\/www.elsindical.com.ar\/notas\/var\/www\/html\/notas\/wp-content\/uploads\/2019\/01\/OSCAR-CURIS-300x200.jpg 300w, https:\/\/www.elsindical.com.ar\/notas\/var\/www\/html\/notas\/wp-content\/uploads\/2019\/01\/OSCAR-CURIS-450x300.jpg 450w\" sizes=\"auto, (max-width: 600px) 100vw, 600px\" \/><\/figure>\n\n\n\n<p>\nOscar Daniel Curis ex docente de los colegios Alem\u00e1n (Lan\u00fas) y Belgrano \n(Temperley) fue detenido esta tarde acusado por 10 casos de abusos \ncontra menores de edad.<br><br>\nFuentes eclesiales indicaron a Agencia Period\u00edstica Lan\u00fas que el \nimputado fue fundador del grupo Exploradores de la Virgen de Schoenstatt\n pero desmintieron que se trate de un sacerdote cat\u00f3lico, tal como hab\u00eda\n circulado en primera instancia.&nbsp; <br><br>\nEn los colegios mencionados se desempe\u00f1aba como profesor de Catequesis y Construcci\u00f3n de la Ciudadan\u00eda.<br><br>\nSeg\u00fan informaron allegados a una de las comunidades educativas, Curis trabaj\u00f3 como profesor hasta el a\u00f1o pasado \ncuando \u00abdesapareci\u00f3\u00bb de un d\u00eda para el otro. <br><br>\nEn el operativo particip\u00f3 personal de la DDI de Lan\u00fas bajo las \u00f3rdenes \nde Mariela Bonafine, titular de la UFI4 especializada en delitos contra \nla Integridad Sexual, delitos Inform\u00e1ticos y relacionados a la Violencia\n Familiar y de G\u00e9nero. \n\n<\/p>\n","protected":false},"excerpt":{"rendered":"<p>Oscar Daniel Curis ex docente de los colegios Alem\u00e1n (Lan\u00fas) y Belgrano (Temperley) fue detenido esta tarde acusado por 10 casos de abusos contra menores de edad. Fuentes eclesiales indicaron a Agencia Period\u00edstica Lan\u00fas que el imputado fue fundador del grupo Exploradores de la Virgen de Schoenstatt pero desmintieron que se trate de un sacerdote&hellip;<\/p>\n","protected":false},"author":1,"featured_media":84055,"comment_status":"open","ping_status":"open","sticky":false,"template":"","format":"standard","meta":{"footnotes":""},"categories":[22],"tags":[783,209,30196],"class_list":["post-84053","post","type-post","status-publish","format-standard","has-post-thumbnail","hentry","category-policiales","tag-abuso-sexual","tag-lanus","tag-oscar-daniel-curis"],"_links":{"self":[{"href":"https:\/\/www.elsindical.com.ar\/notas\/wp-json\/wp\/v2\/posts\/84053","targetHints":{"allow":["GET"]}}],"collection":[{"href":"https:\/\/www.elsindical.com.ar\/notas\/wp-json\/wp\/v2\/posts"}],"about":[{"href":"https:\/\/www.elsindical.com.ar\/notas\/wp-json\/wp\/v2\/types\/post"}],"author":[{"embeddable":true,"href":"https:\/\/www.elsindical.com.ar\/notas\/wp-json\/wp\/v2\/users\/1"}],"replies":[{"embeddable":true,"href":"https:\/\/www.elsindical.com.ar\/notas\/wp-json\/wp\/v2\/comments?post=84053"}],"version-history":[{"count":1,"href":"https:\/\/www.elsindical.com.ar\/notas\/wp-json\/wp\/v2\/posts\/84053\/revisions"}],"predecessor-version":[{"id":84056,"href":"https:\/\/www.elsindical.com.ar\/notas\/wp-json\/wp\/v2\/posts\/84053\/revisions\/84056"}],"wp:featuredmedia":[{"embeddable":true,"href":"https:\/\/www.elsindical.com.ar\/notas\/wp-json\/wp\/v2\/media\/84055"}],"wp:attachment":[{"href":"https:\/\/www.elsindical.com.ar\/notas\/wp-json\/wp\/v2\/media?parent=84053"}],"wp:term":[{"taxonomy":"category","embeddable":true,"href":"https:\/\/www.elsindical.com.ar\/notas\/wp-json\/wp\/v2\/categories?post=84053"},{"taxonomy":"post_tag","embeddable":true,"href":"https:\/\/www.elsindical.com.ar\/notas\/wp-json\/wp\/v2\/tags?post=84053"}],"curies":[{"name":"wp","href":"https:\/\/api.w.org\/{rel}","templated":true}]}}