{"id":84042,"date":"2019-01-07T14:51:45","date_gmt":"2019-01-07T17:51:45","guid":{"rendered":"http:\/\/www.elsindical.com.ar\/notas\/?p=84042"},"modified":"2019-01-07T14:51:54","modified_gmt":"2019-01-07T17:51:54","slug":"cierra-la-planta-de-aceites-legitimo-y-despide-a-sus-195-empleados","status":"publish","type":"post","link":"https:\/\/www.elsindical.com.ar\/notas\/cierra-la-planta-de-aceites-legitimo-y-despide-a-sus-195-empleados\/","title":{"rendered":"Cierra la Planta de Aceites \u201cLEG\u00cdTIMO\u201d y despide a sus 195 empleados"},"content":{"rendered":"\n<figure class=\"wp-block-image\"><img loading=\"lazy\" decoding=\"async\" width=\"695\" height=\"463\" src=\"http:\/\/www.elsindical.com.ar\/notas\/var\/www\/html\/notas\/wp-content\/uploads\/2019\/01\/aceite-leg\u00edtimo.jpg\" alt=\"\" class=\"wp-image-84043\" srcset=\"https:\/\/www.elsindical.com.ar\/notas\/var\/www\/html\/notas\/wp-content\/uploads\/2019\/01\/aceite-leg\u00edtimo.jpg 695w, https:\/\/www.elsindical.com.ar\/notas\/var\/www\/html\/notas\/wp-content\/uploads\/2019\/01\/aceite-leg\u00edtimo-300x200.jpg 300w, https:\/\/www.elsindical.com.ar\/notas\/var\/www\/html\/notas\/wp-content\/uploads\/2019\/01\/aceite-leg\u00edtimo-450x300.jpg 450w\" sizes=\"auto, (max-width: 695px) 100vw, 695px\" \/><\/figure>\n\n\n\n<p> \u201cEs por la crisis del  sector\u201d, as\u00ed lo anunci\u00f3 la empresa multinacional en su p\u00e1gina web cuya  planta procesadora funcionaba en la localidad de Valentin Alsina del  conurbano bonaerense. En 2011 hab\u00eda invertido 12 millones de d\u00f3lares en  equipamiento y mano de obra. La Compa\u00f1\u00eda comunic\u00f3 esta decisi\u00f3n a sus  195 empleados, as\u00ed como a las autoridades locales, provinciales y  nacionales. <\/p>\n\n\n\n<p><strong>\u00abEn\n los \u00faltimos a\u00f1os, Leg\u00edtimo no ha sido ajena a los \u00edndices de retracci\u00f3n\n y vaivenes de la econom\u00eda. La industria de la de refinaci\u00f3n de aceites \nse ha visto afectada por una importante baja en la demanda a nivel \nlocal, condiciones desfavorables del mercado y una creciente capacidad \nociosa de la industria\u00bb <\/strong>indica la firma en un comunicado publicado en su p\u00e1gina web.<\/p>\n\n\n\n<p>A\u00fan cuando desde la compa\u00f1\u00eda se han \nimplementado en los \u00faltimos a\u00f1os una serie de acciones tendientes a \nrevertir este escenario complejo, y se han explorado todas las \nalternativas posibles, inclusive la de la venta de los activos a otra \norganizaci\u00f3n, o la de la optimizaci\u00f3n del n\u00famero de empleados a trav\u00e9s \nde retiros voluntarios para otorgar mayor competitividad, <strong>no\n ha sido posible confinar esta crisis y, en consecuencia, se ha \nconcluido que la continuidad de la actividad no es posible en este \ncontexto<\/strong>.<\/p>\n\n\n\n<p><strong>COFCO\n International Argentina dejar\u00e1 entonces de participar en el negocio de \naceites refinados (actividad que se desarrolla hasta hoy en su planta de\n refinaci\u00f3n, fraccionamiento y distribuci\u00f3n en la localidad de Valent\u00edn \nAlsina) y focalizar\u00e1 las inversiones en garantizar la continuidad y \nexpansi\u00f3n de la principal actividad: la originaci\u00f3n, el procesamiento de\n semillas oleaginosas, y la comercializaci\u00f3n de cereales y productos \nderivados de la molienda de soja y girasol, cuyo principal destino es la\n exportaci\u00f3n.<\/strong><\/p>\n\n\n\n<p><strong>Leg\u00edtimo<\/strong>&nbsp;es\n la marca registrada que comercializa el aceite producido en la planta \nde refinaci\u00f3n, fraccionamiento y distribuci\u00f3n que se encuentra ubicada \nen la localidad de Valent\u00edn Alsina, partido de Lan\u00fas, provincia de \nBuenos Aires, siendo su principal actividad el refinamiento de aceites \nde girasol y soja, los cuales se comercializan a granel o embotellado.<\/p>\n\n\n\n<p>La Planta se encuentra habilitada y en \nfuncionamiento desde 1995. Su capacidad de refinado alcanza las 234.000 \ntoneladas anuales.<\/p>\n","protected":false},"excerpt":{"rendered":"<p>\u201cEs por la crisis del sector\u201d, as\u00ed lo anunci\u00f3 la empresa multinacional en su p\u00e1gina web cuya planta procesadora funcionaba en la localidad de Valentin Alsina del conurbano bonaerense. En 2011 hab\u00eda invertido 12 millones de d\u00f3lares en equipamiento y mano de obra. La Compa\u00f1\u00eda comunic\u00f3 esta decisi\u00f3n a sus 195 empleados, as\u00ed como a&hellip;<\/p>\n","protected":false},"author":1,"featured_media":84043,"comment_status":"open","ping_status":"open","sticky":false,"template":"","format":"standard","meta":{"footnotes":""},"categories":[28],"tags":[30194,53,325],"class_list":["post-84042","post","type-post","status-publish","format-standard","has-post-thumbnail","hentry","category-empresariales","tag-aceite-legitimo","tag-despidos","tag-valentin-alsina"],"_links":{"self":[{"href":"https:\/\/www.elsindical.com.ar\/notas\/wp-json\/wp\/v2\/posts\/84042","targetHints":{"allow":["GET"]}}],"collection":[{"href":"https:\/\/www.elsindical.com.ar\/notas\/wp-json\/wp\/v2\/posts"}],"about":[{"href":"https:\/\/www.elsindical.com.ar\/notas\/wp-json\/wp\/v2\/types\/post"}],"author":[{"embeddable":true,"href":"https:\/\/www.elsindical.com.ar\/notas\/wp-json\/wp\/v2\/users\/1"}],"replies":[{"embeddable":true,"href":"https:\/\/www.elsindical.com.ar\/notas\/wp-json\/wp\/v2\/comments?post=84042"}],"version-history":[{"count":1,"href":"https:\/\/www.elsindical.com.ar\/notas\/wp-json\/wp\/v2\/posts\/84042\/revisions"}],"predecessor-version":[{"id":84044,"href":"https:\/\/www.elsindical.com.ar\/notas\/wp-json\/wp\/v2\/posts\/84042\/revisions\/84044"}],"wp:featuredmedia":[{"embeddable":true,"href":"https:\/\/www.elsindical.com.ar\/notas\/wp-json\/wp\/v2\/media\/84043"}],"wp:attachment":[{"href":"https:\/\/www.elsindical.com.ar\/notas\/wp-json\/wp\/v2\/media?parent=84042"}],"wp:term":[{"taxonomy":"category","embeddable":true,"href":"https:\/\/www.elsindical.com.ar\/notas\/wp-json\/wp\/v2\/categories?post=84042"},{"taxonomy":"post_tag","embeddable":true,"href":"https:\/\/www.elsindical.com.ar\/notas\/wp-json\/wp\/v2\/tags?post=84042"}],"curies":[{"name":"wp","href":"https:\/\/api.w.org\/{rel}","templated":true}]}}