{"id":84011,"date":"2019-01-06T20:06:04","date_gmt":"2019-01-06T23:06:04","guid":{"rendered":"http:\/\/www.elsindical.com.ar\/notas\/?p=84011"},"modified":"2019-01-06T20:06:22","modified_gmt":"2019-01-06T23:06:22","slug":"uruguay-hija-de-melconian-atropello-a-policia-y-fugo-estaba-borracha","status":"publish","type":"post","link":"https:\/\/www.elsindical.com.ar\/notas\/uruguay-hija-de-melconian-atropello-a-policia-y-fugo-estaba-borracha\/","title":{"rendered":"Uruguay: Hija de Melconian atropell\u00f3 a polic\u00eda y fug\u00f3, estaba borracha"},"content":{"rendered":"\n<figure class=\"wp-block-image\"><img loading=\"lazy\" decoding=\"async\" width=\"1024\" height=\"677\" src=\"http:\/\/www.elsindical.com.ar\/notas\/var\/www\/html\/notas\/wp-content\/uploads\/2017\/06\/Melconian-ojo-1024x677.jpg\" alt=\"\" class=\"wp-image-68766\" srcset=\"https:\/\/www.elsindical.com.ar\/notas\/var\/www\/html\/notas\/wp-content\/uploads\/2017\/06\/Melconian-ojo-1024x677.jpg 1024w, https:\/\/www.elsindical.com.ar\/notas\/var\/www\/html\/notas\/wp-content\/uploads\/2017\/06\/Melconian-ojo-300x198.jpg 300w, https:\/\/www.elsindical.com.ar\/notas\/var\/www\/html\/notas\/wp-content\/uploads\/2017\/06\/Melconian-ojo-768x507.jpg 768w, https:\/\/www.elsindical.com.ar\/notas\/var\/www\/html\/notas\/wp-content\/uploads\/2017\/06\/Melconian-ojo-454x300.jpg 454w, https:\/\/www.elsindical.com.ar\/notas\/var\/www\/html\/notas\/wp-content\/uploads\/2017\/06\/Melconian-ojo.jpg 1170w\" sizes=\"auto, (max-width: 1024px) 100vw, 1024px\" \/><\/figure>\n\n\n\n<p>La joven de 21 a\u00f1os, que se  encontraba bajo los efectos del alcohol, embisti\u00f3\u00a0a un agente de  tr\u00e1nsito en la ciudad uruguaya de Maldonado.<\/p>\n\n\n\n<p><strong>Mar\u00eda Agustina Melconian<\/strong>, hija del ex presidente del Banco Central argentino, <strong>  Carlos Melconian<\/strong>,\u00a0atropell\u00f3 este domingo a un polic\u00eda y huy\u00f3.<br><br>El episodio ocurri\u00f3 en la localidad uruguaya de Maldonado,  en la ruta 10 kil\u00f3metro 170 cuando un agente de tr\u00e1nsito, que realizaba  un control vehicular\u00a0fue embestido por una camioneta Jeep, conducida  por la joven.<\/p>\n\n\n\n<p>El efectivo que&nbsp;cay\u00f3 al piso al momento del impacto, sufri\u00f3 traumatismos leves en el pie y brazo y izquierdo.&nbsp;<\/p>\n\n\n\n<p>La chica de 21 a\u00f1os, que dio 2,74 grados de alcohol en sangre en la  espirometr\u00eda\u00a0que le realizaron, se present\u00f3 a declarar ante la justicia  acompa\u00f1ada por su pap\u00e1 y fue dejada en libertad a los pocos minutos a la  espera de la resoluci\u00f3n de la Justicia.<\/p>\n\n\n\n<p>La joven lleva una vida de excesos y confronta en sus ideales con el espacio pol\u00edtico que representa su famoso padre.<\/p>\n\n\n\n<p>Por su posici\u00f3n social, ha participado en programas donde fue invitada por su estudio como licenciada en biolog\u00eda y donde curiosamente hablaba de la importancia de llevar una vida SANA, s\u00ed, al parecer decir una cosa o pregonar una forma de vida para otros y vivir otra distinta es una conducta aprendida en casa.<\/p>\n\n\n\n<ul class=\"wp-block-gallery columns-2 is-cropped wp-block-gallery-1 is-layout-flex wp-block-gallery-is-layout-flex\"><li class=\"blocks-gallery-item\"><figure><img loading=\"lazy\" decoding=\"async\" width=\"632\" height=\"632\" src=\"http:\/\/www.elsindical.com.ar\/notas\/var\/www\/html\/notas\/wp-content\/uploads\/2019\/01\/Mar\u00eda-pa\u00f1uelo-verde.jpg\" alt=\"\" data-id=\"84012\" data-link=\"http:\/\/www.elsindical.com.ar\/notas\/?attachment_id=84012#main\" class=\"wp-image-84012\" srcset=\"https:\/\/www.elsindical.com.ar\/notas\/var\/www\/html\/notas\/wp-content\/uploads\/2019\/01\/Mar\u00eda-pa\u00f1uelo-verde.jpg 632w, https:\/\/www.elsindical.com.ar\/notas\/var\/www\/html\/notas\/wp-content\/uploads\/2019\/01\/Mar\u00eda-pa\u00f1uelo-verde-150x150.jpg 150w, https:\/\/www.elsindical.com.ar\/notas\/var\/www\/html\/notas\/wp-content\/uploads\/2019\/01\/Mar\u00eda-pa\u00f1uelo-verde-300x300.jpg 300w, https:\/\/www.elsindical.com.ar\/notas\/var\/www\/html\/notas\/wp-content\/uploads\/2019\/01\/Mar\u00eda-pa\u00f1uelo-verde-50x50.jpg 50w\" sizes=\"auto, (max-width: 632px) 100vw, 632px\" \/><\/figure><\/li><li class=\"blocks-gallery-item\"><figure><img loading=\"lazy\" decoding=\"async\" width=\"720\" height=\"720\" src=\"http:\/\/www.elsindical.com.ar\/notas\/var\/www\/html\/notas\/wp-content\/uploads\/2019\/01\/Mar\u00eda-Agustina.jpg\" alt=\"\" data-id=\"84013\" data-link=\"http:\/\/www.elsindical.com.ar\/notas\/?attachment_id=84013#main\" class=\"wp-image-84013\" srcset=\"https:\/\/www.elsindical.com.ar\/notas\/var\/www\/html\/notas\/wp-content\/uploads\/2019\/01\/Mar\u00eda-Agustina.jpg 720w, https:\/\/www.elsindical.com.ar\/notas\/var\/www\/html\/notas\/wp-content\/uploads\/2019\/01\/Mar\u00eda-Agustina-150x150.jpg 150w, https:\/\/www.elsindical.com.ar\/notas\/var\/www\/html\/notas\/wp-content\/uploads\/2019\/01\/Mar\u00eda-Agustina-300x300.jpg 300w, https:\/\/www.elsindical.com.ar\/notas\/var\/www\/html\/notas\/wp-content\/uploads\/2019\/01\/Mar\u00eda-Agustina-50x50.jpg 50w\" sizes=\"auto, (max-width: 720px) 100vw, 720px\" \/><\/figure><\/li><li class=\"blocks-gallery-item\"><figure><img loading=\"lazy\" decoding=\"async\" width=\"503\" height=\"434\" src=\"http:\/\/www.elsindical.com.ar\/notas\/var\/www\/html\/notas\/wp-content\/uploads\/2019\/01\/Agustina-Melconian.jpg\" alt=\"\" data-id=\"84014\" data-link=\"http:\/\/www.elsindical.com.ar\/notas\/?attachment_id=84014#main\" class=\"wp-image-84014\" srcset=\"https:\/\/www.elsindical.com.ar\/notas\/var\/www\/html\/notas\/wp-content\/uploads\/2019\/01\/Agustina-Melconian.jpg 503w, https:\/\/www.elsindical.com.ar\/notas\/var\/www\/html\/notas\/wp-content\/uploads\/2019\/01\/Agustina-Melconian-300x259.jpg 300w, https:\/\/www.elsindical.com.ar\/notas\/var\/www\/html\/notas\/wp-content\/uploads\/2019\/01\/Agustina-Melconian-348x300.jpg 348w\" sizes=\"auto, (max-width: 503px) 100vw, 503px\" \/><\/figure><\/li><\/ul>\n","protected":false},"excerpt":{"rendered":"<p>La joven de 21 a\u00f1os, que se encontraba bajo los efectos del alcohol, embisti\u00f3\u00a0a un agente de tr\u00e1nsito en la ciudad uruguaya de Maldonado. Mar\u00eda Agustina Melconian, hija del ex presidente del Banco Central argentino, Carlos Melconian,\u00a0atropell\u00f3 este domingo a un polic\u00eda y huy\u00f3. El episodio ocurri\u00f3 en la localidad uruguaya de Maldonado, en la&hellip;<\/p>\n","protected":false},"author":1,"featured_media":68766,"comment_status":"open","ping_status":"open","sticky":false,"template":"","format":"standard","meta":{"footnotes":""},"categories":[18],"tags":[13398,25117,8206,4244,30185],"class_list":["post-84011","post","type-post","status-publish","format-standard","has-post-thumbnail","hentry","category-internacionales","tag-borracha","tag-carlos-melconian","tag-control-vehicular","tag-maldonado","tag-maria-agustina-melconian"],"_links":{"self":[{"href":"https:\/\/www.elsindical.com.ar\/notas\/wp-json\/wp\/v2\/posts\/84011","targetHints":{"allow":["GET"]}}],"collection":[{"href":"https:\/\/www.elsindical.com.ar\/notas\/wp-json\/wp\/v2\/posts"}],"about":[{"href":"https:\/\/www.elsindical.com.ar\/notas\/wp-json\/wp\/v2\/types\/post"}],"author":[{"embeddable":true,"href":"https:\/\/www.elsindical.com.ar\/notas\/wp-json\/wp\/v2\/users\/1"}],"replies":[{"embeddable":true,"href":"https:\/\/www.elsindical.com.ar\/notas\/wp-json\/wp\/v2\/comments?post=84011"}],"version-history":[{"count":1,"href":"https:\/\/www.elsindical.com.ar\/notas\/wp-json\/wp\/v2\/posts\/84011\/revisions"}],"predecessor-version":[{"id":84015,"href":"https:\/\/www.elsindical.com.ar\/notas\/wp-json\/wp\/v2\/posts\/84011\/revisions\/84015"}],"wp:featuredmedia":[{"embeddable":true,"href":"https:\/\/www.elsindical.com.ar\/notas\/wp-json\/wp\/v2\/media\/68766"}],"wp:attachment":[{"href":"https:\/\/www.elsindical.com.ar\/notas\/wp-json\/wp\/v2\/media?parent=84011"}],"wp:term":[{"taxonomy":"category","embeddable":true,"href":"https:\/\/www.elsindical.com.ar\/notas\/wp-json\/wp\/v2\/categories?post=84011"},{"taxonomy":"post_tag","embeddable":true,"href":"https:\/\/www.elsindical.com.ar\/notas\/wp-json\/wp\/v2\/tags?post=84011"}],"curies":[{"name":"wp","href":"https:\/\/api.w.org\/{rel}","templated":true}]}}