{"id":8397,"date":"2010-08-09T13:15:18","date_gmt":"2010-08-09T16:15:18","guid":{"rendered":"http:\/\/www.elsindical.com.ar\/notas\/?p=8397"},"modified":"2010-08-09T13:16:22","modified_gmt":"2010-08-09T16:16:22","slug":"caballitodetuvieron-a-un-hombre-acusado-de-violar-a-su-hija","status":"publish","type":"post","link":"https:\/\/www.elsindical.com.ar\/notas\/caballitodetuvieron-a-un-hombre-acusado-de-violar-a-su-hija\/","title":{"rendered":"Caballito:Detuvieron a un hombre acusado de violar a su hija"},"content":{"rendered":"<p style=\"text-align: justify;\"><em><a href=\"http:\/\/www.elsindical.com.ar\/notas\/var\/www\/html\/notas\/wp-content\/uploads\/2010\/08\/padre-violador-detenido-en-.jpg\"><img loading=\"lazy\" decoding=\"async\" class=\"alignleft size-medium wp-image-8398\" title=\"padre-violador-detenido-en-\" src=\"http:\/\/www.elsindical.com.ar\/notas\/var\/www\/html\/notas\/wp-content\/uploads\/2010\/08\/padre-violador-detenido-en--300x240.jpg\" alt=\"\" width=\"300\" height=\"240\" srcset=\"https:\/\/www.elsindical.com.ar\/notas\/var\/www\/html\/notas\/wp-content\/uploads\/2010\/08\/padre-violador-detenido-en--300x240.jpg 300w, https:\/\/www.elsindical.com.ar\/notas\/var\/www\/html\/notas\/wp-content\/uploads\/2010\/08\/padre-violador-detenido-en-.jpg 325w\" sizes=\"auto, (max-width: 300px) 100vw, 300px\" \/><\/a>Un hombre de 41 a\u00f1os que era intensamente buscado por la Justicia desde 2007 acusado de violar y abusar durante dos a\u00f1os a su hija de siete a\u00f1os, fue detenido anoche por la Polic\u00eda Federal en una obra en construcci\u00f3n del barrio porte\u00f1o de Caballito.<\/em><\/p>\n<p style=\"text-align: justify;\">La detenci\u00f3n fue realizada por detectives de la Divisi\u00f3n Delitos Contra Menores de la Superintendencia de Investigaciones Federales en una obra de la avenida Directorio al 500 donde el acusado se hab\u00eda refugiado cambiando su aspecto para no ser reconocido.<\/p>\n<p>Los hechos que se lo imputan se produjeron en 2007, en una vivienda de la familia en la calle Laguna al 2900, del barrio de Flores, cuando la madre de la v\u00edctima, quien es empleada dom\u00e9stica, sal\u00eda a trabajar.<\/p>\n<p>El acusado, de profesi\u00f3n alba\u00f1il, al no tener horario ni d\u00eda fijo de trabajo, se quedaba al cuidado de su propia hija en ausencia de la madre, inici\u00e1ndose all\u00ed una relaci\u00f3n incestuosa.<\/p>\n<p>Todo se descubri\u00f3 cuando la ni\u00f1a comenz\u00f3 a demostrar un comportamiento extra\u00f1o en la escuela y en el hogar, ya que se orinaba en las noches en su cama y se negaba a quedarse al cuidado de su padre.<\/p>\n<p>Estas circunstancias que se fueron dando al pasar el tiempo, llevaron a la mam\u00e1 a examinar a la ni\u00f1a con una psic\u00f3loga, la cual inmediatamente detect\u00f3 signos de abuso sexual y la deriv\u00f3 a un examen f\u00edsico, que confirm\u00f3 la sospecha.<\/p>\n<p>Al ser denunciado por la mujer, el juzgado cit\u00f3 a indagatoria al imputado, pero \u00e9ste se dio a la fuga y desapareci\u00f3 de los lugares donde era conocido. La Divisi\u00f3n Delitos Contra Menores de la Polic\u00eda Federal fue encomendada de la investigaci\u00f3n para detener al acusado.<\/p>\n<p>Con los indicios aportados por la Unidad Fiscal para la Investigaci\u00f3n de Delitos Contra la Integridad Sexual y Prostituci\u00f3n Infantil y el Juzgado de Instrucci\u00f3n 48 de la Capital Federal, se iniciaron las tareas investigativas a fin de poder dar con el buscado y ponerlo a derecho ante la Justicia.<\/p>\n<p>Dichas tareas demandaron varios d\u00edas, e incluyeron seguimientos de personas amigas del investigado, entrecruzamiento de llamadas y otras tareas que llevaron a los investigadores a la obra de Caballito, en donde el acusado estar\u00eda realizando trabajos temporarios de alba\u00f1iler\u00eda.<\/p>\n<p>Se efectuaron discretas tareas de vigilancia por detectives de la Divisi\u00f3n Delitos Contra Menores sobre los posibles lugares estipulados como probable trayectoria del pr\u00f3fugo.<\/p>\n<p>El \u00e9xito de la investigaci\u00f3n se produjo con su detenci\u00f3n en el momento que el imputado llegaba a la obra.<\/p>\n<p>El acusado fue trasladado a Delitos Contra Menores donde se le practicaron los tr\u00e1mites de rigor para luego ser trasladado al juzgado Nacional en lo Criminal de Instrucci\u00f3n 48 de la jueza Alicia Mercedes Iermini, por ante la Secretaria 145 con la participaci\u00f3n de la Fiscal\u00eda Nacional en lo Criminal de Instrucci\u00f3n 12 a cargo del Mart\u00edn L\u00f3pez Perrando.<\/p>\n","protected":false},"excerpt":{"rendered":"<p>Un hombre de 41 a\u00f1os que era intensamente buscado por la Justicia desde 2007 acusado de violar y abusar durante dos a\u00f1os a su hija de siete a\u00f1os, fue detenido anoche por la Polic\u00eda Federal en una obra en construcci\u00f3n del barrio porte\u00f1o de Caballito. La detenci\u00f3n fue realizada por detectives de la Divisi\u00f3n Delitos&hellip;<\/p>\n","protected":false},"author":1,"featured_media":0,"comment_status":"open","ping_status":"open","sticky":false,"template":"","format":"standard","meta":{"footnotes":""},"categories":[22],"tags":[3344,2048,400,91,909,921,30,539],"class_list":["post-8397","post","type-post","status-publish","format-standard","hentry","category-policiales","tag-abusos","tag-albanil","tag-caballito","tag-detenido","tag-hija","tag-madre","tag-policia","tag-violador"],"_links":{"self":[{"href":"https:\/\/www.elsindical.com.ar\/notas\/wp-json\/wp\/v2\/posts\/8397","targetHints":{"allow":["GET"]}}],"collection":[{"href":"https:\/\/www.elsindical.com.ar\/notas\/wp-json\/wp\/v2\/posts"}],"about":[{"href":"https:\/\/www.elsindical.com.ar\/notas\/wp-json\/wp\/v2\/types\/post"}],"author":[{"embeddable":true,"href":"https:\/\/www.elsindical.com.ar\/notas\/wp-json\/wp\/v2\/users\/1"}],"replies":[{"embeddable":true,"href":"https:\/\/www.elsindical.com.ar\/notas\/wp-json\/wp\/v2\/comments?post=8397"}],"version-history":[{"count":2,"href":"https:\/\/www.elsindical.com.ar\/notas\/wp-json\/wp\/v2\/posts\/8397\/revisions"}],"predecessor-version":[{"id":8400,"href":"https:\/\/www.elsindical.com.ar\/notas\/wp-json\/wp\/v2\/posts\/8397\/revisions\/8400"}],"wp:attachment":[{"href":"https:\/\/www.elsindical.com.ar\/notas\/wp-json\/wp\/v2\/media?parent=8397"}],"wp:term":[{"taxonomy":"category","embeddable":true,"href":"https:\/\/www.elsindical.com.ar\/notas\/wp-json\/wp\/v2\/categories?post=8397"},{"taxonomy":"post_tag","embeddable":true,"href":"https:\/\/www.elsindical.com.ar\/notas\/wp-json\/wp\/v2\/tags?post=8397"}],"curies":[{"name":"wp","href":"https:\/\/api.w.org\/{rel}","templated":true}]}}