{"id":83946,"date":"2019-01-04T12:02:25","date_gmt":"2019-01-04T15:02:25","guid":{"rendered":"http:\/\/www.elsindical.com.ar\/notas\/?p=83946"},"modified":"2019-01-04T12:02:39","modified_gmt":"2019-01-04T15:02:39","slug":"una-de-cada-tres-fabricas-preve-echar-trabajadores-a-causa-de-la-recesion","status":"publish","type":"post","link":"https:\/\/www.elsindical.com.ar\/notas\/una-de-cada-tres-fabricas-preve-echar-trabajadores-a-causa-de-la-recesion\/","title":{"rendered":"Una de cada tres f\u00e1bricas prev\u00e9 echar trabajadores a causa de la recesi\u00f3n"},"content":{"rendered":"\n<figure class=\"wp-block-image\"><img loading=\"lazy\" decoding=\"async\" width=\"1024\" height=\"589\" src=\"http:\/\/www.elsindical.com.ar\/notas\/var\/www\/html\/notas\/wp-content\/uploads\/2019\/01\/operario-f\u00e1brica-1024x589.jpg\" alt=\"\" class=\"wp-image-83947\" srcset=\"https:\/\/www.elsindical.com.ar\/notas\/var\/www\/html\/notas\/wp-content\/uploads\/2019\/01\/operario-f\u00e1brica-1024x589.jpg 1024w, https:\/\/www.elsindical.com.ar\/notas\/var\/www\/html\/notas\/wp-content\/uploads\/2019\/01\/operario-f\u00e1brica-300x173.jpg 300w, https:\/\/www.elsindical.com.ar\/notas\/var\/www\/html\/notas\/wp-content\/uploads\/2019\/01\/operario-f\u00e1brica-768x442.jpg 768w, https:\/\/www.elsindical.com.ar\/notas\/var\/www\/html\/notas\/wp-content\/uploads\/2019\/01\/operario-f\u00e1brica-500x288.jpg 500w, https:\/\/www.elsindical.com.ar\/notas\/var\/www\/html\/notas\/wp-content\/uploads\/2019\/01\/operario-f\u00e1brica-220x126.jpg 220w, https:\/\/www.elsindical.com.ar\/notas\/var\/www\/html\/notas\/wp-content\/uploads\/2019\/01\/operario-f\u00e1brica.jpg 1170w\" sizes=\"auto, (max-width: 1024px) 100vw, 1024px\" \/><\/figure>\n\n\n\n<p class=\"wp-block-paragraph\"> Los datos del INDEC  reflejaron n\u00fameros muy preocupantes para las constructoras y f\u00e1bricas.  La crisis laboral que golpe\u00f3 muy duramente a los argentinos en 2018  parece extenderse en 2019. <\/p>\n\n\n\n<p class=\"wp-block-paragraph\">Seg\u00fan los datos de Indec, un tercio de las constructoras y de las \nf\u00e1bricas prev\u00e9n achicar su plantel de empleados a causa de la recesi\u00f3n, \nreflejadas en las ca\u00eddas de entre un 13 y 15% en las ventas.<\/p>\n\n\n\n<p class=\"wp-block-paragraph\">El reporte de los industriales refleja adem\u00e1s pesimismo para los \npr\u00f3ximos meses. El 55% de los ejecutivos encuestados prev\u00e9 que habr\u00e1 \nmenor demanda de su producci\u00f3n. Entre los que realizan compras o ventas \ncon el exterior, un cuarto de los empresarios dicen que sus \nexportaciones caer\u00e1n y un 31% espera que suban, mientras que el 41% de \nlos importadores lo har\u00e1n por una cantidad menor.<\/p>\n\n\n\n<p class=\"wp-block-paragraph\">Otro indicador relevante est\u00e1 relacionado a la capacidad instalado de  las f\u00e1bricas, es decir, cu\u00e1nto se aprovecha del potencial total de  producci\u00f3n de un establecimiento. En ese sentido, el 52% de los  encuestados no espera cambios y un 39% que la utilizaci\u00f3n caiga. Solo un  9% proyecta usufructuar m\u00e1s su capital de trabajo.<\/p>\n\n\n\n<p class=\"wp-block-paragraph\">En el rubro dotaci\u00f3n de personal, poco menos de un tercio, un 29,2%, \nanticipa una disminuci\u00f3n, mientras que solamente un 7% proyecta un \naumento. Respecto a la cantidad de horas trabajadas del personal \nafectado al proceso productivo, 53,7% de las empresas no anticipa \ncambios; 38,4% anticipa una ca\u00edda; 7,9% anticipa un aumento.<\/p>\n\n\n\n<p class=\"wp-block-paragraph\">La decisi\u00f3n del Poder Ejecutivo de frenar la ejecuci\u00f3n de partidas de\n obra p\u00fablica y mantener activas solo aquellas licitaciones ya \nrealizadas bajo el esquema de Participaci\u00f3n P\u00fablico-Privada (PPP) ya \nhace pensar entre los ejecutivos del sector constructor que el 2019 ser\u00e1\n peor que el a\u00f1o que pas\u00f3. Y que incluso la destrucci\u00f3n de puestos de \ntrabajo del rubro se har\u00e1 m\u00e1s notorio en los pr\u00f3ximos meses.<\/p>\n\n\n\n<p class=\"wp-block-paragraph\">La expectativa medida en la encuesta del Indec muestra que \u00abel 54,0%  de las empresas que realizan obras privadas prev\u00e9 que el nivel de  actividad del sector disminuir\u00e1 durante los pr\u00f3ximos tres meses,  mientras que 42,0% estim\u00f3 que no cambiar\u00e1 y 4,0%, que aumentar\u00e1\u00bb.<\/p>\n\n\n\n<p class=\"wp-block-paragraph\">El informe de Indec diferencia aquellas empresas que se dedican \nprincipalmente a la obra p\u00fablica y aquellas que lo hacen a la obra \nprivada. En ese sentido, para aquellas ligadas a los proyectos de \ninfraestructura estatales, las perspectivas son incluso peores.<\/p>\n\n\n\n<p class=\"wp-block-paragraph\">El 62% de los ejecutivos que participaron de la encuesta creen que \ndisminuir\u00e1 la actividad. Y respecto a la dotaci\u00f3n de personal, m\u00e1s de la\n mitad (el 54%), ya admite que deber\u00e1 recortar su planta de empleados. \nPara las empresas m\u00e1s vinculadas al sector p\u00fablico, esa proporci\u00f3n es de\n 34%, m\u00e1s de un tercio.<\/p>\n\n\n\n<p class=\"wp-block-paragraph\">\u00abHay muchos factores que colaboraron para esta situaci\u00f3n en la \nconstrucci\u00f3n. Desde la causa de los cuadernos hasta el freno a los \nproyectos PPP, pero sin duda que la crisis financiera y el enorme parate\n de la econom\u00eda es la explicaci\u00f3n de la mayor parte de la ca\u00edda\u00bb, \nresumieron desde Camarco.<\/p>\n","protected":false},"excerpt":{"rendered":"<p>Los datos del INDEC reflejaron n\u00fameros muy preocupantes para las constructoras y f\u00e1bricas. La crisis laboral que golpe\u00f3 muy duramente a los argentinos en 2018 parece extenderse en 2019. Seg\u00fan los datos de Indec, un tercio de las constructoras y de las f\u00e1bricas prev\u00e9n achicar su plantel de empleados a causa de la recesi\u00f3n, reflejadas&hellip;<\/p>\n","protected":false},"author":1,"featured_media":83947,"comment_status":"open","ping_status":"open","sticky":false,"template":"","format":"standard","meta":{"footnotes":""},"categories":[9],"tags":[53,22023,300],"class_list":["post-83946","post","type-post","status-publish","format-standard","has-post-thumbnail","hentry","category-economia","tag-despidos","tag-economia","tag-recesion"],"_links":{"self":[{"href":"https:\/\/www.elsindical.com.ar\/notas\/wp-json\/wp\/v2\/posts\/83946","targetHints":{"allow":["GET"]}}],"collection":[{"href":"https:\/\/www.elsindical.com.ar\/notas\/wp-json\/wp\/v2\/posts"}],"about":[{"href":"https:\/\/www.elsindical.com.ar\/notas\/wp-json\/wp\/v2\/types\/post"}],"author":[{"embeddable":true,"href":"https:\/\/www.elsindical.com.ar\/notas\/wp-json\/wp\/v2\/users\/1"}],"replies":[{"embeddable":true,"href":"https:\/\/www.elsindical.com.ar\/notas\/wp-json\/wp\/v2\/comments?post=83946"}],"version-history":[{"count":1,"href":"https:\/\/www.elsindical.com.ar\/notas\/wp-json\/wp\/v2\/posts\/83946\/revisions"}],"predecessor-version":[{"id":83948,"href":"https:\/\/www.elsindical.com.ar\/notas\/wp-json\/wp\/v2\/posts\/83946\/revisions\/83948"}],"wp:featuredmedia":[{"embeddable":true,"href":"https:\/\/www.elsindical.com.ar\/notas\/wp-json\/wp\/v2\/media\/83947"}],"wp:attachment":[{"href":"https:\/\/www.elsindical.com.ar\/notas\/wp-json\/wp\/v2\/media?parent=83946"}],"wp:term":[{"taxonomy":"category","embeddable":true,"href":"https:\/\/www.elsindical.com.ar\/notas\/wp-json\/wp\/v2\/categories?post=83946"},{"taxonomy":"post_tag","embeddable":true,"href":"https:\/\/www.elsindical.com.ar\/notas\/wp-json\/wp\/v2\/tags?post=83946"}],"curies":[{"name":"wp","href":"https:\/\/api.w.org\/{rel}","templated":true}]}}