{"id":83875,"date":"2019-01-02T10:50:52","date_gmt":"2019-01-02T13:50:52","guid":{"rendered":"http:\/\/www.elsindical.com.ar\/notas\/?p=83875"},"modified":"2019-01-02T10:50:52","modified_gmt":"2019-01-02T13:50:52","slug":"avellaneda-tiros-en-plaza-mariano-moreno-sarandi","status":"publish","type":"post","link":"https:\/\/www.elsindical.com.ar\/notas\/avellaneda-tiros-en-plaza-mariano-moreno-sarandi\/","title":{"rendered":"Avellaneda: Tiros en Plaza Mariano Moreno, Sarand\u00ed"},"content":{"rendered":"\n<figure class=\"wp-block-image\"><img loading=\"lazy\" decoding=\"async\" width=\"387\" height=\"645\" src=\"http:\/\/www.elsindical.com.ar\/notas\/var\/www\/html\/notas\/wp-content\/uploads\/2019\/01\/Tiros-Plaza-Mariano-Moreno.jpg\" alt=\"\" class=\"wp-image-83876\" srcset=\"https:\/\/www.elsindical.com.ar\/notas\/var\/www\/html\/notas\/wp-content\/uploads\/2019\/01\/Tiros-Plaza-Mariano-Moreno.jpg 387w, https:\/\/www.elsindical.com.ar\/notas\/var\/www\/html\/notas\/wp-content\/uploads\/2019\/01\/Tiros-Plaza-Mariano-Moreno-180x300.jpg 180w\" sizes=\"auto, (max-width: 387px) 100vw, 387px\" \/><\/figure>\n\n\n\n<p class=\"wp-block-paragraph\">   Algo no funciona en Avellaneda, la seguridad no pasa por montar un operativo de control veh\u00edcular y durante un par de horas complicar el tr\u00e1nsito porque eso no mejora la inseguridad.<\/p>\n\n\n\n<p class=\"wp-block-paragraph\">Cuando ten\u00e9s a los vecinos durante un mes subiendo quejas de hechos delictivos que se repiten, especialmente contra trabajadores que son asaltados mientras esperan el colectivo para ir a trabajar y en lugar de ocuparte de la prevenci\u00f3n se te ocurre hacerte ver con controles de tr\u00e1nsito hay algo que no entendiste.<\/p>\n\n\n\n<p class=\"wp-block-paragraph\">Hace unos tres a\u00f1os que advertimos desde El Sindical los robos y otros delitos que se cometen en la zona de Sarand\u00ed que es lindera a las Plazas San Mart\u00edn y Mariano Moreno, plazas que adem\u00e1s han sido copadas por drogadictos, borrachos y lacras que se identifican con algunos clubes de la zona.<\/p>\n\n\n\n<p class=\"wp-block-paragraph\">No hace mucho, un vecino fue apu\u00f1alado por un sujeto que la justicia liber\u00f3  inmediatamente por entender que las lesiones no eran graves, la pregunta es, el Fiscal que permiti\u00f3 esta liberaci\u00f3n, \u00bfes, o se hace?, cualquier persona sana entiende que si alguien te ataca con un cuchillo, la intenci\u00f3n no es justamente la de causar lesiones leves y m\u00e1s a\u00fan, para liberar a alguien imputado de un delito se le requiere tenga domicilio fijo, en este caso el agresor adem\u00e1s de ser uruguayo es una persona en situaci\u00f3n de calle.<\/p>\n\n\n\n<p class=\"wp-block-paragraph\">Al relajo en la prevenci\u00f3n y la falta de ganas de trabajar policial, los hechos ocurren en jurisdicci\u00f3n de la comisar\u00eda 1ra de Avellaneda y el Jefe Distrital de Avellaneda Comisario Inspector Arga\u00f1ar\u00e1z, es el responsable de las comisar\u00edas y del Comando de Patrullas, es decir, es el primer responsable de lo que ocurre, no solo no ha sabido mejorar la inseguridad en la zona, sino que parece que espera a tener un muerto para moverse de su despacho y controlar, son pocas cuadras para ir a recorrer la zona.<\/p>\n\n\n\n<p class=\"wp-block-paragraph\">El otro punto de problema es la ineficiente tarea del Centro de Monitoreo Municipal de Avellaneda, que en el 90% de los hechos delictivos no tiene registro de lo ocurrido, es decir, se gasta millones en un centro que es ineficiente no por la tecnolog\u00eda, sino por su director y as\u00ed hasta los operadores. Con varias c\u00e1maras en la zona y en las plazas, es extra\u00f1o que no haya prevenci\u00f3n.<\/p>\n\n\n\n<p class=\"wp-block-paragraph\">Muy diferente ocurre en Lan\u00fas, donde por el trabajo del Centro de Monitoreo se pudo detener a un hombre que disparaba en una esquina de Lan\u00fas, en Avellaneda, el delincuente e idiota que dispara al interior de la plaza, sigue impune, burl\u00e1ndose de la ineptitud en la prevenci\u00f3n del delito que tiene Avellaneda, donde algunos incluso sospechan hay corrupci\u00f3n.<\/p>\n\n\n\n<iframe loading=\"lazy\" width=\"580\" height=\"420\" src=\"https:\/\/www.youtube.com\/embed\/1nrOl9t4cgg\" frameborder=\"0\" allow=\"accelerometer; autoplay; encrypted-media; gyroscope; picture-in-picture\" allowfullscreen><\/iframe>\n\n\n\n<p class=\"wp-block-paragraph\">Por Marcelo Ricardo Hawrylciw<\/p>\n","protected":false},"excerpt":{"rendered":"<p>Algo no funciona en Avellaneda, la seguridad no pasa por montar un operativo de control veh\u00edcular y durante un par de horas complicar el tr\u00e1nsito porque eso no mejora la inseguridad. Cuando ten\u00e9s a los vecinos durante un mes subiendo quejas de hechos delictivos que se repiten, especialmente contra trabajadores que son asaltados mientras esperan&hellip;<\/p>\n","protected":false},"author":1,"featured_media":83876,"comment_status":"open","ping_status":"open","sticky":false,"template":"","format":"standard","meta":{"footnotes":""},"categories":[10],"tags":[892,22020,23780,2330,1891],"class_list":["post-83875","post","type-post","status-publish","format-standard","has-post-thumbnail","hentry","category-editorial","tag-delitos","tag-denuncias","tag-plaza-mariano-moreno","tag-sarandi","tag-tiros"],"_links":{"self":[{"href":"https:\/\/www.elsindical.com.ar\/notas\/wp-json\/wp\/v2\/posts\/83875","targetHints":{"allow":["GET"]}}],"collection":[{"href":"https:\/\/www.elsindical.com.ar\/notas\/wp-json\/wp\/v2\/posts"}],"about":[{"href":"https:\/\/www.elsindical.com.ar\/notas\/wp-json\/wp\/v2\/types\/post"}],"author":[{"embeddable":true,"href":"https:\/\/www.elsindical.com.ar\/notas\/wp-json\/wp\/v2\/users\/1"}],"replies":[{"embeddable":true,"href":"https:\/\/www.elsindical.com.ar\/notas\/wp-json\/wp\/v2\/comments?post=83875"}],"version-history":[{"count":1,"href":"https:\/\/www.elsindical.com.ar\/notas\/wp-json\/wp\/v2\/posts\/83875\/revisions"}],"predecessor-version":[{"id":83877,"href":"https:\/\/www.elsindical.com.ar\/notas\/wp-json\/wp\/v2\/posts\/83875\/revisions\/83877"}],"wp:featuredmedia":[{"embeddable":true,"href":"https:\/\/www.elsindical.com.ar\/notas\/wp-json\/wp\/v2\/media\/83876"}],"wp:attachment":[{"href":"https:\/\/www.elsindical.com.ar\/notas\/wp-json\/wp\/v2\/media?parent=83875"}],"wp:term":[{"taxonomy":"category","embeddable":true,"href":"https:\/\/www.elsindical.com.ar\/notas\/wp-json\/wp\/v2\/categories?post=83875"},{"taxonomy":"post_tag","embeddable":true,"href":"https:\/\/www.elsindical.com.ar\/notas\/wp-json\/wp\/v2\/tags?post=83875"}],"curies":[{"name":"wp","href":"https:\/\/api.w.org\/{rel}","templated":true}]}}