{"id":83824,"date":"2018-12-31T11:41:40","date_gmt":"2018-12-31T14:41:40","guid":{"rendered":"http:\/\/www.elsindical.com.ar\/notas\/?p=83824"},"modified":"2018-12-31T11:41:40","modified_gmt":"2018-12-31T14:41:40","slug":"cordoba-hallan-craneo-de-una-joven-desaparecida-en-2014","status":"publish","type":"post","link":"https:\/\/www.elsindical.com.ar\/notas\/cordoba-hallan-craneo-de-una-joven-desaparecida-en-2014\/","title":{"rendered":"C\u00f3rdoba: Hallan cr\u00e1neo de una joven desaparecida en 2014"},"content":{"rendered":"\n<figure class=\"wp-block-image\"><img loading=\"lazy\" decoding=\"async\" width=\"970\" height=\"546\" src=\"http:\/\/www.elsindical.com.ar\/notas\/var\/www\/html\/notas\/wp-content\/uploads\/2018\/12\/Marisol-Reartes.jpg\" alt=\"\" class=\"wp-image-83825\" srcset=\"https:\/\/www.elsindical.com.ar\/notas\/var\/www\/html\/notas\/wp-content\/uploads\/2018\/12\/Marisol-Reartes.jpg 970w, https:\/\/www.elsindical.com.ar\/notas\/var\/www\/html\/notas\/wp-content\/uploads\/2018\/12\/Marisol-Reartes-300x169.jpg 300w, https:\/\/www.elsindical.com.ar\/notas\/var\/www\/html\/notas\/wp-content\/uploads\/2018\/12\/Marisol-Reartes-768x432.jpg 768w, https:\/\/www.elsindical.com.ar\/notas\/var\/www\/html\/notas\/wp-content\/uploads\/2018\/12\/Marisol-Reartes-500x281.jpg 500w, https:\/\/www.elsindical.com.ar\/notas\/var\/www\/html\/notas\/wp-content\/uploads\/2018\/12\/Marisol-Reartes-460x260.jpg 460w\" sizes=\"auto, (max-width: 970px) 100vw, 970px\" \/><\/figure>\n\n\n\n<p class=\"wp-block-paragraph\">Un examen de ADN confirm\u00f3 que la estructura \u00f3sea hallada en la zona del dique La Vi\u00f1a, en C\u00f3rdoba, es de <strong>Marisol\u00a0Reartes<\/strong>. La joven ten\u00eda 18 a\u00f1os cuando sali\u00f3 de su casa con su hija y no volvi\u00f3 m\u00e1s.<\/p>\n\n\n\n<p class=\"wp-block-paragraph\">En las \u00faltimas horas se confirm\u00f3 que un\u00a0cr\u00e1neo hallado a fines de octubre \u00faltimo en la zona del dique La Vi\u00f1a, en la provincia de C\u00f3rdoba, es de <strong>Marisol Reartes<\/strong>, la joven que estaba desaparecida junto a su hija desde febrero de 2014, cuando ten\u00eda 18 a\u00f1os.<\/p>\n\n\n\n<p class=\"wp-block-paragraph\">El fiscal <strong>Ra\u00fal Castro<\/strong>\n confirm\u00f3 a la prensa que el cotejo de ADN permiti\u00f3 la confirmaci\u00f3n, \nnoticia que la familia de la joven ya hab\u00eda dejado trascender. El caso \nse remonta a las 8.30 del 2 de febrero de 2014, cuando Marisol sali\u00f3 \ncaminando desde la casa de su madre, situada en el paraje Los Pozos, de \nTraslasierra, con rumbo a la ruta 14. Llevaba a su nena&nbsp;<strong>Luz Morena Oliva<\/strong>,\n de entonces 2 a\u00f1os en brazos, y nada que hiciera pensar que se \nmarchaba: ni dinero, ni documentos, ni ropa, ni la mamadera de la \ncriatura. Nunca m\u00e1s fueron vistas.<\/p>\n\n\n\n<p class=\"wp-block-paragraph\">En la mira est\u00e1 <strong>Juan Jos\u00e9 Mur\u00faa<\/strong> que a mediados de noviembre fue condenado a 38 a\u00f1os de prisi\u00f3n por el asesinato de <strong>Brenda Arias<\/strong>, cometido en 2009. El abogado <strong>Juan Jos\u00e9 Maidana<\/strong>, un investigador del Poder Judicial de C\u00f3rdoba  que colabor\u00f3 con la Polic\u00eda de San Luis en la investigaci\u00f3n por el  asesinato de Arias, en Villa del Carmen, sostuvo que el acusado de  homicidio no toleraba el rechazo de las mujeres. Y las dos v\u00edctimas lo  hab\u00edan rechazado.<\/p>\n\n\n\n<p class=\"wp-block-paragraph\">Hay unas cuantas coincidencias entre ambos \ncasos. Una es que Mur\u00faa las pretend\u00eda a ambas y las dos lo rechazaban. \nEn el caso de la chica puntana, porque \u00e9l era la pareja de una amiga de \nBrenda, <strong>Carolina Pereyra<\/strong>. En el caso de la cordobesa, porque \u00e9l ten\u00eda una relaci\u00f3n con la hermana de Marisol.<\/p>\n\n\n\n<p class=\"wp-block-paragraph\">Mur\u00faa\n es sospechado de enviar mensajes a las familias de ambas chicas para \nque se tranquilizaran. Los hac\u00eda como si fueran las v\u00edctimas quienes las\n enviaban. Marisol, despu\u00e9s de desaparecer, mand\u00f3 mensajes llamativos; \nen su caso, a trav\u00e9s de <em>Facebook<\/em>. <em>\u00abSupuestamente hab\u00eda puesto en el Face&nbsp;&#8216;estoy cansada, me quiero ir&#8217;, y hasta el otro d\u00eda hubo movimientos en el tel\u00e9fono\u00bb<\/em>, dijo <strong>Lorena Oliva<\/strong>, t\u00eda de Oliva.\n\n<\/p>\n","protected":false},"excerpt":{"rendered":"<p>Un examen de ADN confirm\u00f3 que la estructura \u00f3sea hallada en la zona del dique La Vi\u00f1a, en C\u00f3rdoba, es de Marisol\u00a0Reartes. La joven ten\u00eda 18 a\u00f1os cuando sali\u00f3 de su casa con su hija y no volvi\u00f3 m\u00e1s. En las \u00faltimas horas se confirm\u00f3 que un\u00a0cr\u00e1neo hallado a fines de octubre \u00faltimo en la&hellip;<\/p>\n","protected":false},"author":1,"featured_media":83825,"comment_status":"open","ping_status":"open","sticky":false,"template":"","format":"standard","meta":{"footnotes":""},"categories":[22],"tags":[1418,153,30141,30140],"class_list":["post-83824","post","type-post","status-publish","format-standard","has-post-thumbnail","hentry","category-policiales","tag-adn","tag-cordoba","tag-fiscal-raul-castro","tag-marisol-reartes"],"_links":{"self":[{"href":"https:\/\/www.elsindical.com.ar\/notas\/wp-json\/wp\/v2\/posts\/83824","targetHints":{"allow":["GET"]}}],"collection":[{"href":"https:\/\/www.elsindical.com.ar\/notas\/wp-json\/wp\/v2\/posts"}],"about":[{"href":"https:\/\/www.elsindical.com.ar\/notas\/wp-json\/wp\/v2\/types\/post"}],"author":[{"embeddable":true,"href":"https:\/\/www.elsindical.com.ar\/notas\/wp-json\/wp\/v2\/users\/1"}],"replies":[{"embeddable":true,"href":"https:\/\/www.elsindical.com.ar\/notas\/wp-json\/wp\/v2\/comments?post=83824"}],"version-history":[{"count":1,"href":"https:\/\/www.elsindical.com.ar\/notas\/wp-json\/wp\/v2\/posts\/83824\/revisions"}],"predecessor-version":[{"id":83826,"href":"https:\/\/www.elsindical.com.ar\/notas\/wp-json\/wp\/v2\/posts\/83824\/revisions\/83826"}],"wp:featuredmedia":[{"embeddable":true,"href":"https:\/\/www.elsindical.com.ar\/notas\/wp-json\/wp\/v2\/media\/83825"}],"wp:attachment":[{"href":"https:\/\/www.elsindical.com.ar\/notas\/wp-json\/wp\/v2\/media?parent=83824"}],"wp:term":[{"taxonomy":"category","embeddable":true,"href":"https:\/\/www.elsindical.com.ar\/notas\/wp-json\/wp\/v2\/categories?post=83824"},{"taxonomy":"post_tag","embeddable":true,"href":"https:\/\/www.elsindical.com.ar\/notas\/wp-json\/wp\/v2\/tags?post=83824"}],"curies":[{"name":"wp","href":"https:\/\/api.w.org\/{rel}","templated":true}]}}