{"id":83793,"date":"2018-12-29T14:13:57","date_gmt":"2018-12-29T17:13:57","guid":{"rendered":"http:\/\/www.elsindical.com.ar\/notas\/?p=83793"},"modified":"2018-12-29T14:13:57","modified_gmt":"2018-12-29T17:13:57","slug":"siam-la-justicia-ordeno-la-reincorporacion-de-delegada-alejandra-vercellino","status":"publish","type":"post","link":"https:\/\/www.elsindical.com.ar\/notas\/siam-la-justicia-ordeno-la-reincorporacion-de-delegada-alejandra-vercellino\/","title":{"rendered":"SIAM: la justicia orden\u00f3 la reincorporaci\u00f3n de delegada Alejandra Vercellino"},"content":{"rendered":"\n<figure class=\"wp-block-image\"><img loading=\"lazy\" decoding=\"async\" width=\"880\" height=\"540\" src=\"http:\/\/www.elsindical.com.ar\/notas\/var\/www\/html\/notas\/wp-content\/uploads\/2018\/12\/Siam-Ale-en-marcha.jpg\" alt=\"\" class=\"wp-image-83794\" srcset=\"https:\/\/www.elsindical.com.ar\/notas\/var\/www\/html\/notas\/wp-content\/uploads\/2018\/12\/Siam-Ale-en-marcha.jpg 880w, https:\/\/www.elsindical.com.ar\/notas\/var\/www\/html\/notas\/wp-content\/uploads\/2018\/12\/Siam-Ale-en-marcha-300x184.jpg 300w, https:\/\/www.elsindical.com.ar\/notas\/var\/www\/html\/notas\/wp-content\/uploads\/2018\/12\/Siam-Ale-en-marcha-768x471.jpg 768w, https:\/\/www.elsindical.com.ar\/notas\/var\/www\/html\/notas\/wp-content\/uploads\/2018\/12\/Siam-Ale-en-marcha-489x300.jpg 489w\" sizes=\"auto, (max-width: 880px) 100vw, 880px\" \/><\/figure>\n\n\n\n<p><strong>\u00a1La justicia orden\u00f3 la reinstalaci\u00f3n de nuestra delegada Alejandra! \u00a1Exigimos que la empresa cumpla la orden inmediatamente!\u00a0<\/strong><\/p>\n\n\n\n<p>Con\n nuestra lucha logramos la reincorporaci\u00f3n de siete despedidos y \ndespedidas. Ahora hemos logrado un fallo del Juzgado laboral N\u00b041 que \nordena la reinstalaci\u00f3n de nuestra compa\u00f1era delegada Alejandra \nVercellino a su puesto de trabajo. Es un nuevo paso muy importante para \nseguir nuestro reclamo de que entren todos, que tiene que hacerse \nefectivo. La&nbsp;empresa no puede seguir incumpliendo la ley.<\/p>\n\n\n\n<p>Venimos\n denunciando que esta empresa del Grupo Newsan redujo su personal con \n165 despidos directos y encubiertos bajo la forma de retiros voluntarios\n y que los \u00faltimos despedidos fuimos quienes hemos estado a la cabeza de\n resistir los atropellos de la empresa y su intento de vaciamiento, \nincumpliendo con la ley 14.504 donde se compromet\u00eda a mantener y ampliar\n a 600 los puestos de trabajo de una planta que es de utilidad p\u00fablica. \nEntre quienes fuimos despedidos estamos los delegados y delegadas \nelegidos democr\u00e1ticamente dado que la UOM no convocaba elecciones, la \ncomisi\u00f3n de prensa, y compa\u00f1eros y compa\u00f1eras que p\u00fablicamente \ndefendimos los derechos de los trabajadores, que nos organizamos contra \nlos abusos y acosos adentro de la planta y que las mujeres puedan tener \nigual categor\u00eda que los varones.<br><\/p>\n\n\n\n<p>Las\n trabajadoras y trabajadores de Siam estamos orgullosos de esta nueva \nconquista porque no queremos m\u00e1s familias en calle, discriminaci\u00f3n y \natropellos. Pilisar S.A. no puede seguir incumpliendo las leyes como \nviene haciendo con la ley provincial y la violaci\u00f3n que hizo de la \nConciliaci\u00f3n Obligatoria. Exigimos el cumplimiento inmediato de la \nmedida cautelar por parte de Pilisar S.A &#8211; Siam y nos vamos a encontrar \nen estado de alerta hasta tanto nuestra compa\u00f1era este reinstalada en su\n puesto de trabajo y cumpliendo sus tareas gremiales como ordena la \njusticia y hasta que todos nosotros volvamos a ingresar.<\/p>\n\n\n\n<p><strong>Trabajadoras y trabajadores de Siam en lucha<\/strong><\/p>\n","protected":false},"excerpt":{"rendered":"<p>\u00a1La justicia orden\u00f3 la reinstalaci\u00f3n de nuestra delegada Alejandra! \u00a1Exigimos que la empresa cumpla la orden inmediatamente!\u00a0 Con nuestra lucha logramos la reincorporaci\u00f3n de siete despedidos y despedidas. Ahora hemos logrado un fallo del Juzgado laboral N\u00b041 que ordena la reinstalaci\u00f3n de nuestra compa\u00f1era delegada Alejandra Vercellino a su puesto de trabajo. Es un nuevo&hellip;<\/p>\n","protected":false},"author":1,"featured_media":83794,"comment_status":"open","ping_status":"open","sticky":false,"template":"","format":"standard","meta":{"footnotes":""},"categories":[16],"tags":[30134,30136,30135,17260],"class_list":["post-83793","post","type-post","status-publish","format-standard","has-post-thumbnail","hentry","category-gremiales","tag-alejandra-vercellino","tag-juzgado-laboral","tag-reinstalacion","tag-siam"],"_links":{"self":[{"href":"https:\/\/www.elsindical.com.ar\/notas\/wp-json\/wp\/v2\/posts\/83793","targetHints":{"allow":["GET"]}}],"collection":[{"href":"https:\/\/www.elsindical.com.ar\/notas\/wp-json\/wp\/v2\/posts"}],"about":[{"href":"https:\/\/www.elsindical.com.ar\/notas\/wp-json\/wp\/v2\/types\/post"}],"author":[{"embeddable":true,"href":"https:\/\/www.elsindical.com.ar\/notas\/wp-json\/wp\/v2\/users\/1"}],"replies":[{"embeddable":true,"href":"https:\/\/www.elsindical.com.ar\/notas\/wp-json\/wp\/v2\/comments?post=83793"}],"version-history":[{"count":1,"href":"https:\/\/www.elsindical.com.ar\/notas\/wp-json\/wp\/v2\/posts\/83793\/revisions"}],"predecessor-version":[{"id":83795,"href":"https:\/\/www.elsindical.com.ar\/notas\/wp-json\/wp\/v2\/posts\/83793\/revisions\/83795"}],"wp:featuredmedia":[{"embeddable":true,"href":"https:\/\/www.elsindical.com.ar\/notas\/wp-json\/wp\/v2\/media\/83794"}],"wp:attachment":[{"href":"https:\/\/www.elsindical.com.ar\/notas\/wp-json\/wp\/v2\/media?parent=83793"}],"wp:term":[{"taxonomy":"category","embeddable":true,"href":"https:\/\/www.elsindical.com.ar\/notas\/wp-json\/wp\/v2\/categories?post=83793"},{"taxonomy":"post_tag","embeddable":true,"href":"https:\/\/www.elsindical.com.ar\/notas\/wp-json\/wp\/v2\/tags?post=83793"}],"curies":[{"name":"wp","href":"https:\/\/api.w.org\/{rel}","templated":true}]}}