{"id":83671,"date":"2018-12-25T15:10:50","date_gmt":"2018-12-25T18:10:50","guid":{"rendered":"http:\/\/www.elsindical.com.ar\/notas\/?p=83671"},"modified":"2018-12-25T15:10:50","modified_gmt":"2018-12-25T18:10:50","slug":"avellaneda-vecinos-cansados-de-la-inseguridad-critican-a-vidal-y-ritondo","status":"publish","type":"post","link":"https:\/\/www.elsindical.com.ar\/notas\/avellaneda-vecinos-cansados-de-la-inseguridad-critican-a-vidal-y-ritondo\/","title":{"rendered":"Avellaneda: Vecinos cansados de la inseguridad critican a Vidal y Ritondo"},"content":{"rendered":"\n<figure class=\"wp-block-image\"><img loading=\"lazy\" decoding=\"async\" width=\"1024\" height=\"624\" src=\"http:\/\/www.elsindical.com.ar\/notas\/var\/www\/html\/notas\/wp-content\/uploads\/2018\/12\/ladr\u00f3n-detenido-por-vecinos-en-Wilde-1024x624.jpg\" alt=\"\" class=\"wp-image-83672\" srcset=\"https:\/\/www.elsindical.com.ar\/notas\/var\/www\/html\/notas\/wp-content\/uploads\/2018\/12\/ladr\u00f3n-detenido-por-vecinos-en-Wilde-1024x624.jpg 1024w, https:\/\/www.elsindical.com.ar\/notas\/var\/www\/html\/notas\/wp-content\/uploads\/2018\/12\/ladr\u00f3n-detenido-por-vecinos-en-Wilde-300x183.jpg 300w, https:\/\/www.elsindical.com.ar\/notas\/var\/www\/html\/notas\/wp-content\/uploads\/2018\/12\/ladr\u00f3n-detenido-por-vecinos-en-Wilde-768x468.jpg 768w, https:\/\/www.elsindical.com.ar\/notas\/var\/www\/html\/notas\/wp-content\/uploads\/2018\/12\/ladr\u00f3n-detenido-por-vecinos-en-Wilde-492x300.jpg 492w, https:\/\/www.elsindical.com.ar\/notas\/var\/www\/html\/notas\/wp-content\/uploads\/2018\/12\/ladr\u00f3n-detenido-por-vecinos-en-Wilde.jpg 1140w\" sizes=\"auto, (max-width: 1024px) 100vw, 1024px\" \/><\/figure>\n\n\n\n<p>  Cada vez m\u00e1s vecinos del partido de Avellaneda, se quejan en las redes sociales y en los medios locales de la incesante creciente en los hechos de inseguridad, a pesar de las promesas de mejorar el trabajo policial.<\/p>\n\n\n\n<p>Ni Mar\u00eda Eugenia Vidal como gobernadora de la provincia de Buenos Aires, ni Cristian Ritondo como Ministro de Seguridad, han podido mejorar las estad\u00edsticas de delitos y v\u00edctimas en la provincia de Buenos Aires.<\/p>\n\n\n\n<p>Las inversiones millonarias en el \u00e1rea, as\u00ed como el env\u00edo de m\u00e1s polic\u00edas no han dado los resultados esperados, en parte por la situaci\u00f3n econ\u00f3mica y en gran parte por el deficiente criterio en las pol\u00edticas de seguridad, desde el comienzo de la gesti\u00f3n Vial-Ritondo, el Diario El Sindical ha sido el \u00fanico medio que afirm\u00f3 iba a ser un rotundo fracaso la gesti\u00f3n de Ritondo.<\/p>\n\n\n\n<p>Si bien partidos como Quilmes siguen sin mejorar la seguridad a pesar del env\u00edo de m\u00f3viles y polic\u00edas, al igual que Lan\u00fas mimados por ser del mismo espacio pol\u00edtico, en Avellaneda los vecinos se han cansado, ya no alcanza con estar mejor en las estad\u00edsticas, la gente quiere seguridad y que si no hay prevenci\u00f3n posible, por lo menos lleguen en un tiempo razonable.<\/p>\n\n\n\n<p>Los \u00faltimos hechos policiales que incluso han llegado a los medios televisivos y grandes diarios tienen que ver con arrestos civiles, algunos linchamientos y vecinos reclamando por las demoras de la polic\u00eda en llegar al lugar de los hechos.<\/p>\n\n\n\n<p>Los intentos del intendente Jorge Ferraresi por mejorar la seguridad con la presencia de los Cuidadores Ciudadanos ha generado un mayoritario rechazo y poca efectividad, en primer lugar porque el responsable de los j\u00f3venes ha demostrado ser un completo in\u00fatil en su paso por la Polic\u00eda Local y por otro porque es repudiado por casi todos los vecinos por su forma de dirigirse a ellos en las reuniones que participo como miembro de la Secretar\u00eda de Seguridad.<\/p>\n\n\n\n<p>Las quejas no escuchadas de los vecinos por parte de las autoridades municipales sobre lugares que funcionan sin habilitaci\u00f3n y que re\u00fanen a conocidos delincuentes barriales ha generado la excusa perfecta para que la polic\u00eda tampoco haga algo, as\u00ed parecer\u00eda que algunas clausuras policiales solo se hacen para la estad\u00edstica y la foto, mientras que otros gozan de una \u00abprotecci\u00f3n\u00bb donde nadie los controla.<\/p>\n\n\n\n<p>Todo lo que no se hace desde la polic\u00eda es el principal motivo de enojo de los  vecinos que ahora no dudan en quejarse contra Mar\u00eda Eugenia Vidal y Cristian Ritondo por la mala gesti\u00f3n en seguridad. sabiendo que la polic\u00eda tanto de la provincia como la Local dependen de la gobernadora y las cosas no funcionan bien, incluso en las redes y medios locales suben fotos de los lugares m\u00e1s conflictivos.<\/p>\n\n\n\n<ul class=\"wp-block-gallery columns-2 is-cropped wp-block-gallery-1 is-layout-flex wp-block-gallery-is-layout-flex\"><li class=\"blocks-gallery-item\"><figure><img loading=\"lazy\" decoding=\"async\" width=\"1024\" height=\"576\" src=\"http:\/\/www.elsindical.com.ar\/notas\/var\/www\/html\/notas\/wp-content\/uploads\/2018\/12\/denuncia-zona-de-arrebatos-Avellaneda-1024x576.jpg\" alt=\"\" data-id=\"83673\" data-link=\"http:\/\/www.elsindical.com.ar\/notas\/?attachment_id=83673#main\" class=\"wp-image-83673\" srcset=\"https:\/\/www.elsindical.com.ar\/notas\/var\/www\/html\/notas\/wp-content\/uploads\/2018\/12\/denuncia-zona-de-arrebatos-Avellaneda-1024x576.jpg 1024w, https:\/\/www.elsindical.com.ar\/notas\/var\/www\/html\/notas\/wp-content\/uploads\/2018\/12\/denuncia-zona-de-arrebatos-Avellaneda-300x169.jpg 300w, https:\/\/www.elsindical.com.ar\/notas\/var\/www\/html\/notas\/wp-content\/uploads\/2018\/12\/denuncia-zona-de-arrebatos-Avellaneda-768x432.jpg 768w, https:\/\/www.elsindical.com.ar\/notas\/var\/www\/html\/notas\/wp-content\/uploads\/2018\/12\/denuncia-zona-de-arrebatos-Avellaneda-500x281.jpg 500w, https:\/\/www.elsindical.com.ar\/notas\/var\/www\/html\/notas\/wp-content\/uploads\/2018\/12\/denuncia-zona-de-arrebatos-Avellaneda-460x260.jpg 460w, https:\/\/www.elsindical.com.ar\/notas\/var\/www\/html\/notas\/wp-content\/uploads\/2018\/12\/denuncia-zona-de-arrebatos-Avellaneda.jpg 1366w\" sizes=\"auto, (max-width: 1024px) 100vw, 1024px\" \/><\/figure><\/li><li class=\"blocks-gallery-item\"><figure><img loading=\"lazy\" decoding=\"async\" width=\"480\" height=\"360\" src=\"http:\/\/www.elsindical.com.ar\/notas\/var\/www\/html\/notas\/wp-content\/uploads\/2018\/12\/ladr\u00f3n-detenido-por-vecinos-en-Avellaneda-Centro.jpg\" alt=\"\" data-id=\"83674\" data-link=\"http:\/\/www.elsindical.com.ar\/notas\/?attachment_id=83674#main\" class=\"wp-image-83674\" srcset=\"https:\/\/www.elsindical.com.ar\/notas\/var\/www\/html\/notas\/wp-content\/uploads\/2018\/12\/ladr\u00f3n-detenido-por-vecinos-en-Avellaneda-Centro.jpg 480w, https:\/\/www.elsindical.com.ar\/notas\/var\/www\/html\/notas\/wp-content\/uploads\/2018\/12\/ladr\u00f3n-detenido-por-vecinos-en-Avellaneda-Centro-300x225.jpg 300w, https:\/\/www.elsindical.com.ar\/notas\/var\/www\/html\/notas\/wp-content\/uploads\/2018\/12\/ladr\u00f3n-detenido-por-vecinos-en-Avellaneda-Centro-400x300.jpg 400w\" sizes=\"auto, (max-width: 480px) 100vw, 480px\" \/><\/figure><\/li><li class=\"blocks-gallery-item\"><figure><img loading=\"lazy\" decoding=\"async\" width=\"501\" height=\"836\" src=\"http:\/\/www.elsindical.com.ar\/notas\/var\/www\/html\/notas\/wp-content\/uploads\/2018\/12\/queja-vecinos-por-la-inseguridad.jpg\" alt=\"\" data-id=\"83675\" data-link=\"http:\/\/www.elsindical.com.ar\/notas\/?attachment_id=83675#main\" class=\"wp-image-83675\" srcset=\"https:\/\/www.elsindical.com.ar\/notas\/var\/www\/html\/notas\/wp-content\/uploads\/2018\/12\/queja-vecinos-por-la-inseguridad.jpg 501w, https:\/\/www.elsindical.com.ar\/notas\/var\/www\/html\/notas\/wp-content\/uploads\/2018\/12\/queja-vecinos-por-la-inseguridad-180x300.jpg 180w\" sizes=\"auto, (max-width: 501px) 100vw, 501px\" \/><\/figure><\/li><\/ul>\n\n\n\n<p><strong>Por Marcelo Ricardo Hawrylciw<\/strong><\/p>\n\n\n\n<p><\/p>\n","protected":false},"excerpt":{"rendered":"<p>Cada vez m\u00e1s vecinos del partido de Avellaneda, se quejan en las redes sociales y en los medios locales de la incesante creciente en los hechos de inseguridad, a pesar de las promesas de mejorar el trabajo policial. Ni Mar\u00eda Eugenia Vidal como gobernadora de la provincia de Buenos Aires, ni Cristian Ritondo como Ministro&hellip;<\/p>\n","protected":false},"author":1,"featured_media":83672,"comment_status":"open","ping_status":"open","sticky":false,"template":"","format":"standard","meta":{"footnotes":""},"categories":[10],"tags":[984,7265,30],"class_list":["post-83671","post","type-post","status-publish","format-standard","has-post-thumbnail","hentry","category-editorial","tag-inseguridad","tag-maria-eugenia-vidal","tag-policia"],"_links":{"self":[{"href":"https:\/\/www.elsindical.com.ar\/notas\/wp-json\/wp\/v2\/posts\/83671","targetHints":{"allow":["GET"]}}],"collection":[{"href":"https:\/\/www.elsindical.com.ar\/notas\/wp-json\/wp\/v2\/posts"}],"about":[{"href":"https:\/\/www.elsindical.com.ar\/notas\/wp-json\/wp\/v2\/types\/post"}],"author":[{"embeddable":true,"href":"https:\/\/www.elsindical.com.ar\/notas\/wp-json\/wp\/v2\/users\/1"}],"replies":[{"embeddable":true,"href":"https:\/\/www.elsindical.com.ar\/notas\/wp-json\/wp\/v2\/comments?post=83671"}],"version-history":[{"count":1,"href":"https:\/\/www.elsindical.com.ar\/notas\/wp-json\/wp\/v2\/posts\/83671\/revisions"}],"predecessor-version":[{"id":83676,"href":"https:\/\/www.elsindical.com.ar\/notas\/wp-json\/wp\/v2\/posts\/83671\/revisions\/83676"}],"wp:featuredmedia":[{"embeddable":true,"href":"https:\/\/www.elsindical.com.ar\/notas\/wp-json\/wp\/v2\/media\/83672"}],"wp:attachment":[{"href":"https:\/\/www.elsindical.com.ar\/notas\/wp-json\/wp\/v2\/media?parent=83671"}],"wp:term":[{"taxonomy":"category","embeddable":true,"href":"https:\/\/www.elsindical.com.ar\/notas\/wp-json\/wp\/v2\/categories?post=83671"},{"taxonomy":"post_tag","embeddable":true,"href":"https:\/\/www.elsindical.com.ar\/notas\/wp-json\/wp\/v2\/tags?post=83671"}],"curies":[{"name":"wp","href":"https:\/\/api.w.org\/{rel}","templated":true}]}}