{"id":83666,"date":"2018-12-25T11:59:41","date_gmt":"2018-12-25T14:59:41","guid":{"rendered":"http:\/\/www.elsindical.com.ar\/notas\/?p=83666"},"modified":"2018-12-25T11:59:41","modified_gmt":"2018-12-25T14:59:41","slug":"lomas-de-zamora-el-nuncio-apostolico-visito-la-unidad-penal-n-40","status":"publish","type":"post","link":"https:\/\/www.elsindical.com.ar\/notas\/lomas-de-zamora-el-nuncio-apostolico-visito-la-unidad-penal-n-40\/","title":{"rendered":"Lomas de Zamora: El Nuncio Apost\u00f3lico visit\u00f3 la Unidad Penal N\u00b0 40"},"content":{"rendered":"\n<figure class=\"wp-block-image\"><img loading=\"lazy\" decoding=\"async\" width=\"1024\" height=\"614\" src=\"http:\/\/www.elsindical.com.ar\/notas\/var\/www\/html\/notas\/wp-content\/uploads\/2018\/12\/WhatsApp-Image-2018-12-21-at-10.38.10-1024x614.jpeg\" alt=\"\" class=\"wp-image-83667\" srcset=\"https:\/\/www.elsindical.com.ar\/notas\/var\/www\/html\/notas\/wp-content\/uploads\/2018\/12\/WhatsApp-Image-2018-12-21-at-10.38.10-1024x614.jpeg 1024w, https:\/\/www.elsindical.com.ar\/notas\/var\/www\/html\/notas\/wp-content\/uploads\/2018\/12\/WhatsApp-Image-2018-12-21-at-10.38.10-300x180.jpeg 300w, https:\/\/www.elsindical.com.ar\/notas\/var\/www\/html\/notas\/wp-content\/uploads\/2018\/12\/WhatsApp-Image-2018-12-21-at-10.38.10-768x461.jpeg 768w, https:\/\/www.elsindical.com.ar\/notas\/var\/www\/html\/notas\/wp-content\/uploads\/2018\/12\/WhatsApp-Image-2018-12-21-at-10.38.10-500x300.jpeg 500w, https:\/\/www.elsindical.com.ar\/notas\/var\/www\/html\/notas\/wp-content\/uploads\/2018\/12\/WhatsApp-Image-2018-12-21-at-10.38.10.jpeg 1280w\" sizes=\"auto, (max-width: 1024px) 100vw, 1024px\" \/><\/figure>\n\n\n\n<p>  En las v\u00edsperas de la Navidad, el Nuncio Apost\u00f3lico Monse\u00f1or Le\u00f3n Kalenga Badikebele junto a otras autoridades de la Iglesia, como el Obispo Auxiliar Monse\u00f1or Garc\u00eda Cuerva, Obispo de Lomas de Zamora Monse\u00f1or Lugones, representantes de la pol\u00edtica, el Jefe del SPB Xavier Areses y de la justicia como el Juez Conti, adem\u00e1s de autoridades del SPB.<\/p>\n\n\n\n<p>Recorrieron las instalaciones de la Unidad Penal y compartieron algunos minutos con internos de los pabellones 3 y 7, este \u00faltimo donde el Juez Roberto Conti junto a su equipo de trabajo lleva adelante un taller de literatura y filosof\u00eda, pasaron por el pabell\u00f3n 8 de deportistas.<\/p>\n\n\n\n<p>Estuvo presente el Jefe del Servicio, a quien el Nuncio le transmiti\u00f3 su dolor por la juventud de los internos y su condici\u00f3n econ\u00f3mica en general, destac\u00f3 el trabajo de los efectivos del SPB que prestan servicios en la Unidad 40 por el trabajo que realizan, la limpieza del lugar a pesar de las limitaciones y todo lo que se hace para resocializar a los internos.<\/p>\n\n\n\n<p>El Nuncio se comprometi\u00f3 a transmitir su experiencia al Papa Francisco, quien dijo que en su viaje a la Argentina se incluir\u00e1 la visita al Papa a la unidad entre otros objetivos.<\/p>\n\n\n\n<ul class=\"wp-block-gallery columns-2 is-cropped wp-block-gallery-1 is-layout-flex wp-block-gallery-is-layout-flex\"><li class=\"blocks-gallery-item\"><figure><img loading=\"lazy\" decoding=\"async\" width=\"1024\" height=\"768\" src=\"http:\/\/www.elsindical.com.ar\/notas\/var\/www\/html\/notas\/wp-content\/uploads\/2018\/12\/WhatsApp-Image-2018-12-21-at-10.44.32-1024x768.jpeg\" alt=\"\" data-id=\"83668\" data-link=\"http:\/\/www.elsindical.com.ar\/notas\/?attachment_id=83668#main\" class=\"wp-image-83668\" srcset=\"https:\/\/www.elsindical.com.ar\/notas\/var\/www\/html\/notas\/wp-content\/uploads\/2018\/12\/WhatsApp-Image-2018-12-21-at-10.44.32-1024x768.jpeg 1024w, https:\/\/www.elsindical.com.ar\/notas\/var\/www\/html\/notas\/wp-content\/uploads\/2018\/12\/WhatsApp-Image-2018-12-21-at-10.44.32-300x225.jpeg 300w, https:\/\/www.elsindical.com.ar\/notas\/var\/www\/html\/notas\/wp-content\/uploads\/2018\/12\/WhatsApp-Image-2018-12-21-at-10.44.32-768x576.jpeg 768w, https:\/\/www.elsindical.com.ar\/notas\/var\/www\/html\/notas\/wp-content\/uploads\/2018\/12\/WhatsApp-Image-2018-12-21-at-10.44.32-400x300.jpeg 400w, https:\/\/www.elsindical.com.ar\/notas\/var\/www\/html\/notas\/wp-content\/uploads\/2018\/12\/WhatsApp-Image-2018-12-21-at-10.44.32.jpeg 1040w\" sizes=\"auto, (max-width: 1024px) 100vw, 1024px\" \/><\/figure><\/li><li class=\"blocks-gallery-item\"><figure><img loading=\"lazy\" decoding=\"async\" width=\"1024\" height=\"768\" src=\"http:\/\/www.elsindical.com.ar\/notas\/var\/www\/html\/notas\/wp-content\/uploads\/2018\/12\/WhatsApp-Image-2018-12-21-at-10.44.31-1024x768.jpeg\" alt=\"\" data-id=\"83669\" data-link=\"http:\/\/www.elsindical.com.ar\/notas\/?attachment_id=83669#main\" class=\"wp-image-83669\" srcset=\"https:\/\/www.elsindical.com.ar\/notas\/var\/www\/html\/notas\/wp-content\/uploads\/2018\/12\/WhatsApp-Image-2018-12-21-at-10.44.31-1024x768.jpeg 1024w, https:\/\/www.elsindical.com.ar\/notas\/var\/www\/html\/notas\/wp-content\/uploads\/2018\/12\/WhatsApp-Image-2018-12-21-at-10.44.31-300x225.jpeg 300w, https:\/\/www.elsindical.com.ar\/notas\/var\/www\/html\/notas\/wp-content\/uploads\/2018\/12\/WhatsApp-Image-2018-12-21-at-10.44.31-768x576.jpeg 768w, https:\/\/www.elsindical.com.ar\/notas\/var\/www\/html\/notas\/wp-content\/uploads\/2018\/12\/WhatsApp-Image-2018-12-21-at-10.44.31-400x300.jpeg 400w, https:\/\/www.elsindical.com.ar\/notas\/var\/www\/html\/notas\/wp-content\/uploads\/2018\/12\/WhatsApp-Image-2018-12-21-at-10.44.31.jpeg 1032w\" sizes=\"auto, (max-width: 1024px) 100vw, 1024px\" \/><\/figure><\/li><\/ul>\n\n\n\n<iframe loading=\"lazy\" width=\"580\" height=\"420\" src=\"https:\/\/www.youtube.com\/embed\/z_z7hbe8LYY\" frameborder=\"0\" allow=\"accelerometer; autoplay; encrypted-media; gyroscope; picture-in-picture\" allowfullscreen><\/iframe>\n<iframe loading=\"lazy\" width=\"580\" height=\"420\" src=\"https:\/\/www.youtube.com\/embed\/BMaX8ol6eus\" frameborder=\"0\" allow=\"accelerometer; autoplay; encrypted-media; gyroscope; picture-in-picture\" allowfullscreen><\/iframe>\n","protected":false},"excerpt":{"rendered":"<p>En las v\u00edsperas de la Navidad, el Nuncio Apost\u00f3lico Monse\u00f1or Le\u00f3n Kalenga Badikebele junto a otras autoridades de la Iglesia, como el Obispo Auxiliar Monse\u00f1or Garc\u00eda Cuerva, Obispo de Lomas de Zamora Monse\u00f1or Lugones, representantes de la pol\u00edtica, el Jefe del SPB Xavier Areses y de la justicia como el Juez Conti, adem\u00e1s de autoridades&hellip;<\/p>\n","protected":false},"author":1,"featured_media":83667,"comment_status":"open","ping_status":"open","sticky":false,"template":"","format":"standard","meta":{"footnotes":""},"categories":[19],"tags":[30102,30103,30104,1544,25566],"class_list":["post-83666","post","type-post","status-publish","format-standard","has-post-thumbnail","hentry","category-intramuros","tag-nuncio-apostolico-monsenor-leon-kalenga-badikebele","tag-obispo-auxiliar-monsenor-garcia-cuerva","tag-obispo-monsenor-lugones","tag-spb","tag-unidad-penal-40"],"_links":{"self":[{"href":"https:\/\/www.elsindical.com.ar\/notas\/wp-json\/wp\/v2\/posts\/83666","targetHints":{"allow":["GET"]}}],"collection":[{"href":"https:\/\/www.elsindical.com.ar\/notas\/wp-json\/wp\/v2\/posts"}],"about":[{"href":"https:\/\/www.elsindical.com.ar\/notas\/wp-json\/wp\/v2\/types\/post"}],"author":[{"embeddable":true,"href":"https:\/\/www.elsindical.com.ar\/notas\/wp-json\/wp\/v2\/users\/1"}],"replies":[{"embeddable":true,"href":"https:\/\/www.elsindical.com.ar\/notas\/wp-json\/wp\/v2\/comments?post=83666"}],"version-history":[{"count":1,"href":"https:\/\/www.elsindical.com.ar\/notas\/wp-json\/wp\/v2\/posts\/83666\/revisions"}],"predecessor-version":[{"id":83670,"href":"https:\/\/www.elsindical.com.ar\/notas\/wp-json\/wp\/v2\/posts\/83666\/revisions\/83670"}],"wp:featuredmedia":[{"embeddable":true,"href":"https:\/\/www.elsindical.com.ar\/notas\/wp-json\/wp\/v2\/media\/83667"}],"wp:attachment":[{"href":"https:\/\/www.elsindical.com.ar\/notas\/wp-json\/wp\/v2\/media?parent=83666"}],"wp:term":[{"taxonomy":"category","embeddable":true,"href":"https:\/\/www.elsindical.com.ar\/notas\/wp-json\/wp\/v2\/categories?post=83666"},{"taxonomy":"post_tag","embeddable":true,"href":"https:\/\/www.elsindical.com.ar\/notas\/wp-json\/wp\/v2\/tags?post=83666"}],"curies":[{"name":"wp","href":"https:\/\/api.w.org\/{rel}","templated":true}]}}