{"id":8360,"date":"2010-08-07T01:26:25","date_gmt":"2010-08-07T04:26:25","guid":{"rendered":"http:\/\/www.elsindical.com.ar\/notas\/?p=8360"},"modified":"2010-08-07T01:26:25","modified_gmt":"2010-08-07T04:26:25","slug":"aumento-del-21-al-personal-militar-y-policial","status":"publish","type":"post","link":"https:\/\/www.elsindical.com.ar\/notas\/aumento-del-21-al-personal-militar-y-policial\/","title":{"rendered":"Aumento del 21% al personal militar y policial"},"content":{"rendered":"<p style=\"text-align: justify;\"><a href=\"http:\/\/www.elsindical.com.ar\/notas\/var\/www\/html\/notas\/wp-content\/uploads\/2010\/07\/polic\u00eda-federal-gen\u00e9rico1.jpg\"><img loading=\"lazy\" decoding=\"async\" class=\"alignleft size-full wp-image-8118\" title=\"polic\u00eda-federal-gen\u00e9rico\" src=\"http:\/\/www.elsindical.com.ar\/notas\/var\/www\/html\/notas\/wp-content\/uploads\/2010\/07\/polic\u00eda-federal-gen\u00e9rico1.jpg\" alt=\"\" width=\"198\" height=\"226\" \/><\/a>El Poder Ejecutivo Nacional oficializ\u00f3 a trav\u00e9s de la publicaci\u00f3n en el Bolet\u00edn Oficial de los incrementos al personal de las Fuerzas Armadas y de Seguridad. El Decreto 883\/2010 establece nuevos montos para los haberes del personal militar y tambi\u00e9n del civil perteneciente a los Organismos de Inteligencia de las Fuerzas Armadas.<\/p>\n<p style=\"text-align: justify;\">El incremento se har\u00e1 con un 10% en el mes de julio, y otro 10% en agosto, lo que redondear\u00e1 con otras contribuciones un total de 21% de aumento, que es igual al del personal civil de la Administraci\u00f3n P\u00fablica.<\/p>\n<p style=\"text-align: justify;\">Por intermedio de la norma se faculta a la Comisi\u00f3n T\u00e9cnica Asesora de Pol\u00edtica Salarial del Sector P\u00fablico a dictar las normas interpretativas, aclaratorias y complementarias que resultaren pertinentes para la aplicaci\u00f3n de la medida, y al jefe de Gabinete de Ministros a efectuar las modificaciones presupuestarias necesarias destinadas a financiar el gasto que demande la aplicaci\u00f3n del presente Decreto, a cuyo efecto los titulares de los Ministerios de Defensa y de Justicia, Seguridad y Derechos Humanos realizar\u00e1n las estimaciones pertinentes e impulsar\u00e1n, a trav\u00e9s del Ministerio de Econom\u00eda y Finanzas P\u00fablicas, la instrumentaci\u00f3n de las mismas.<\/p>\n<p style=\"text-align: justify;\">Entre sus considerandos el Decreto detalla que \u201ccon el prop\u00f3sito del Gobierno Nacional de reconocer y mantener una adecuada jerarquizaci\u00f3n en relaci\u00f3n con la capacidad, responsabilidad y dedicaci\u00f3n que la correcta ejecuci\u00f3n de la actividad de los integrantes de los reg\u00edmenes citados precedentemente exige, resulta necesario actualizar las escalas salariales vigentes\u201d.<\/p>\n","protected":false},"excerpt":{"rendered":"<p>El Poder Ejecutivo Nacional oficializ\u00f3 a trav\u00e9s de la publicaci\u00f3n en el Bolet\u00edn Oficial de los incrementos al personal de las Fuerzas Armadas y de Seguridad. El Decreto 883\/2010 establece nuevos montos para los haberes del personal militar y tambi\u00e9n del civil perteneciente a los Organismos de Inteligencia de las Fuerzas Armadas. El incremento se&hellip;<\/p>\n","protected":false},"author":1,"featured_media":0,"comment_status":"open","ping_status":"open","sticky":false,"template":"","format":"standard","meta":{"footnotes":""},"categories":[22],"tags":[357,1523,4083,4084,4085,1215,803],"class_list":["post-8360","post","type-post","status-publish","format-standard","hentry","category-policiales","tag-aumento","tag-decreto","tag-fuerzas-armadas","tag-fuerzas-de-seguridad","tag-organismos","tag-poder-ejecutivo","tag-salarios"],"_links":{"self":[{"href":"https:\/\/www.elsindical.com.ar\/notas\/wp-json\/wp\/v2\/posts\/8360","targetHints":{"allow":["GET"]}}],"collection":[{"href":"https:\/\/www.elsindical.com.ar\/notas\/wp-json\/wp\/v2\/posts"}],"about":[{"href":"https:\/\/www.elsindical.com.ar\/notas\/wp-json\/wp\/v2\/types\/post"}],"author":[{"embeddable":true,"href":"https:\/\/www.elsindical.com.ar\/notas\/wp-json\/wp\/v2\/users\/1"}],"replies":[{"embeddable":true,"href":"https:\/\/www.elsindical.com.ar\/notas\/wp-json\/wp\/v2\/comments?post=8360"}],"version-history":[{"count":3,"href":"https:\/\/www.elsindical.com.ar\/notas\/wp-json\/wp\/v2\/posts\/8360\/revisions"}],"predecessor-version":[{"id":8363,"href":"https:\/\/www.elsindical.com.ar\/notas\/wp-json\/wp\/v2\/posts\/8360\/revisions\/8363"}],"wp:attachment":[{"href":"https:\/\/www.elsindical.com.ar\/notas\/wp-json\/wp\/v2\/media?parent=8360"}],"wp:term":[{"taxonomy":"category","embeddable":true,"href":"https:\/\/www.elsindical.com.ar\/notas\/wp-json\/wp\/v2\/categories?post=8360"},{"taxonomy":"post_tag","embeddable":true,"href":"https:\/\/www.elsindical.com.ar\/notas\/wp-json\/wp\/v2\/tags?post=8360"}],"curies":[{"name":"wp","href":"https:\/\/api.w.org\/{rel}","templated":true}]}}