{"id":83598,"date":"2018-12-21T02:51:24","date_gmt":"2018-12-21T05:51:24","guid":{"rendered":"http:\/\/www.elsindical.com.ar\/notas\/?p=83598"},"modified":"2018-12-21T02:51:24","modified_gmt":"2018-12-21T05:51:24","slug":"avellaneda-trabajadores-de-siam-protestaron-en-el-puente-pueyrredon","status":"publish","type":"post","link":"https:\/\/www.elsindical.com.ar\/notas\/avellaneda-trabajadores-de-siam-protestaron-en-el-puente-pueyrredon\/","title":{"rendered":"Avellaneda: Trabajadores de SIAM protestaron en el Puente Pueyrred\u00f3n"},"content":{"rendered":"\n<figure class=\"wp-block-image\"><img loading=\"lazy\" decoding=\"async\" width=\"1024\" height=\"576\" src=\"http:\/\/www.elsindical.com.ar\/notas\/var\/www\/html\/notas\/wp-content\/uploads\/2018\/12\/SIAM-Puente-Pueyrred\u00f3n-1-1024x576.jpg\" alt=\"\" class=\"wp-image-83599\" srcset=\"https:\/\/www.elsindical.com.ar\/notas\/var\/www\/html\/notas\/wp-content\/uploads\/2018\/12\/SIAM-Puente-Pueyrred\u00f3n-1-1024x576.jpg 1024w, https:\/\/www.elsindical.com.ar\/notas\/var\/www\/html\/notas\/wp-content\/uploads\/2018\/12\/SIAM-Puente-Pueyrred\u00f3n-1-300x169.jpg 300w, https:\/\/www.elsindical.com.ar\/notas\/var\/www\/html\/notas\/wp-content\/uploads\/2018\/12\/SIAM-Puente-Pueyrred\u00f3n-1-768x432.jpg 768w, https:\/\/www.elsindical.com.ar\/notas\/var\/www\/html\/notas\/wp-content\/uploads\/2018\/12\/SIAM-Puente-Pueyrred\u00f3n-1-500x281.jpg 500w, https:\/\/www.elsindical.com.ar\/notas\/var\/www\/html\/notas\/wp-content\/uploads\/2018\/12\/SIAM-Puente-Pueyrred\u00f3n-1-460x260.jpg 460w, https:\/\/www.elsindical.com.ar\/notas\/var\/www\/html\/notas\/wp-content\/uploads\/2018\/12\/SIAM-Puente-Pueyrred\u00f3n-1.jpg 1200w\" sizes=\"auto, (max-width: 1024px) 100vw, 1024px\" \/><\/figure>\n\n\n\n<p class=\"wp-block-paragraph\"> Los operarios despedidos realizaron una  nueva medida de fuerza. Exigen la reincorporaci\u00f3n de la totalidad de los  trabajadores cesanteados. <\/p>\n\n\n\n<p class=\"wp-block-paragraph\">Trabajadores de SIAM cortaron y protestaron en el acceso a Capital  Federal del Puente Pueyrred\u00f3n en reclamo de la reincorporaci\u00f3n de la  totalidad de los trabajadores despedidos.<\/p>\n\n\n\n<p class=\"wp-block-paragraph\">Se mont\u00f3 un gran operativo de seguridad desde las primeras horas de \nla ma\u00f1ana, con la presencia de una gran cantidad de efectivos de la \nPrefectura Naval Argentina (PNA). Los trabajadores iniciaron el corte a \nlas 7.30, al concentrarse en la avenida Mitre, de Avellaneda, sobre el \nacceso del puente.<\/p>\n\n\n\n<p class=\"wp-block-paragraph\">La protesta se mantuvo hasta cerca de las 10 de la ma\u00f1ana. Luego se  dirigieron a La Plata donde tienen previsto participar de una audiencia  en el Ministerio de Trabajo bonaerense. Participaron comisiones de  g\u00e9nero y empleados de otras empresas con conflictos laborales, como es  el caso de Cresta Roja.<\/p>\n\n\n\n<p class=\"wp-block-paragraph\">Los due\u00f1os de SIAM le ofrecieron a los trabajadores la  reincorporaci\u00f3n de siete de los 165 operarios despedidos, tras una  reuni\u00f3n en el Ministerio de Trabajo de la Provincia y, finalmente, un grupo de siete operarios retom\u00f3 sus tareas en la f\u00e1brica de electrodom\u00e9sticos de Avellaneda.<\/p>\n\n\n\n<p class=\"wp-block-paragraph\">\u201cMientras se difunden las estad\u00edsticas que dicen que aument\u00f3 la \npobreza y la desocupaci\u00f3n, tenemos el orgullo de informar que se \nempezaron a efectivizar las primeras siete reincorporaciones, luego de \ncasi dos meses de lucha incansable de los trabajadores, sus familias, \nlos vecinos y cientos de organizaciones solidarias\u201d, resaltaron.<\/p>\n\n\n\n<p class=\"wp-block-paragraph\">Los trabajadores, sin embargo, exigen la reincorporaciones del total \nde los trabajadores y rechazaron la oferta de cobrar el 50 por ciento de\n las indemnizaciones.<\/p>\n\n\n\n<p class=\"wp-block-paragraph\">A pesar de que la reincorporaci\u00f3n de este grupo de operarios es  considerado un \u201clogro\u201d para los trabajadores, advirtieron que  continuar\u00e1n con la lucha. Desde que comenz\u00f3 el conflicto, ya realizaron numerosas medidas de fuerza, que incluyeron marchas, jornadas solidarias, cortes y protestas.<\/p>\n\n\n\n<ul class=\"wp-block-gallery columns-1 is-cropped wp-block-gallery-1 is-layout-flex wp-block-gallery-is-layout-flex\"><li class=\"blocks-gallery-item\"><figure><img loading=\"lazy\" decoding=\"async\" width=\"1024\" height=\"576\" src=\"http:\/\/www.elsindical.com.ar\/notas\/var\/www\/html\/notas\/wp-content\/uploads\/2018\/12\/SIAM-Puente-Pueyrred\u00f3n-3-1024x576.jpg\" alt=\"\" data-id=\"83600\" data-link=\"http:\/\/www.elsindical.com.ar\/notas\/?attachment_id=83600#main\" class=\"wp-image-83600\" srcset=\"https:\/\/www.elsindical.com.ar\/notas\/var\/www\/html\/notas\/wp-content\/uploads\/2018\/12\/SIAM-Puente-Pueyrred\u00f3n-3-1024x576.jpg 1024w, https:\/\/www.elsindical.com.ar\/notas\/var\/www\/html\/notas\/wp-content\/uploads\/2018\/12\/SIAM-Puente-Pueyrred\u00f3n-3-300x169.jpg 300w, https:\/\/www.elsindical.com.ar\/notas\/var\/www\/html\/notas\/wp-content\/uploads\/2018\/12\/SIAM-Puente-Pueyrred\u00f3n-3-768x432.jpg 768w, https:\/\/www.elsindical.com.ar\/notas\/var\/www\/html\/notas\/wp-content\/uploads\/2018\/12\/SIAM-Puente-Pueyrred\u00f3n-3-500x281.jpg 500w, https:\/\/www.elsindical.com.ar\/notas\/var\/www\/html\/notas\/wp-content\/uploads\/2018\/12\/SIAM-Puente-Pueyrred\u00f3n-3-460x260.jpg 460w, https:\/\/www.elsindical.com.ar\/notas\/var\/www\/html\/notas\/wp-content\/uploads\/2018\/12\/SIAM-Puente-Pueyrred\u00f3n-3.jpg 1200w\" sizes=\"auto, (max-width: 1024px) 100vw, 1024px\" \/><\/figure><\/li><li class=\"blocks-gallery-item\"><figure><img loading=\"lazy\" decoding=\"async\" width=\"1024\" height=\"576\" src=\"http:\/\/www.elsindical.com.ar\/notas\/var\/www\/html\/notas\/wp-content\/uploads\/2018\/12\/SIAM-Puente-Pueyrred\u00f3n-2-1024x576.jpg\" alt=\"\" data-id=\"83601\" data-link=\"http:\/\/www.elsindical.com.ar\/notas\/?attachment_id=83601#main\" class=\"wp-image-83601\" srcset=\"https:\/\/www.elsindical.com.ar\/notas\/var\/www\/html\/notas\/wp-content\/uploads\/2018\/12\/SIAM-Puente-Pueyrred\u00f3n-2-1024x576.jpg 1024w, https:\/\/www.elsindical.com.ar\/notas\/var\/www\/html\/notas\/wp-content\/uploads\/2018\/12\/SIAM-Puente-Pueyrred\u00f3n-2-300x169.jpg 300w, https:\/\/www.elsindical.com.ar\/notas\/var\/www\/html\/notas\/wp-content\/uploads\/2018\/12\/SIAM-Puente-Pueyrred\u00f3n-2-768x432.jpg 768w, https:\/\/www.elsindical.com.ar\/notas\/var\/www\/html\/notas\/wp-content\/uploads\/2018\/12\/SIAM-Puente-Pueyrred\u00f3n-2-500x281.jpg 500w, https:\/\/www.elsindical.com.ar\/notas\/var\/www\/html\/notas\/wp-content\/uploads\/2018\/12\/SIAM-Puente-Pueyrred\u00f3n-2-460x260.jpg 460w, https:\/\/www.elsindical.com.ar\/notas\/var\/www\/html\/notas\/wp-content\/uploads\/2018\/12\/SIAM-Puente-Pueyrred\u00f3n-2.jpg 1200w\" sizes=\"auto, (max-width: 1024px) 100vw, 1024px\" \/><\/figure><\/li><\/ul>\n","protected":false},"excerpt":{"rendered":"<p>Los operarios despedidos realizaron una nueva medida de fuerza. Exigen la reincorporaci\u00f3n de la totalidad de los trabajadores cesanteados. Trabajadores de SIAM cortaron y protestaron en el acceso a Capital Federal del Puente Pueyrred\u00f3n en reclamo de la reincorporaci\u00f3n de la totalidad de los trabajadores despedidos. Se mont\u00f3 un gran operativo de seguridad desde las&hellip;<\/p>\n","protected":false},"author":1,"featured_media":83599,"comment_status":"open","ping_status":"open","sticky":false,"template":"","format":"standard","meta":{"footnotes":""},"categories":[16],"tags":[601,514,17260,125],"class_list":["post-83598","post","type-post","status-publish","format-standard","has-post-thumbnail","hentry","category-gremiales","tag-puente-pueyrredon","tag-reclamos","tag-siam","tag-trabajadores"],"_links":{"self":[{"href":"https:\/\/www.elsindical.com.ar\/notas\/wp-json\/wp\/v2\/posts\/83598","targetHints":{"allow":["GET"]}}],"collection":[{"href":"https:\/\/www.elsindical.com.ar\/notas\/wp-json\/wp\/v2\/posts"}],"about":[{"href":"https:\/\/www.elsindical.com.ar\/notas\/wp-json\/wp\/v2\/types\/post"}],"author":[{"embeddable":true,"href":"https:\/\/www.elsindical.com.ar\/notas\/wp-json\/wp\/v2\/users\/1"}],"replies":[{"embeddable":true,"href":"https:\/\/www.elsindical.com.ar\/notas\/wp-json\/wp\/v2\/comments?post=83598"}],"version-history":[{"count":1,"href":"https:\/\/www.elsindical.com.ar\/notas\/wp-json\/wp\/v2\/posts\/83598\/revisions"}],"predecessor-version":[{"id":83602,"href":"https:\/\/www.elsindical.com.ar\/notas\/wp-json\/wp\/v2\/posts\/83598\/revisions\/83602"}],"wp:featuredmedia":[{"embeddable":true,"href":"https:\/\/www.elsindical.com.ar\/notas\/wp-json\/wp\/v2\/media\/83599"}],"wp:attachment":[{"href":"https:\/\/www.elsindical.com.ar\/notas\/wp-json\/wp\/v2\/media?parent=83598"}],"wp:term":[{"taxonomy":"category","embeddable":true,"href":"https:\/\/www.elsindical.com.ar\/notas\/wp-json\/wp\/v2\/categories?post=83598"},{"taxonomy":"post_tag","embeddable":true,"href":"https:\/\/www.elsindical.com.ar\/notas\/wp-json\/wp\/v2\/tags?post=83598"}],"curies":[{"name":"wp","href":"https:\/\/api.w.org\/{rel}","templated":true}]}}